{"id":16818,"date":"2024-04-22T11:43:26","date_gmt":"2024-04-22T09:43:26","guid":{"rendered":"https:\/\/agora.xtec.cat\/escolamossencinto\/?p=16818"},"modified":"2024-04-22T11:43:26","modified_gmt":"2024-04-22T09:43:26","slug":"22-dabril-dia-mundial-de-la-terra-2","status":"publish","type":"post","link":"https:\/\/agora.xtec.cat\/escolamossencinto\/general\/22-dabril-dia-mundial-de-la-terra-2\/","title":{"rendered":"22 D`ABRIL DIA MUNDIAL DE LA TERRA"},"content":{"rendered":"<p><span style=\"font-size: large\"><b><span style=\"color: #43a047\"><span style=\"font-family: Oxygen, Arial, Helvetica, Nimbus Sans L, sans-serif\">Avui, 22 d&#8217;abril, <\/span><span style=\"font-family: Oxygen, Arial, Helvetica, Nimbus Sans L, sans-serif\">es<\/span><span style=\"font-family: Oxygen, Arial, Helvetica, Nimbus Sans L, sans-serif\"> celebra el Dia <\/span><span style=\"font-family: Amiri Quran\">Internacional de la Mare Terra<\/span><\/span><\/b><\/span><\/p>\n<p align=\"left\"><span style=\"font-family: Amiri Quran\"><span style=\"font-size: medium\"><i><b><span style=\"color: #000000\">Nacions Unides, va proclamar el 22 d&#8217;abril del 2009 com el Dia Internacional de la Mare Terra. <\/span><\/b><\/i><\/span><\/span><\/p>\n<p align=\"left\"><span style=\"font-family: Amiri Quran\"><span style=\"font-size: small\"><span style=\"color: #000000\">En aquell moment es va oficialitzar una data per a la conscienciaci\u00f3 que venia reivindicant-se des del 1970, una jornada per reivindicar una soluci\u00f3 per a problemes com la contaminaci\u00f3 o la superpoblaci\u00f3. <b>Aquest <\/b><b>dilluns<\/b><b>, 22 d&#8217;abril del 202<\/b><b>4<\/b>, moltes institucions del planeta se sumen a la conscienciaci\u00f3 com la Conselleria de Medi Ambient i Sostenibilitat.<\/span><\/span><\/span><\/p>\n<p><span style=\"font-family: Amiri Quran\"><span style=\"font-size: small\"><span style=\"color: #000000\">Les Nacions Unides, a la seva p\u00e0gina web, recorda que <i><b>\u201cla Mare Terra clarament ens demana que actuem, <\/b><\/i><i><b>ja que \u201c<\/b><\/i><i><b>La naturalesa pateix\u201d. <\/b><\/i><\/span><\/span><\/span><\/p>\n<p><span style=\"font-family: Amiri Quran\"><span style=\"font-size: small\"><span style=\"color: #000000\">Antonio Guterres, secretari general d&#8217;UN, deixa un missatge: <i>\u201cHem d&#8217;actuar amb decisi\u00f3 per protegir el nostre planeta, tant del coronavirus com de l&#8217;amena\u00e7a existencial de les pertorbacions clim\u00e0tiques\u201d.<\/i><\/span><\/span><\/span><\/p>\n<p><span style=\"font-family: Amiri Quran\"><span style=\"font-size: medium\"><span style=\"color: #000000\"><i>El Dia Internacional de la Mare Terra es celebra amb l<\/i>\u2019objectiu de conscienciar la humanitat sobre els problemes generats per la superpoblaci\u00f3, la contaminaci\u00f3, la conservaci\u00f3 de la biodiversitat i altres preocupacions ambientals.<i><b> <\/b><\/i><\/span><\/span><\/span><\/p>\n<p><span id=\"Marc1\" dir=\"ltr\"><\/span><span style=\"color: #000000\"><span style=\"font-family: Amiri Quran\"><span style=\"font-size: medium\"><i><b>L`Ajuntament de Rub\u00ed, <\/b><\/i><\/span><\/span><\/span> <span style=\"color: #000000\"><span style=\"font-family: Amiri Quran\"><span style=\"font-size: small\">ha organitzat <\/span><\/span><\/span><span style=\"color: #000000\"><span style=\"font-family: Amiri Quran\"><span style=\"font-size: medium\">una serie de recursos I activitats per realitzar aquest dia I durant la setmana podeu consultar-la a la web: <\/span><\/span><\/span><span style=\"font-family: Amiri Quran\"><span style=\"font-size: medium\"><a href=\"https:\/\/www.rubi.cat\/ca\/temes\/medi-ambient\/residus\/diadelaterra\/que-es-el-dia-de-la-terra\">Qu\u00e8 \u00e9s el Dia de la Terra? &#8211; Ajuntament de Rub\u00ed (rubi.cat)<\/a> <\/span><\/span><img loading=\"lazy\" decoding=\"async\" class=\"aligncenter wp-image-15709\" src=\"https:\/\/agora.xtec.cat\/escolamossencinto\/wp-content\/uploads\/usu829\/2023\/01\/dia-edumedio.jpeg\" alt=\"\" width=\"424\" height=\"212\" srcset=\"https:\/\/agora.xtec.cat\/escolamossencinto\/wp-content\/uploads\/usu829\/2023\/01\/dia-edumedio.jpeg 858w, https:\/\/agora.xtec.cat\/escolamossencinto\/wp-content\/uploads\/usu829\/2023\/01\/dia-edumedio-300x150.jpeg 300w, https:\/\/agora.xtec.cat\/escolamossencinto\/wp-content\/uploads\/usu829\/2023\/01\/dia-edumedio-768x384.jpeg 768w\" sizes=\"auto, (max-width: 424px) 100vw, 424px\" \/><\/p>\n","protected":false},"excerpt":{"rendered":"<p>Avui, 22 d&#8217;abril, es celebra el Dia Internacional de la Mare Terra Nacions Unides, va proclamar el 22 d&#8217;abril del 2009 com el Dia Internacional de la Mare Terra. En aquell moment es va oficialitzar una data per a la conscienciaci\u00f3 que venia reivindicant-se des del 1970, una jornada per reivindicar una soluci\u00f3 per a [&hellip;]<\/p>\n","protected":false},"author":5,"featured_media":0,"comment_status":"open","ping_status":"closed","sticky":false,"template":"","format":"standard","meta":{"_bbp_topic_count":0,"_bbp_reply_count":0,"_bbp_total_topic_count":0,"_bbp_total_reply_count":0,"_bbp_voice_count":0,"_bbp_anonymous_reply_count":0,"_bbp_topic_count_hidden":0,"_bbp_reply_count_hidden":0,"_bbp_forum_subforum_count":0,"site-sidebar-layout":"default","site-content-layout":"","ast-site-content-layout":"","site-content-style":"default","site-sidebar-style":"default","ast-global-header-display":"","ast-banner-title-visibility":"","ast-main-header-display":"","ast-hfb-above-header-display":"","ast-hfb-below-header-display":"","ast-hfb-mobile-header-display":"","site-post-title":"","ast-breadcrumbs-content":"","ast-featured-img":"","footer-sml-layout":"","theme-transparent-header-meta":"","adv-header-id-meta":"","stick-header-meta":"","header-above-stick-meta":"","header-main-stick-meta":"","header-below-stick-meta":"","astra-migrate-meta-layouts":"default","ast-page-background-enabled":"default","ast-page-background-meta":{"desktop":{"background-color":"var(--ast-global-color-4)","background-image":"","background-repeat":"repeat","background-position":"center center","background-size":"auto","background-attachment":"scroll","background-type":"","background-media":"","overlay-type":"","overlay-color":"","overlay-opacity":"","overlay-gradient":""},"tablet":{"background-color":"","background-image":"","background-repeat":"repeat","background-position":"center center","background-size":"auto","background-attachment":"scroll","background-type":"","background-media":"","overlay-type":"","overlay-color":"","overlay-opacity":"","overlay-gradient":""},"mobile":{"background-color":"","background-image":"","background-repeat":"repeat","background-position":"center center","background-size":"auto","background-attachment":"scroll","background-type":"","background-media":"","overlay-type":"","overlay-color":"","overlay-opacity":"","overlay-gradient":""}},"ast-content-background-meta":{"desktop":{"background-color":"var(--ast-global-color-5)","background-image":"","background-repeat":"repeat","background-position":"center center","background-size":"auto","background-attachment":"scroll","background-type":"","background-media":"","overlay-type":"","overlay-color":"","overlay-opacity":"","overlay-gradient":""},"tablet":{"background-color":"var(--ast-global-color-5)","background-image":"","background-repeat":"repeat","background-position":"center center","background-size":"auto","background-attachment":"scroll","background-type":"","background-media":"","overlay-type":"","overlay-color":"","overlay-opacity":"","overlay-gradient":""},"mobile":{"background-color":"var(--ast-global-color-5)","background-image":"","background-repeat":"repeat","background-position":"center center","background-size":"auto","background-attachment":"scroll","background-type":"","background-media":"","overlay-type":"","overlay-color":"","overlay-opacity":"","overlay-gradient":""}},"footnotes":""},"categories":[1,35],"tags":[],"class_list":["post-16818","post","type-post","status-publish","format-standard","hentry","category-general","category-medi-ambient"],"post_mailing_queue_ids":[],"_links":{"self":[{"href":"https:\/\/agora.xtec.cat\/escolamossencinto\/wp-json\/wp\/v2\/posts\/16818","targetHints":{"allow":["GET"]}}],"collection":[{"href":"https:\/\/agora.xtec.cat\/escolamossencinto\/wp-json\/wp\/v2\/posts"}],"about":[{"href":"https:\/\/agora.xtec.cat\/escolamossencinto\/wp-json\/wp\/v2\/types\/post"}],"author":[{"embeddable":true,"href":"https:\/\/agora.xtec.cat\/escolamossencinto\/wp-json\/wp\/v2\/users\/5"}],"replies":[{"embeddable":true,"href":"https:\/\/agora.xtec.cat\/escolamossencinto\/wp-json\/wp\/v2\/comments?post=16818"}],"version-history":[{"count":2,"href":"https:\/\/agora.xtec.cat\/escolamossencinto\/wp-json\/wp\/v2\/posts\/16818\/revisions"}],"predecessor-version":[{"id":16820,"href":"https:\/\/agora.xtec.cat\/escolamossencinto\/wp-json\/wp\/v2\/posts\/16818\/revisions\/16820"}],"wp:attachment":[{"href":"https:\/\/agora.xtec.cat\/escolamossencinto\/wp-json\/wp\/v2\/media?parent=16818"}],"wp:term":[{"taxonomy":"category","embeddable":true,"href":"https:\/\/agora.xtec.cat\/escolamossencinto\/wp-json\/wp\/v2\/categories?post=16818"},{"taxonomy":"post_tag","embeddable":true,"href":"https:\/\/agora.xtec.cat\/escolamossencinto\/wp-json\/wp\/v2\/tags?post=16818"}],"curies":[{"name":"wp","href":"https:\/\/api.w.org\/{rel}","templated":true}]}}