{"id":16720,"date":"2024-03-18T14:46:44","date_gmt":"2024-03-18T13:46:44","guid":{"rendered":"https:\/\/agora.xtec.cat\/escolamossencinto\/?p=16720"},"modified":"2024-03-18T14:48:04","modified_gmt":"2024-03-18T13:48:04","slug":"saint-patricks-day","status":"publish","type":"post","link":"https:\/\/agora.xtec.cat\/escolamossencinto\/infantil\/saint-patricks-day\/","title":{"rendered":"Saint Patrick&#8217;s Day"},"content":{"rendered":"<p>Hola fam\u00edlies!<br \/>\nEl divendres passat vam celebrar a l&#8217;escola el dia de <span style=\"color: #339966\"><strong>Saint Patrick&#8217;s Day.\u00a0<\/strong><\/span><br \/>\n<img loading=\"lazy\" decoding=\"async\" class=\"\" src=\"https:\/\/images.vexels.com\/media\/users\/3\/149900\/isolated\/lists\/d6a1601a980f0be1049c4f1eddf847c7-leprechaun-clic-de-dibujos-animados-de-tacones.png\" alt=\"Leprechaun clic de dibujos animados de tacones Dise\u00f1o PNG Transparent PNG\" width=\"134\" height=\"134\" \/><img loading=\"lazy\" decoding=\"async\" class=\"\" src=\"https:\/\/us.123rf.com\/450wm\/3dgenerator\/3dgenerator1712\/3dgenerator171201323\/92047039-ilustraci%C3%B3n-del-d%C3%ADa-de-san-patricio-olla-de-oro-tr%C3%A9bol-arco-iris.jpg\" alt=\"Ilustraci\u00f3n Del D\u00eda De San Patricio - Olla De Oro, Tr\u00e9bol, Arco Iris Fotos, retratos, im\u00e1genes y fotograf\u00eda de archivo libres de derecho. Image 92047039\" width=\"272\" height=\"181\" \/><\/p>\n<p>Els infants van poder gaudir d&#8217;aquesta tradici\u00f3 Irlandesa: anar vestits de verd, dibuixar al Follet M\u00e0gic (Leprechaun) i buscar trebols de quatre fulles per bescanviar-los per monedes de xocolata!<br \/>\nTamb\u00e9 vam poder con\u00e8ixer la m\u00fasica t\u00edpica d&#8217;aquesta festivitat, la m\u00fasica celta.<\/p>\n<p>Per veure les imatges d&#8217;aquesta festa, cal que aneu a la carpeta de fotos del curs del vostre fill\/a.<\/p>\n<p>Aprofitem per deixar-vos per aqu\u00ed alguns dels v\u00eddeos que hem visualitzat amb els infants a les classes d&#8217;angl\u00e8s, per poder con\u00e8ixer una mica m\u00e9s aquesta festivitat:<a href=\"https:\/\/www.youtube.com\/watch?v=xOtJS6AsuaM\"><br \/>\nhttps:\/\/www.youtube.com\/watch?v=xOtJS6AsuaM<\/a><br \/>\n<a href=\"https:\/\/www.youtube.com\/watch?v=BSJsP_EBhR4\">https:\/\/www.youtube.com\/watch?v=BSJsP_EBhR4<\/a><\/p>\n<p>Moltes gr\u00e0cies!<\/p>\n<p>Comunitat de Petits\/es.<\/p>\n","protected":false},"excerpt":{"rendered":"<p>Hola fam\u00edlies! El divendres passat vam celebrar a l&#8217;escola el dia de Saint Patrick&#8217;s Day.\u00a0 Els infants van poder gaudir d&#8217;aquesta tradici\u00f3 Irlandesa: anar vestits de verd, dibuixar al Follet M\u00e0gic (Leprechaun) i buscar trebols de quatre fulles per bescanviar-los per monedes de xocolata! Tamb\u00e9 vam poder con\u00e8ixer la m\u00fasica t\u00edpica d&#8217;aquesta festivitat, la m\u00fasica [&hellip;]<\/p>\n","protected":false},"author":5,"featured_media":16723,"comment_status":"closed","ping_status":"closed","sticky":false,"template":"","format":"standard","meta":{"_bbp_topic_count":0,"_bbp_reply_count":0,"_bbp_total_topic_count":0,"_bbp_total_reply_count":0,"_bbp_voice_count":0,"_bbp_anonymous_reply_count":0,"_bbp_topic_count_hidden":0,"_bbp_reply_count_hidden":0,"_bbp_forum_subforum_count":0,"site-sidebar-layout":"default","site-content-layout":"","ast-site-content-layout":"","site-content-style":"default","site-sidebar-style":"default","ast-global-header-display":"","ast-banner-title-visibility":"","ast-main-header-display":"","ast-hfb-above-header-display":"","ast-hfb-below-header-display":"","ast-hfb-mobile-header-display":"","site-post-title":"","ast-breadcrumbs-content":"","ast-featured-img":"","footer-sml-layout":"","theme-transparent-header-meta":"","adv-header-id-meta":"","stick-header-meta":"","header-above-stick-meta":"","header-main-stick-meta":"","header-below-stick-meta":"","astra-migrate-meta-layouts":"default","ast-page-background-enabled":"default","ast-page-background-meta":{"desktop":{"background-color":"var(--ast-global-color-4)","background-image":"","background-repeat":"repeat","background-position":"center center","background-size":"auto","background-attachment":"scroll","background-type":"","background-media":"","overlay-type":"","overlay-color":"","overlay-opacity":"","overlay-gradient":""},"tablet":{"background-color":"","background-image":"","background-repeat":"repeat","background-position":"center center","background-size":"auto","background-attachment":"scroll","background-type":"","background-media":"","overlay-type":"","overlay-color":"","overlay-opacity":"","overlay-gradient":""},"mobile":{"background-color":"","background-image":"","background-repeat":"repeat","background-position":"center center","background-size":"auto","background-attachment":"scroll","background-type":"","background-media":"","overlay-type":"","overlay-color":"","overlay-opacity":"","overlay-gradient":""}},"ast-content-background-meta":{"desktop":{"background-color":"var(--ast-global-color-5)","background-image":"","background-repeat":"repeat","background-position":"center center","background-size":"auto","background-attachment":"scroll","background-type":"","background-media":"","overlay-type":"","overlay-color":"","overlay-opacity":"","overlay-gradient":""},"tablet":{"background-color":"var(--ast-global-color-5)","background-image":"","background-repeat":"repeat","background-position":"center center","background-size":"auto","background-attachment":"scroll","background-type":"","background-media":"","overlay-type":"","overlay-color":"","overlay-opacity":"","overlay-gradient":""},"mobile":{"background-color":"var(--ast-global-color-5)","background-image":"","background-repeat":"repeat","background-position":"center center","background-size":"auto","background-attachment":"scroll","background-type":"","background-media":"","overlay-type":"","overlay-color":"","overlay-opacity":"","overlay-gradient":""}},"footnotes":""},"categories":[2,3,8,9],"tags":[],"class_list":["post-16720","post","type-post","status-publish","format-standard","has-post-thumbnail","hentry","category-infantil","category-p3","category-p4","category-p5"],"post_mailing_queue_ids":[],"_links":{"self":[{"href":"https:\/\/agora.xtec.cat\/escolamossencinto\/wp-json\/wp\/v2\/posts\/16720","targetHints":{"allow":["GET"]}}],"collection":[{"href":"https:\/\/agora.xtec.cat\/escolamossencinto\/wp-json\/wp\/v2\/posts"}],"about":[{"href":"https:\/\/agora.xtec.cat\/escolamossencinto\/wp-json\/wp\/v2\/types\/post"}],"author":[{"embeddable":true,"href":"https:\/\/agora.xtec.cat\/escolamossencinto\/wp-json\/wp\/v2\/users\/5"}],"replies":[{"embeddable":true,"href":"https:\/\/agora.xtec.cat\/escolamossencinto\/wp-json\/wp\/v2\/comments?post=16720"}],"version-history":[{"count":4,"href":"https:\/\/agora.xtec.cat\/escolamossencinto\/wp-json\/wp\/v2\/posts\/16720\/revisions"}],"predecessor-version":[{"id":16725,"href":"https:\/\/agora.xtec.cat\/escolamossencinto\/wp-json\/wp\/v2\/posts\/16720\/revisions\/16725"}],"wp:featuredmedia":[{"embeddable":true,"href":"https:\/\/agora.xtec.cat\/escolamossencinto\/wp-json\/wp\/v2\/media\/16723"}],"wp:attachment":[{"href":"https:\/\/agora.xtec.cat\/escolamossencinto\/wp-json\/wp\/v2\/media?parent=16720"}],"wp:term":[{"taxonomy":"category","embeddable":true,"href":"https:\/\/agora.xtec.cat\/escolamossencinto\/wp-json\/wp\/v2\/categories?post=16720"},{"taxonomy":"post_tag","embeddable":true,"href":"https:\/\/agora.xtec.cat\/escolamossencinto\/wp-json\/wp\/v2\/tags?post=16720"}],"curies":[{"name":"wp","href":"https:\/\/api.w.org\/{rel}","templated":true}]}}