{"id":16573,"date":"2024-02-21T13:30:55","date_gmt":"2024-02-21T12:30:55","guid":{"rendered":"https:\/\/agora.xtec.cat\/escolamossencinto\/?p=16573"},"modified":"2024-03-14T07:30:08","modified_gmt":"2024-03-14T06:30:08","slug":"el-dia-de-la-pau","status":"publish","type":"post","link":"https:\/\/agora.xtec.cat\/escolamossencinto\/altres-blocs\/coeducacio-igualtat-genere\/el-dia-de-la-pau\/","title":{"rendered":"30 G &#8211; DIA DE LA PAU \u262e\ufe0f"},"content":{"rendered":"<p style=\"text-align: left\">Hola fam\u00edles!<\/p>\n<p>El dia 30 de Gener vam celebrar a l&#8217;escola el dia de la Pau.<\/p>\n<p>A la Comunitat de petits i petites les activitats van anar adre\u00e7ades a treballar les emocions i valors dels infants a trav\u00e9s de contes i can\u00e7ons.<\/p>\n<p>A la Comunitat de mitjans i mitjanes les activitats i din\u00e0miques van buscar treballar de manera grupal la reflexi\u00f3 individual enfocada en la conscienciaci\u00f3 del dolor emocional.<\/p>\n<p>A la Comunitat de grans van treballar la conviv\u00e8ncia pac\u00edfica a trav\u00e9s d&#8217;activitats com el passaparaula, curts i can\u00e7ons.<\/p>\n<p>Aquest dia ens va permetre a tota la comunitat educativa poder reflexionar sobre la import\u00e0ncia de conviure en pau amb un mateix i amb els altres.<\/p>\n<p><img loading=\"lazy\" decoding=\"async\" class=\"aligncenter size-full wp-image-16688\" src=\"https:\/\/agora.xtec.cat\/escolamossencinto\/wp-content\/uploads\/usu829\/2024\/02\/baixa-1.jpg\" alt=\"\" width=\"263\" height=\"192\" \/><\/p>\n<p>&nbsp;<\/p>\n<p>Per veure m\u00e9s imatges de l&#8217;activitat aneu a la carpeta de <span style=\"color: #ff00ff\">coeducaci\u00f3 i igualtat<\/span> que trobareu a les fotos de cada nivell.<\/p>\n<p>&nbsp;<\/p>\n<p>&nbsp;<\/p>\n<p>&nbsp;<\/p>\n","protected":false},"excerpt":{"rendered":"<p>Hola fam\u00edles! El dia 30 de Gener vam celebrar a l&#8217;escola el dia de la Pau. A la Comunitat de petits i petites les activitats van anar adre\u00e7ades a treballar les emocions i valors dels infants a trav\u00e9s de contes i can\u00e7ons. A la Comunitat de mitjans i mitjanes les activitats i din\u00e0miques van buscar [&hellip;]<\/p>\n","protected":false},"author":5,"featured_media":0,"comment_status":"closed","ping_status":"closed","sticky":false,"template":"","format":"standard","meta":{"_bbp_topic_count":0,"_bbp_reply_count":0,"_bbp_total_topic_count":0,"_bbp_total_reply_count":0,"_bbp_voice_count":0,"_bbp_anonymous_reply_count":0,"_bbp_topic_count_hidden":0,"_bbp_reply_count_hidden":0,"_bbp_forum_subforum_count":0,"site-sidebar-layout":"default","site-content-layout":"","ast-site-content-layout":"","site-content-style":"default","site-sidebar-style":"default","ast-global-header-display":"","ast-banner-title-visibility":"","ast-main-header-display":"","ast-hfb-above-header-display":"","ast-hfb-below-header-display":"","ast-hfb-mobile-header-display":"","site-post-title":"","ast-breadcrumbs-content":"","ast-featured-img":"","footer-sml-layout":"","theme-transparent-header-meta":"","adv-header-id-meta":"","stick-header-meta":"","header-above-stick-meta":"","header-main-stick-meta":"","header-below-stick-meta":"","astra-migrate-meta-layouts":"default","ast-page-background-enabled":"default","ast-page-background-meta":{"desktop":{"background-color":"var(--ast-global-color-4)","background-image":"","background-repeat":"repeat","background-position":"center center","background-size":"auto","background-attachment":"scroll","background-type":"","background-media":"","overlay-type":"","overlay-color":"","overlay-opacity":"","overlay-gradient":""},"tablet":{"background-color":"","background-image":"","background-repeat":"repeat","background-position":"center center","background-size":"auto","background-attachment":"scroll","background-type":"","background-media":"","overlay-type":"","overlay-color":"","overlay-opacity":"","overlay-gradient":""},"mobile":{"background-color":"","background-image":"","background-repeat":"repeat","background-position":"center center","background-size":"auto","background-attachment":"scroll","background-type":"","background-media":"","overlay-type":"","overlay-color":"","overlay-opacity":"","overlay-gradient":""}},"ast-content-background-meta":{"desktop":{"background-color":"var(--ast-global-color-5)","background-image":"","background-repeat":"repeat","background-position":"center center","background-size":"auto","background-attachment":"scroll","background-type":"","background-media":"","overlay-type":"","overlay-color":"","overlay-opacity":"","overlay-gradient":""},"tablet":{"background-color":"var(--ast-global-color-5)","background-image":"","background-repeat":"repeat","background-position":"center center","background-size":"auto","background-attachment":"scroll","background-type":"","background-media":"","overlay-type":"","overlay-color":"","overlay-opacity":"","overlay-gradient":""},"mobile":{"background-color":"var(--ast-global-color-5)","background-image":"","background-repeat":"repeat","background-position":"center center","background-size":"auto","background-attachment":"scroll","background-type":"","background-media":"","overlay-type":"","overlay-color":"","overlay-opacity":"","overlay-gradient":""}},"footnotes":""},"categories":[36],"tags":[],"class_list":["post-16573","post","type-post","status-publish","format-standard","hentry","category-coeducacio-igualtat-genere"],"post_mailing_queue_ids":[],"_links":{"self":[{"href":"https:\/\/agora.xtec.cat\/escolamossencinto\/wp-json\/wp\/v2\/posts\/16573","targetHints":{"allow":["GET"]}}],"collection":[{"href":"https:\/\/agora.xtec.cat\/escolamossencinto\/wp-json\/wp\/v2\/posts"}],"about":[{"href":"https:\/\/agora.xtec.cat\/escolamossencinto\/wp-json\/wp\/v2\/types\/post"}],"author":[{"embeddable":true,"href":"https:\/\/agora.xtec.cat\/escolamossencinto\/wp-json\/wp\/v2\/users\/5"}],"replies":[{"embeddable":true,"href":"https:\/\/agora.xtec.cat\/escolamossencinto\/wp-json\/wp\/v2\/comments?post=16573"}],"version-history":[{"count":6,"href":"https:\/\/agora.xtec.cat\/escolamossencinto\/wp-json\/wp\/v2\/posts\/16573\/revisions"}],"predecessor-version":[{"id":16696,"href":"https:\/\/agora.xtec.cat\/escolamossencinto\/wp-json\/wp\/v2\/posts\/16573\/revisions\/16696"}],"wp:attachment":[{"href":"https:\/\/agora.xtec.cat\/escolamossencinto\/wp-json\/wp\/v2\/media?parent=16573"}],"wp:term":[{"taxonomy":"category","embeddable":true,"href":"https:\/\/agora.xtec.cat\/escolamossencinto\/wp-json\/wp\/v2\/categories?post=16573"},{"taxonomy":"post_tag","embeddable":true,"href":"https:\/\/agora.xtec.cat\/escolamossencinto\/wp-json\/wp\/v2\/tags?post=16573"}],"curies":[{"name":"wp","href":"https:\/\/api.w.org\/{rel}","templated":true}]}}