{"id":16512,"date":"2024-01-22T18:37:37","date_gmt":"2024-01-22T17:37:37","guid":{"rendered":"https:\/\/agora.xtec.cat\/escolamossencinto\/?p=16512"},"modified":"2024-01-22T18:37:37","modified_gmt":"2024-01-22T17:37:37","slug":"carnaval-2024","status":"publish","type":"post","link":"https:\/\/agora.xtec.cat\/escolamossencinto\/general\/carnaval-2024\/","title":{"rendered":"Carnaval 2024"},"content":{"rendered":"<p>Bona tarda fam\u00edlies i alumnes!<\/p>\n<p>Ja estem a les portes d&#8217;una nova edici\u00f3 del Carnaval del Cinto. Us deixem algunes informacions que de ben segur seran del vostre inter\u00e8s.<\/p>\n<p>Un parell de detalls que us voldr\u00edem remarcar:<\/p>\n<ul>\n<li>Divendres 9 de febrer al mat\u00ed; Festa de Carnaval de l&#8217;escola. Els nens i nenes han de venir disfressats segons les indicacions dels tutors o tutores, tots iguals amb la seva classe. A les 11h farem la tradicional rua pels carrers del voltant de l&#8217;escola.<\/li>\n<li>Divendres 9 de febrer a la tarda; Concurs de Comparses. Nens i nenes de 3r a 6\u00e8 poden crear una comparsa per presentar la seva disfressa a la resta de l&#8217;escola. Les fam\u00edlies tamb\u00e9 esteu convidades a crear la vostra comparsa i participar de la nostra festa.<\/li>\n<\/ul>\n<p>Tota aquesta informaci\u00f3 i molta m\u00e9s en els documents adjunts.<\/p>\n<p>Que comenci la gresca!<\/p>\n<p><a href=\"https:\/\/agora.xtec.cat\/escolamossencinto\/wp-content\/uploads\/usu829\/2024\/01\/Full-per-families-i-bloc-Carnaval-2024.pdf\">Full per fam\u00edlies i bloc Carnaval 2024<\/a><\/p>\n<p><a href=\"https:\/\/agora.xtec.cat\/escolamossencinto\/wp-content\/uploads\/usu829\/2024\/01\/Normes-Comparses-2024.pdf\">Normes Comparses 2024<\/a><\/p>\n<p><a href=\"https:\/\/agora.xtec.cat\/escolamossencinto\/wp-content\/uploads\/usu829\/2024\/01\/INSCRIPCIO-COMPARSES-ADULTS-2023-.pdf\">INSCRIPCI\u00d3 COMPARSES ADULTS 2023<\/a><\/p>\n<p><a href=\"https:\/\/agora.xtec.cat\/escolamossencinto\/wp-content\/uploads\/usu829\/2024\/01\/INSCRIPCIO-COMPARSES-ALUMNAT-2024.pdf\">INSCRIPCI\u00d3 COMPARSES ALUMNAT 2024<\/a><\/p>\n","protected":false},"excerpt":{"rendered":"<p>Bona tarda fam\u00edlies i alumnes! Ja estem a les portes d&#8217;una nova edici\u00f3 del Carnaval del Cinto. Us deixem algunes informacions que de ben segur seran del vostre inter\u00e8s. Un parell de detalls que us voldr\u00edem remarcar: Divendres 9 de febrer al mat\u00ed; Festa de Carnaval de l&#8217;escola. Els nens i nenes han de venir [&hellip;]<\/p>\n","protected":false},"author":1,"featured_media":16516,"comment_status":"closed","ping_status":"closed","sticky":false,"template":"","format":"standard","meta":{"_bbp_topic_count":0,"_bbp_reply_count":0,"_bbp_total_topic_count":0,"_bbp_total_reply_count":0,"_bbp_voice_count":0,"_bbp_anonymous_reply_count":0,"_bbp_topic_count_hidden":0,"_bbp_reply_count_hidden":0,"_bbp_forum_subforum_count":0,"site-sidebar-layout":"default","site-content-layout":"","ast-site-content-layout":"","site-content-style":"default","site-sidebar-style":"default","ast-global-header-display":"","ast-banner-title-visibility":"","ast-main-header-display":"","ast-hfb-above-header-display":"","ast-hfb-below-header-display":"","ast-hfb-mobile-header-display":"","site-post-title":"","ast-breadcrumbs-content":"","ast-featured-img":"","footer-sml-layout":"","theme-transparent-header-meta":"","adv-header-id-meta":"","stick-header-meta":"","header-above-stick-meta":"","header-main-stick-meta":"","header-below-stick-meta":"","astra-migrate-meta-layouts":"default","ast-page-background-enabled":"default","ast-page-background-meta":{"desktop":{"background-color":"var(--ast-global-color-4)","background-image":"","background-repeat":"repeat","background-position":"center center","background-size":"auto","background-attachment":"scroll","background-type":"","background-media":"","overlay-type":"","overlay-color":"","overlay-opacity":"","overlay-gradient":""},"tablet":{"background-color":"","background-image":"","background-repeat":"repeat","background-position":"center center","background-size":"auto","background-attachment":"scroll","background-type":"","background-media":"","overlay-type":"","overlay-color":"","overlay-opacity":"","overlay-gradient":""},"mobile":{"background-color":"","background-image":"","background-repeat":"repeat","background-position":"center center","background-size":"auto","background-attachment":"scroll","background-type":"","background-media":"","overlay-type":"","overlay-color":"","overlay-opacity":"","overlay-gradient":""}},"ast-content-background-meta":{"desktop":{"background-color":"var(--ast-global-color-5)","background-image":"","background-repeat":"repeat","background-position":"center center","background-size":"auto","background-attachment":"scroll","background-type":"","background-media":"","overlay-type":"","overlay-color":"","overlay-opacity":"","overlay-gradient":""},"tablet":{"background-color":"var(--ast-global-color-5)","background-image":"","background-repeat":"repeat","background-position":"center center","background-size":"auto","background-attachment":"scroll","background-type":"","background-media":"","overlay-type":"","overlay-color":"","overlay-opacity":"","overlay-gradient":""},"mobile":{"background-color":"var(--ast-global-color-5)","background-image":"","background-repeat":"repeat","background-position":"center center","background-size":"auto","background-attachment":"scroll","background-type":"","background-media":"","overlay-type":"","overlay-color":"","overlay-opacity":"","overlay-gradient":""}},"footnotes":""},"categories":[1,4],"tags":[64,835],"class_list":["post-16512","post","type-post","status-publish","format-standard","has-post-thumbnail","hentry","category-general","category-portada","tag-carnaval","tag-carnestoltes24"],"post_mailing_queue_ids":[],"_links":{"self":[{"href":"https:\/\/agora.xtec.cat\/escolamossencinto\/wp-json\/wp\/v2\/posts\/16512","targetHints":{"allow":["GET"]}}],"collection":[{"href":"https:\/\/agora.xtec.cat\/escolamossencinto\/wp-json\/wp\/v2\/posts"}],"about":[{"href":"https:\/\/agora.xtec.cat\/escolamossencinto\/wp-json\/wp\/v2\/types\/post"}],"author":[{"embeddable":true,"href":"https:\/\/agora.xtec.cat\/escolamossencinto\/wp-json\/wp\/v2\/users\/1"}],"replies":[{"embeddable":true,"href":"https:\/\/agora.xtec.cat\/escolamossencinto\/wp-json\/wp\/v2\/comments?post=16512"}],"version-history":[{"count":3,"href":"https:\/\/agora.xtec.cat\/escolamossencinto\/wp-json\/wp\/v2\/posts\/16512\/revisions"}],"predecessor-version":[{"id":16521,"href":"https:\/\/agora.xtec.cat\/escolamossencinto\/wp-json\/wp\/v2\/posts\/16512\/revisions\/16521"}],"wp:featuredmedia":[{"embeddable":true,"href":"https:\/\/agora.xtec.cat\/escolamossencinto\/wp-json\/wp\/v2\/media\/16516"}],"wp:attachment":[{"href":"https:\/\/agora.xtec.cat\/escolamossencinto\/wp-json\/wp\/v2\/media?parent=16512"}],"wp:term":[{"taxonomy":"category","embeddable":true,"href":"https:\/\/agora.xtec.cat\/escolamossencinto\/wp-json\/wp\/v2\/categories?post=16512"},{"taxonomy":"post_tag","embeddable":true,"href":"https:\/\/agora.xtec.cat\/escolamossencinto\/wp-json\/wp\/v2\/tags?post=16512"}],"curies":[{"name":"wp","href":"https:\/\/api.w.org\/{rel}","templated":true}]}}