{"id":16434,"date":"2023-11-05T19:11:56","date_gmt":"2023-11-05T18:11:56","guid":{"rendered":"https:\/\/agora.xtec.cat\/escolamossencinto\/?p=16434"},"modified":"2023-11-05T21:03:44","modified_gmt":"2023-11-05T20:03:44","slug":"eleccions-al-consell-escolar-2023","status":"publish","type":"post","link":"https:\/\/agora.xtec.cat\/escolamossencinto\/general\/eleccions-al-consell-escolar-2023\/","title":{"rendered":"Eleccions al Consell Escolar 2023"},"content":{"rendered":"<div><span style=\"color: #0000ff; font-family: verdana, sans-serif;\"><b>ELECCIONS CONSELL ESCOLAR 2023<\/b><\/span><\/div>\n<div><span style=\"font-family: verdana, sans-serif;\">\u00a0<\/span><\/div>\n<div><span style=\"font-family: verdana, sans-serif;\">\u00a0<\/span><\/div>\n<div>\n<p><span style=\"font-family: verdana, sans-serif;\">El Departament d&#8217;Educaci\u00f3 ha convocat eleccions per tal de renovar els representants als Consells Escolars dels Centres Docents p\u00fablics de Catalunya. El proc\u00e9s electoral s\u2019efectuar\u00e0 per renovar la meitat dels membres de cadascun del sectors que formen els consells escolars.<span id=\"m_1868726953988661255gmail-more-1975\"><\/span><\/span><\/p>\n<p><span style=\"font-family: verdana, sans-serif;\"><strong><u>Qu\u00e8 \u00e9s un Consell Escolar<\/u><\/strong><strong>\u00a0?<\/strong><\/span><\/p>\n<p><span style=\"font-family: verdana, sans-serif;\">El Consell Escolar del centre \u00e9s l\u2019\u00f2rgan de participaci\u00f3 de la comunitat escolar en el govern del centre, amb funcions en l&#8217;\u00e0mbit de la programaci\u00f3 general, i en el seguiment i avaluaci\u00f3 de les seves activitats.<\/span><\/p>\n<p><span style=\"font-family: verdana, sans-serif;\"><span style=\"color: #444444;\">Els membres del Consell Escolar s\u00f3n escollits per quatre anys. Cada dos anys es renova la meitat dels membres representants de mestres i la meitat dels membres representants del sector fam\u00edlies\u00a0<\/span>d&#8217;alumnes<span style=\"color: #444444;\">.\u00a0<\/span><strong><span style=\"color: #444444;\">E<\/span><u><span style=\"color: #444444;\">nguany cal escollir 4 membres del sector pares<\/span><\/u><\/strong><\/span><\/p>\n<p><strong><u><span style=\"font-family: verdana, sans-serif;\">Quina \u00e9s la composici\u00f3 del Consell Escolar de la nostra escola:<\/span><\/u><\/strong><\/p>\n<ul>\n<li><span style=\"font-family: verdana, sans-serif;\">La directora del centre, que n\u2019\u00e9s la presidenta\u00a0<\/span><\/li>\n<li><span style=\"font-family: verdana, sans-serif;\">La cap d&#8217;estudis.<\/span><\/li>\n<li><span style=\"font-family: verdana, sans-serif;\">El secretari (amb veu per\u00f2 sense vot).<\/span><\/li>\n<li><span style=\"font-family: verdana, sans-serif;\">1 representant de l&#8217;Ajuntament.<\/span><\/li>\n<li><span style=\"font-family: verdana, sans-serif;\">5 mestres elegits pel Claustre.<\/span><\/li>\n<li><span style=\"font-family: verdana, sans-serif;\">5 pares\/mares elegits entre ells, incl\u00f2s 1 representant de l&#8217;AFA.<\/span><\/li>\n<li><span style=\"font-family: verdana, sans-serif;\"><span style=\"color: #444444;\">1 representant del personal\u00a0<\/span>d&#8217;administraci\u00f3<span style=\"color: #444444;\"> i serveis (PAS) i personal <\/span>d&#8217;atenci\u00f3<span style=\"color: #444444;\">\u00a0educativa (PAE)\u00a0<\/span><\/span><\/li>\n<\/ul>\n<p><span style=\"font-family: verdana, sans-serif;\">TOTAL = 16 membres del Consell Escolar del Centre.<\/span><\/p>\n<p><span style=\"font-family: verdana, sans-serif;\">Tots ells han de ser elegits per cadascun dels sectors corresponents (sector fam\u00edlies, sector mestres, sector PAS\/PAE). Excepte:<\/span><\/p>\n<ul>\n<li><span style=\"font-family: verdana, sans-serif;\">La directora, la cap d&#8217;estudis i el secretari.<\/span><\/li>\n<li><span style=\"font-family: verdana, sans-serif;\">La representant de l&#8217;Ajuntament.<\/span><\/li>\n<li><span style=\"font-family: verdana, sans-serif;\">La representant de l&#8217;AFA que la designa la pr\u00f2pia associaci\u00f3.<\/span><\/li>\n<\/ul>\n<p><span style=\"font-family: verdana, sans-serif;\"><strong><u>Qui t\u00e9 dret de vot<\/u><\/strong><strong>\u00a0?<\/strong><\/span><\/p>\n<p><span style=\"font-family: verdana, sans-serif;\">Tots els pares, mares i els\/les tutors\/es legals, els fills i filles dels quals estiguin matriculats\/des al centre en el moment de la convocat\u00f2ria de les eleccions.<\/span><\/p>\n<p><strong><a href=\"https:\/\/educacio.gencat.cat\/ca\/arees-actuacio\/centres-serveis-educatius\/centres\/consells-escolars-centres\/participar-families\/\" target=\"_blank\" rel=\"noopener\"><span style=\"font-family: verdana, sans-serif;\">Per qu\u00e8 \u00e9s important que participeu les fam\u00edlies ?<\/span><\/a><\/strong><\/p>\n<p><strong><u><span style=\"font-family: verdana, sans-serif;\">Procediment d&#8217;elecci\u00f3 o renovaci\u00f3 dels membres del Consell Escolar. SECTOR PARES<\/span><\/u><\/strong><\/p>\n<ul>\n<li><span style=\"font-family: verdana, sans-serif;\">A partir del\u00a0<b><i>dilluns 6 de novembre fins al dimecres 8 de novembre<\/i><\/b>\u00a0 podeu comprovar el cens de mares i pares.\u00a0\u00a0\u00a0Aquest llistat el trobareu\u00a0a sobre del moble blanc de la porta principal de l&#8217;escola.<\/span><\/li>\n<li><span style=\"font-family: verdana, sans-serif;\"><span style=\"color: #444444;\">Poden ser\u00a0<\/span><u>candidats\/des al sector pares<\/u><span style=\"color: #444444;\">: tots els pares o mares o tutors legals d\u2019alumnes del centre.\u00a0<\/span><strong>Per ser candidat cal omplir un impr\u00e8s que podeu recollir a l&#8217;escola i que tamb\u00e9 trobareu aqu\u00ed a l\u2019article<\/strong><span style=\"color: #444444;\">. Hi ha temps fins el 8 de novembre. Adjuntem el document\u00a0<a href=\"https:\/\/drive.google.com\/file\/d\/1DGcaFzmoqiOvis5dbs83Nl9LnN6jFJZP\/view?usp=drive_link\">Document candidatura<\/a><\/span><\/span><\/li>\n<li><span style=\"font-family: verdana, sans-serif;\"><u>Votacions:<\/u>\u00a0el\u00a0 22 de Novembre: les votacions s\u00f3n personals, directes i secretes. Pot votar tant el pare com la mare o tutor\/a legal dels alumnes escolaritzats en el Centre.<\/span><\/li>\n<li><span style=\"font-family: verdana, sans-serif;\"><u>Mesa electoral<\/u>: A la mesa electoral hi haur\u00e0 un\/a mestre\/a i dos pares o mares voluntaris. Actuar\u00e0 de secretari\/a el pare o mare de menys edat.<\/span><\/li>\n<\/ul>\n<\/div>\n<div><span style=\"font-family: arial, sans-serif;\">\u00a0<\/span><\/div>\n<div><span style=\"font-family: arial, sans-serif;\">\u00a0<\/span><\/div>\n<div>\n<div><span style=\"font-family: verdana, sans-serif;\">El\u00a0<b><i>Dijous 9 de novembre<\/i><\/b>\u00a0es publicar\u00e0 el llistat de les persones que han presentat la seva candidatura.<\/span><\/div>\n<div><span style=\"font-family: verdana, sans-serif;\">\u00a0<\/span><\/div>\n<div><span style=\"color: #0000ff; font-family: verdana, sans-serif; font-size: large;\"><b>Animeu-vos a participar, tots sumem al Cinto!<\/b><\/span><\/div>\n<div><span style=\"color: #0000ff; font-family: verdana, sans-serif; font-size: large;\"><b><img loading=\"lazy\" decoding=\"async\" class=\"\" src=\"https:\/\/encrypted-tbn0.gstatic.com\/images?q=tbn:ANd9GcQ_Apwp9JQ9Qo4X1_LJZQcZI8EDDDFBY0Gj49VrL3SH9Aoss4E4\" width=\"218\" height=\"111\" \/><\/b><\/span><\/div>\n<div><\/div>\n<div><span style=\"font-family: verdana, sans-serif;\">Atentament,\u00a0<\/span><\/div>\n<div><span style=\"font-family: verdana, sans-serif;\">\u00a0<\/span><\/div>\n<div><span style=\"font-family: verdana, sans-serif;\">L&#8217;Equip Directiu<\/span><\/div>\n<\/div>\n","protected":false},"excerpt":{"rendered":"<p>ELECCIONS CONSELL ESCOLAR 2023 \u00a0 \u00a0 El Departament d&#8217;Educaci\u00f3 ha convocat eleccions per tal de renovar els representants als Consells Escolars dels Centres Docents p\u00fablics de Catalunya. El proc\u00e9s electoral s\u2019efectuar\u00e0 per renovar la meitat dels membres de cadascun del sectors que formen els consells escolars. Qu\u00e8 \u00e9s un Consell Escolar\u00a0? El Consell Escolar del [&hellip;]<\/p>\n","protected":false},"author":1,"featured_media":0,"comment_status":"closed","ping_status":"closed","sticky":false,"template":"","format":"standard","meta":{"_bbp_topic_count":0,"_bbp_reply_count":0,"_bbp_total_topic_count":0,"_bbp_total_reply_count":0,"_bbp_voice_count":0,"_bbp_anonymous_reply_count":0,"_bbp_topic_count_hidden":0,"_bbp_reply_count_hidden":0,"_bbp_forum_subforum_count":0,"site-sidebar-layout":"default","site-content-layout":"","ast-site-content-layout":"","site-content-style":"default","site-sidebar-style":"default","ast-global-header-display":"","ast-banner-title-visibility":"","ast-main-header-display":"","ast-hfb-above-header-display":"","ast-hfb-below-header-display":"","ast-hfb-mobile-header-display":"","site-post-title":"","ast-breadcrumbs-content":"","ast-featured-img":"","footer-sml-layout":"","theme-transparent-header-meta":"","adv-header-id-meta":"","stick-header-meta":"","header-above-stick-meta":"","header-main-stick-meta":"","header-below-stick-meta":"","astra-migrate-meta-layouts":"default","ast-page-background-enabled":"default","ast-page-background-meta":{"desktop":{"background-color":"var(--ast-global-color-4)","background-image":"","background-repeat":"repeat","background-position":"center center","background-size":"auto","background-attachment":"scroll","background-type":"","background-media":"","overlay-type":"","overlay-color":"","overlay-opacity":"","overlay-gradient":""},"tablet":{"background-color":"","background-image":"","background-repeat":"repeat","background-position":"center center","background-size":"auto","background-attachment":"scroll","background-type":"","background-media":"","overlay-type":"","overlay-color":"","overlay-opacity":"","overlay-gradient":""},"mobile":{"background-color":"","background-image":"","background-repeat":"repeat","background-position":"center center","background-size":"auto","background-attachment":"scroll","background-type":"","background-media":"","overlay-type":"","overlay-color":"","overlay-opacity":"","overlay-gradient":""}},"ast-content-background-meta":{"desktop":{"background-color":"var(--ast-global-color-5)","background-image":"","background-repeat":"repeat","background-position":"center center","background-size":"auto","background-attachment":"scroll","background-type":"","background-media":"","overlay-type":"","overlay-color":"","overlay-opacity":"","overlay-gradient":""},"tablet":{"background-color":"var(--ast-global-color-5)","background-image":"","background-repeat":"repeat","background-position":"center center","background-size":"auto","background-attachment":"scroll","background-type":"","background-media":"","overlay-type":"","overlay-color":"","overlay-opacity":"","overlay-gradient":""},"mobile":{"background-color":"var(--ast-global-color-5)","background-image":"","background-repeat":"repeat","background-position":"center center","background-size":"auto","background-attachment":"scroll","background-type":"","background-media":"","overlay-type":"","overlay-color":"","overlay-opacity":"","overlay-gradient":""}},"footnotes":""},"categories":[1,4],"tags":[630],"class_list":["post-16434","post","type-post","status-publish","format-standard","hentry","category-general","category-portada","tag-eleccions-al-consell-escolar"],"post_mailing_queue_ids":[],"_links":{"self":[{"href":"https:\/\/agora.xtec.cat\/escolamossencinto\/wp-json\/wp\/v2\/posts\/16434","targetHints":{"allow":["GET"]}}],"collection":[{"href":"https:\/\/agora.xtec.cat\/escolamossencinto\/wp-json\/wp\/v2\/posts"}],"about":[{"href":"https:\/\/agora.xtec.cat\/escolamossencinto\/wp-json\/wp\/v2\/types\/post"}],"author":[{"embeddable":true,"href":"https:\/\/agora.xtec.cat\/escolamossencinto\/wp-json\/wp\/v2\/users\/1"}],"replies":[{"embeddable":true,"href":"https:\/\/agora.xtec.cat\/escolamossencinto\/wp-json\/wp\/v2\/comments?post=16434"}],"version-history":[{"count":2,"href":"https:\/\/agora.xtec.cat\/escolamossencinto\/wp-json\/wp\/v2\/posts\/16434\/revisions"}],"predecessor-version":[{"id":16437,"href":"https:\/\/agora.xtec.cat\/escolamossencinto\/wp-json\/wp\/v2\/posts\/16434\/revisions\/16437"}],"wp:attachment":[{"href":"https:\/\/agora.xtec.cat\/escolamossencinto\/wp-json\/wp\/v2\/media?parent=16434"}],"wp:term":[{"taxonomy":"category","embeddable":true,"href":"https:\/\/agora.xtec.cat\/escolamossencinto\/wp-json\/wp\/v2\/categories?post=16434"},{"taxonomy":"post_tag","embeddable":true,"href":"https:\/\/agora.xtec.cat\/escolamossencinto\/wp-json\/wp\/v2\/tags?post=16434"}],"curies":[{"name":"wp","href":"https:\/\/api.w.org\/{rel}","templated":true}]}}