{"id":16430,"date":"2023-11-03T13:11:33","date_gmt":"2023-11-03T12:11:33","guid":{"rendered":"https:\/\/agora.xtec.cat\/escolamossencinto\/?p=16430"},"modified":"2023-11-03T13:11:33","modified_gmt":"2023-11-03T12:11:33","slug":"fas-6-anys-tria-un-llibre","status":"publish","type":"post","link":"https:\/\/agora.xtec.cat\/escolamossencinto\/general\/fas-6-anys-tria-un-llibre\/","title":{"rendered":"Fas 6 anys? Tria un llibre!"},"content":{"rendered":"<p><a href=\"https:\/\/agora.xtec.cat\/escolamossencinto\/wp-content\/uploads\/usu829\/2023\/11\/fas-6-anys.png\"><img loading=\"lazy\" decoding=\"async\" class=\"aligncenter size-full wp-image-16431\" src=\"https:\/\/agora.xtec.cat\/escolamossencinto\/wp-content\/uploads\/usu829\/2023\/11\/fas-6-anys.png\" alt=\"\" width=\"761\" height=\"671\" srcset=\"https:\/\/agora.xtec.cat\/escolamossencinto\/wp-content\/uploads\/usu829\/2023\/11\/fas-6-anys.png 761w, https:\/\/agora.xtec.cat\/escolamossencinto\/wp-content\/uploads\/usu829\/2023\/11\/fas-6-anys-300x265.png 300w\" sizes=\"auto, (max-width: 761px) 100vw, 761px\" \/><\/a><\/p>\n<p>Aquests dies els alumnes nascuts el 2017 estan rebent a casa els vals de la\u00a0campanya \u2018<b>Fas 6 anys. Tria un llibre\u2019<\/b>\u00a0del Departament de Cultura i del Gremi de Llibreters\u00a0i amb la qual el Departament d\u2019Educaci\u00f3 hi col\u00b7labora estretament. Aquesta \u00e9s una de les mesures del Pla nacional del llibre i la lectura que va aprovar el Govern el passat 14 de juliol, que t\u00e9 per objectiu fomentar la lectura al conjunt de la societat.<u><\/u><u><\/u><\/p>\n<p>Aquesta campanya en concret vol fomentar la participaci\u00f3 dels infants i descobrir el teixit de llibreries del territori i permetre\u2019ls escollir un llibre acompanyats d\u2019un adult, amb l\u2019assessorament expert del personal de la llibreria. Aquesta acci\u00f3 tamb\u00e9 pret\u00e9n encomanar entre l\u2019alumnat dels grups classe implicats la il\u00b7lusi\u00f3 de compartir els llibres i contagiar la passi\u00f3 de viure aventures a trav\u00e9s de la lectura. Tota la informaci\u00f3 aix\u00ed com la relaci\u00f3 de llibreries adherides es pot trobar al web <a>icec.gencat.cat\/fas6anys<\/a>.<u><\/u><u><\/u><\/p>\n<p>L\u2019operativa de la campanya \u00e9s la mateixa que cada any: l\u2019infant que fa o hagi fet 6 anys durant aquest 2023, rebr\u00e0 a casa una targeta que el convidar\u00e0 a anar a la llibreria m\u00e9s propera on podr\u00e0 bescanviar-la pel llibre que m\u00e9s li agradi per un import de fins a 13\u20ac.<\/p>\n<p>&nbsp;<\/p>\n","protected":false},"excerpt":{"rendered":"<p>Aquests dies els alumnes nascuts el 2017 estan rebent a casa els vals de la\u00a0campanya \u2018Fas 6 anys. Tria un llibre\u2019\u00a0del Departament de Cultura i del Gremi de Llibreters\u00a0i amb la qual el Departament d\u2019Educaci\u00f3 hi col\u00b7labora estretament. Aquesta \u00e9s una de les mesures del Pla nacional del llibre i la lectura que va aprovar [&hellip;]<\/p>\n","protected":false},"author":1,"featured_media":16431,"comment_status":"closed","ping_status":"closed","sticky":false,"template":"","format":"standard","meta":{"_bbp_topic_count":0,"_bbp_reply_count":0,"_bbp_total_topic_count":0,"_bbp_total_reply_count":0,"_bbp_voice_count":0,"_bbp_anonymous_reply_count":0,"_bbp_topic_count_hidden":0,"_bbp_reply_count_hidden":0,"_bbp_forum_subforum_count":0,"site-sidebar-layout":"default","site-content-layout":"","ast-site-content-layout":"","site-content-style":"default","site-sidebar-style":"default","ast-global-header-display":"","ast-banner-title-visibility":"","ast-main-header-display":"","ast-hfb-above-header-display":"","ast-hfb-below-header-display":"","ast-hfb-mobile-header-display":"","site-post-title":"","ast-breadcrumbs-content":"","ast-featured-img":"","footer-sml-layout":"","theme-transparent-header-meta":"","adv-header-id-meta":"","stick-header-meta":"","header-above-stick-meta":"","header-main-stick-meta":"","header-below-stick-meta":"","astra-migrate-meta-layouts":"default","ast-page-background-enabled":"default","ast-page-background-meta":{"desktop":{"background-color":"var(--ast-global-color-4)","background-image":"","background-repeat":"repeat","background-position":"center center","background-size":"auto","background-attachment":"scroll","background-type":"","background-media":"","overlay-type":"","overlay-color":"","overlay-opacity":"","overlay-gradient":""},"tablet":{"background-color":"","background-image":"","background-repeat":"repeat","background-position":"center center","background-size":"auto","background-attachment":"scroll","background-type":"","background-media":"","overlay-type":"","overlay-color":"","overlay-opacity":"","overlay-gradient":""},"mobile":{"background-color":"","background-image":"","background-repeat":"repeat","background-position":"center center","background-size":"auto","background-attachment":"scroll","background-type":"","background-media":"","overlay-type":"","overlay-color":"","overlay-opacity":"","overlay-gradient":""}},"ast-content-background-meta":{"desktop":{"background-color":"var(--ast-global-color-5)","background-image":"","background-repeat":"repeat","background-position":"center center","background-size":"auto","background-attachment":"scroll","background-type":"","background-media":"","overlay-type":"","overlay-color":"","overlay-opacity":"","overlay-gradient":""},"tablet":{"background-color":"var(--ast-global-color-5)","background-image":"","background-repeat":"repeat","background-position":"center center","background-size":"auto","background-attachment":"scroll","background-type":"","background-media":"","overlay-type":"","overlay-color":"","overlay-opacity":"","overlay-gradient":""},"mobile":{"background-color":"var(--ast-global-color-5)","background-image":"","background-repeat":"repeat","background-position":"center center","background-size":"auto","background-attachment":"scroll","background-type":"","background-media":"","overlay-type":"","overlay-color":"","overlay-opacity":"","overlay-gradient":""}},"footnotes":""},"categories":[10,1,4,5],"tags":[],"class_list":["post-16430","post","type-post","status-publish","format-standard","has-post-thumbnail","hentry","category-1r","category-general","category-portada","category-primaria"],"post_mailing_queue_ids":[],"_links":{"self":[{"href":"https:\/\/agora.xtec.cat\/escolamossencinto\/wp-json\/wp\/v2\/posts\/16430","targetHints":{"allow":["GET"]}}],"collection":[{"href":"https:\/\/agora.xtec.cat\/escolamossencinto\/wp-json\/wp\/v2\/posts"}],"about":[{"href":"https:\/\/agora.xtec.cat\/escolamossencinto\/wp-json\/wp\/v2\/types\/post"}],"author":[{"embeddable":true,"href":"https:\/\/agora.xtec.cat\/escolamossencinto\/wp-json\/wp\/v2\/users\/1"}],"replies":[{"embeddable":true,"href":"https:\/\/agora.xtec.cat\/escolamossencinto\/wp-json\/wp\/v2\/comments?post=16430"}],"version-history":[{"count":1,"href":"https:\/\/agora.xtec.cat\/escolamossencinto\/wp-json\/wp\/v2\/posts\/16430\/revisions"}],"predecessor-version":[{"id":16432,"href":"https:\/\/agora.xtec.cat\/escolamossencinto\/wp-json\/wp\/v2\/posts\/16430\/revisions\/16432"}],"wp:featuredmedia":[{"embeddable":true,"href":"https:\/\/agora.xtec.cat\/escolamossencinto\/wp-json\/wp\/v2\/media\/16431"}],"wp:attachment":[{"href":"https:\/\/agora.xtec.cat\/escolamossencinto\/wp-json\/wp\/v2\/media?parent=16430"}],"wp:term":[{"taxonomy":"category","embeddable":true,"href":"https:\/\/agora.xtec.cat\/escolamossencinto\/wp-json\/wp\/v2\/categories?post=16430"},{"taxonomy":"post_tag","embeddable":true,"href":"https:\/\/agora.xtec.cat\/escolamossencinto\/wp-json\/wp\/v2\/tags?post=16430"}],"curies":[{"name":"wp","href":"https:\/\/api.w.org\/{rel}","templated":true}]}}