{"id":16329,"date":"2023-09-18T15:40:26","date_gmt":"2023-09-18T13:40:26","guid":{"rendered":"https:\/\/agora.xtec.cat\/escolamossencinto\/?p=16329"},"modified":"2023-09-18T15:40:26","modified_gmt":"2023-09-18T13:40:26","slug":"la-merce-al-macba","status":"publish","type":"post","link":"https:\/\/agora.xtec.cat\/escolamossencinto\/general\/la-merce-al-macba\/","title":{"rendered":"La Merc\u00e9 al MACBA"},"content":{"rendered":"<h3>Bona tarda! Ens ha arribat aquesta informaci\u00f3 i pensem que pot ser interessant per les fam\u00edlies.<\/h3>\n<p><a href=\"https:\/\/www.macba.cat\/ca\/exposicions-activitats\/activitats\/jornada-portes-obertes-2023?utm_source=newsletter&amp;utm_medium=email&amp;utm_campaign=lamerce#msdynttrid=xuUlhrd4TN3Fv0nn2KQF3ExwwwWw78vfwhbUqUmZH1A\"><img loading=\"lazy\" decoding=\"async\" class=\"alignnone size-full wp-image-16330\" src=\"https:\/\/agora.xtec.cat\/escolamossencinto\/wp-content\/uploads\/usu829\/2023\/09\/lamerce.png\" alt=\"\" width=\"819\" height=\"812\" srcset=\"https:\/\/agora.xtec.cat\/escolamossencinto\/wp-content\/uploads\/usu829\/2023\/09\/lamerce.png 819w, https:\/\/agora.xtec.cat\/escolamossencinto\/wp-content\/uploads\/usu829\/2023\/09\/lamerce-300x297.png 300w, https:\/\/agora.xtec.cat\/escolamossencinto\/wp-content\/uploads\/usu829\/2023\/09\/lamerce-150x150.png 150w, https:\/\/agora.xtec.cat\/escolamossencinto\/wp-content\/uploads\/usu829\/2023\/09\/lamerce-768x761.png 768w\" sizes=\"auto, (max-width: 819px) 100vw, 819px\" \/><\/a><\/p>\n<h2><a href=\"https:\/\/1816736fd70f44d0800bac1d93434f17.svc.dynamics.com\/t\/t\/NqIxaURc3zye6JhUMXRBuO5ZI7nqiYnK3Rx9D2xJrR8x\/Pc8EGPmJpu29QJtu5Dk4uK72IU6ztlKrmbidxdzodDUx\" target=\"_blank\" rel=\"noopener\" data-msdyn-tracking-id=\"4f2d6cbe9fba41682694590508\">Portes obertes per La Merc\u00e8 2023<\/a><\/h2>\n<div>\n<p>Diumenge 24 de setembre, de 10 a 20 h<\/p>\n<p>Qu\u00e8 fas el diumenge de La Merc\u00e8? Et proposem que visitis el MACBA gratu\u00eftament, ja que t\u2019oferim una jornada de portes obertes on podr\u00e0s gaudir de les nostres exposicions en curs:\u00a0<a href=\"https:\/\/1816736fd70f44d0800bac1d93434f17.svc.dynamics.com\/t\/t\/0FrJhxHxbBcKY1Vc430rwslMwWHvyNp5Ymgxghjx8Jox\/Pc8EGPmJpu29QJtu5Dk4uK72IU6ztlKrmbidxdzodDUx\" target=\"_blank\" rel=\"noopener\"><em><u>Col\u00b7lecci\u00f3 MACBA. Preludi. Intenci\u00f3 po\u00e8tica<\/u><\/em><\/a>;\u00a0<a href=\"https:\/\/1816736fd70f44d0800bac1d93434f17.svc.dynamics.com\/t\/t\/NUNmb2bHSExlhXN1pFSaQ0WS8ubBWPGt6TbRvpk8HvYx\/Pc8EGPmJpu29QJtu5Dk4uK72IU6ztlKrmbidxdzodDUx\" target=\"_blank\" rel=\"noopener\"><em><u>Nancy Holt \/ Dins Fora<\/u><\/em><\/a>;\u00a0<a href=\"https:\/\/1816736fd70f44d0800bac1d93434f17.svc.dynamics.com\/t\/t\/dtOPdb8Jvt2fyVRyNOgYgEOZ3KDJrmkVVU7pMhdvTawx\/Pc8EGPmJpu29QJtu5Dk4uK72IU6ztlKrmbidxdzodDUx\" target=\"_blank\" rel=\"noopener\"><em><u>Laura Lima. Bal\u00e9 Literal<\/u><\/em><\/a>,\u00a0i\u00a0<a href=\"https:\/\/1816736fd70f44d0800bac1d93434f17.svc.dynamics.com\/t\/t\/N85ZcyX8mkwJXamjiokSD42ThJ9DmTm9fb5lUIEo2mIx\/Pc8EGPmJpu29QJtu5Dk4uK72IU6ztlKrmbidxdzodDUx\" target=\"_blank\" rel=\"noopener\"><em><u>Corpus Infinitum<\/u><\/em><\/a>.<\/p>\n<p>A m\u00e9s, si vols anar m\u00e9s enll\u00e0, tamb\u00e9 tens l\u2019opci\u00f3 d\u2019apuntar-te a les visites comentades, amb inscripci\u00f3 a la recepci\u00f3:<\/p>\n<p>&gt; A la\u00a0<em>Col\u00b7lecci\u00f3 MACBA. Preludi. Intenci\u00f3 po\u00e8tica<\/em>: a les 16.30 h (castell\u00e0) i a les 18 h (catal\u00e0).<\/p>\n<p>&gt; A\u00a0<em>Laura Lima. Bal\u00e9 Literal<\/em>: a les 12 h (castell\u00e0) i a les 17 h (catal\u00e0).<\/p>\n<p>Horari especial d&#8217;activaci\u00f3 de\u00a0<em>Laura Lima. Bal\u00e9 Literal<\/em>: de 12 a 19 h.<\/p>\n<p>T\u2019esperem al museu!<\/p>\n<\/div>\n","protected":false},"excerpt":{"rendered":"<p>Bona tarda! Ens ha arribat aquesta informaci\u00f3 i pensem que pot ser interessant per les fam\u00edlies. Portes obertes per La Merc\u00e8 2023 Diumenge 24 de setembre, de 10 a 20 h Qu\u00e8 fas el diumenge de La Merc\u00e8? Et proposem que visitis el MACBA gratu\u00eftament, ja que t\u2019oferim una jornada de portes obertes on podr\u00e0s [&hellip;]<\/p>\n","protected":false},"author":1,"featured_media":16330,"comment_status":"closed","ping_status":"closed","sticky":false,"template":"","format":"standard","meta":{"_bbp_topic_count":0,"_bbp_reply_count":0,"_bbp_total_topic_count":0,"_bbp_total_reply_count":0,"_bbp_voice_count":0,"_bbp_anonymous_reply_count":0,"_bbp_topic_count_hidden":0,"_bbp_reply_count_hidden":0,"_bbp_forum_subforum_count":0,"site-sidebar-layout":"default","site-content-layout":"","ast-site-content-layout":"","site-content-style":"default","site-sidebar-style":"default","ast-global-header-display":"","ast-banner-title-visibility":"","ast-main-header-display":"","ast-hfb-above-header-display":"","ast-hfb-below-header-display":"","ast-hfb-mobile-header-display":"","site-post-title":"","ast-breadcrumbs-content":"","ast-featured-img":"","footer-sml-layout":"","theme-transparent-header-meta":"","adv-header-id-meta":"","stick-header-meta":"","header-above-stick-meta":"","header-main-stick-meta":"","header-below-stick-meta":"","astra-migrate-meta-layouts":"default","ast-page-background-enabled":"default","ast-page-background-meta":{"desktop":{"background-color":"var(--ast-global-color-4)","background-image":"","background-repeat":"repeat","background-position":"center center","background-size":"auto","background-attachment":"scroll","background-type":"","background-media":"","overlay-type":"","overlay-color":"","overlay-opacity":"","overlay-gradient":""},"tablet":{"background-color":"","background-image":"","background-repeat":"repeat","background-position":"center center","background-size":"auto","background-attachment":"scroll","background-type":"","background-media":"","overlay-type":"","overlay-color":"","overlay-opacity":"","overlay-gradient":""},"mobile":{"background-color":"","background-image":"","background-repeat":"repeat","background-position":"center center","background-size":"auto","background-attachment":"scroll","background-type":"","background-media":"","overlay-type":"","overlay-color":"","overlay-opacity":"","overlay-gradient":""}},"ast-content-background-meta":{"desktop":{"background-color":"var(--ast-global-color-5)","background-image":"","background-repeat":"repeat","background-position":"center center","background-size":"auto","background-attachment":"scroll","background-type":"","background-media":"","overlay-type":"","overlay-color":"","overlay-opacity":"","overlay-gradient":""},"tablet":{"background-color":"var(--ast-global-color-5)","background-image":"","background-repeat":"repeat","background-position":"center center","background-size":"auto","background-attachment":"scroll","background-type":"","background-media":"","overlay-type":"","overlay-color":"","overlay-opacity":"","overlay-gradient":""},"mobile":{"background-color":"var(--ast-global-color-5)","background-image":"","background-repeat":"repeat","background-position":"center center","background-size":"auto","background-attachment":"scroll","background-type":"","background-media":"","overlay-type":"","overlay-color":"","overlay-opacity":"","overlay-gradient":""}},"footnotes":""},"categories":[1,4],"tags":[],"class_list":["post-16329","post","type-post","status-publish","format-standard","has-post-thumbnail","hentry","category-general","category-portada"],"post_mailing_queue_ids":[],"_links":{"self":[{"href":"https:\/\/agora.xtec.cat\/escolamossencinto\/wp-json\/wp\/v2\/posts\/16329","targetHints":{"allow":["GET"]}}],"collection":[{"href":"https:\/\/agora.xtec.cat\/escolamossencinto\/wp-json\/wp\/v2\/posts"}],"about":[{"href":"https:\/\/agora.xtec.cat\/escolamossencinto\/wp-json\/wp\/v2\/types\/post"}],"author":[{"embeddable":true,"href":"https:\/\/agora.xtec.cat\/escolamossencinto\/wp-json\/wp\/v2\/users\/1"}],"replies":[{"embeddable":true,"href":"https:\/\/agora.xtec.cat\/escolamossencinto\/wp-json\/wp\/v2\/comments?post=16329"}],"version-history":[{"count":1,"href":"https:\/\/agora.xtec.cat\/escolamossencinto\/wp-json\/wp\/v2\/posts\/16329\/revisions"}],"predecessor-version":[{"id":16331,"href":"https:\/\/agora.xtec.cat\/escolamossencinto\/wp-json\/wp\/v2\/posts\/16329\/revisions\/16331"}],"wp:featuredmedia":[{"embeddable":true,"href":"https:\/\/agora.xtec.cat\/escolamossencinto\/wp-json\/wp\/v2\/media\/16330"}],"wp:attachment":[{"href":"https:\/\/agora.xtec.cat\/escolamossencinto\/wp-json\/wp\/v2\/media?parent=16329"}],"wp:term":[{"taxonomy":"category","embeddable":true,"href":"https:\/\/agora.xtec.cat\/escolamossencinto\/wp-json\/wp\/v2\/categories?post=16329"},{"taxonomy":"post_tag","embeddable":true,"href":"https:\/\/agora.xtec.cat\/escolamossencinto\/wp-json\/wp\/v2\/tags?post=16329"}],"curies":[{"name":"wp","href":"https:\/\/api.w.org\/{rel}","templated":true}]}}