{"id":16285,"date":"2023-07-28T16:08:03","date_gmt":"2023-07-28T14:08:03","guid":{"rendered":"https:\/\/agora.xtec.cat\/escolamossencinto\/?p=16285"},"modified":"2023-07-28T16:10:42","modified_gmt":"2023-07-28T14:10:42","slug":"casals-diaris-pla-educatiu-dentorn","status":"publish","type":"post","link":"https:\/\/agora.xtec.cat\/escolamossencinto\/general\/casals-diaris-pla-educatiu-dentorn\/","title":{"rendered":"Casals diaris &#8211; Pla educatiu d&#8217;entorn"},"content":{"rendered":"<p>Hola fam\u00edlies!<\/p>\n<p>Us informem que ja tenim informaci\u00f3 sobre els casals diaris organitzats per l&#8217;Ajuntament de Rub\u00ed i que es duen a terme durant el curs (inici 6 de setembre) a les escoles Teresa Altet i Montessori.<\/p>\n<p>Aquests casals tenen com a finalitat el suport tant a nivell social com d&#8217;adquisici\u00f3 dels aprenentatges de l&#8217;alumnat. Us deixem tota la informaci\u00f3 en els descarregables adjunts perqu\u00e8 pugueu valorar les opcions que s&#8217;ofereixen. Cliqueu sobre les imatges per obtenir els documents.<\/p>\n<p>Aprofitem per desitjar-vos molt bon estiu!<\/p>\n<p><a href=\"https:\/\/drive.google.com\/file\/d\/1EiL5HREQvc-B6XC05Nid5oAWbys9RWDN\/view?usp=sharing\"><img loading=\"lazy\" decoding=\"async\" class=\" wp-image-16286 alignleft\" src=\"https:\/\/agora.xtec.cat\/escolamossencinto\/wp-content\/uploads\/usu829\/2023\/07\/info-casals.png\" alt=\"\" width=\"463\" height=\"142\" srcset=\"https:\/\/agora.xtec.cat\/escolamossencinto\/wp-content\/uploads\/usu829\/2023\/07\/info-casals.png 662w, https:\/\/agora.xtec.cat\/escolamossencinto\/wp-content\/uploads\/usu829\/2023\/07\/info-casals-300x92.png 300w\" sizes=\"auto, (max-width: 463px) 100vw, 463px\" \/><\/a><a href=\"https:\/\/drive.google.com\/file\/d\/1QyfmfVTzITxBUIwa1qUF9QtTpVijyCsP\/view?usp=sharing\"><img loading=\"lazy\" decoding=\"async\" class=\" wp-image-16288 alignleft\" src=\"https:\/\/agora.xtec.cat\/escolamossencinto\/wp-content\/uploads\/usu829\/2023\/07\/inscripcio-casals.png\" alt=\"\" width=\"452\" height=\"140\" srcset=\"https:\/\/agora.xtec.cat\/escolamossencinto\/wp-content\/uploads\/usu829\/2023\/07\/inscripcio-casals.png 669w, https:\/\/agora.xtec.cat\/escolamossencinto\/wp-content\/uploads\/usu829\/2023\/07\/inscripcio-casals-300x93.png 300w\" sizes=\"auto, (max-width: 452px) 100vw, 452px\" \/><\/a><\/p>\n","protected":false},"excerpt":{"rendered":"<p>Hola fam\u00edlies! Us informem que ja tenim informaci\u00f3 sobre els casals diaris organitzats per l&#8217;Ajuntament de Rub\u00ed i que es duen a terme durant el curs (inici 6 de setembre) a les escoles Teresa Altet i Montessori. Aquests casals tenen com a finalitat el suport tant a nivell social com d&#8217;adquisici\u00f3 dels aprenentatges de l&#8217;alumnat. [&hellip;]<\/p>\n","protected":false},"author":5,"featured_media":16286,"comment_status":"closed","ping_status":"closed","sticky":false,"template":"","format":"standard","meta":{"_bbp_topic_count":0,"_bbp_reply_count":0,"_bbp_total_topic_count":0,"_bbp_total_reply_count":0,"_bbp_voice_count":0,"_bbp_anonymous_reply_count":0,"_bbp_topic_count_hidden":0,"_bbp_reply_count_hidden":0,"_bbp_forum_subforum_count":0,"site-sidebar-layout":"default","site-content-layout":"","ast-site-content-layout":"","site-content-style":"default","site-sidebar-style":"default","ast-global-header-display":"","ast-banner-title-visibility":"","ast-main-header-display":"","ast-hfb-above-header-display":"","ast-hfb-below-header-display":"","ast-hfb-mobile-header-display":"","site-post-title":"","ast-breadcrumbs-content":"","ast-featured-img":"","footer-sml-layout":"","theme-transparent-header-meta":"","adv-header-id-meta":"","stick-header-meta":"","header-above-stick-meta":"","header-main-stick-meta":"","header-below-stick-meta":"","astra-migrate-meta-layouts":"default","ast-page-background-enabled":"default","ast-page-background-meta":{"desktop":{"background-color":"var(--ast-global-color-4)","background-image":"","background-repeat":"repeat","background-position":"center center","background-size":"auto","background-attachment":"scroll","background-type":"","background-media":"","overlay-type":"","overlay-color":"","overlay-opacity":"","overlay-gradient":""},"tablet":{"background-color":"","background-image":"","background-repeat":"repeat","background-position":"center center","background-size":"auto","background-attachment":"scroll","background-type":"","background-media":"","overlay-type":"","overlay-color":"","overlay-opacity":"","overlay-gradient":""},"mobile":{"background-color":"","background-image":"","background-repeat":"repeat","background-position":"center center","background-size":"auto","background-attachment":"scroll","background-type":"","background-media":"","overlay-type":"","overlay-color":"","overlay-opacity":"","overlay-gradient":""}},"ast-content-background-meta":{"desktop":{"background-color":"var(--ast-global-color-5)","background-image":"","background-repeat":"repeat","background-position":"center center","background-size":"auto","background-attachment":"scroll","background-type":"","background-media":"","overlay-type":"","overlay-color":"","overlay-opacity":"","overlay-gradient":""},"tablet":{"background-color":"var(--ast-global-color-5)","background-image":"","background-repeat":"repeat","background-position":"center center","background-size":"auto","background-attachment":"scroll","background-type":"","background-media":"","overlay-type":"","overlay-color":"","overlay-opacity":"","overlay-gradient":""},"mobile":{"background-color":"var(--ast-global-color-5)","background-image":"","background-repeat":"repeat","background-position":"center center","background-size":"auto","background-attachment":"scroll","background-type":"","background-media":"","overlay-type":"","overlay-color":"","overlay-opacity":"","overlay-gradient":""}},"footnotes":""},"categories":[1,4],"tags":[443,821,442,822],"class_list":["post-16285","post","type-post","status-publish","format-standard","has-post-thumbnail","hentry","category-general","category-portada","tag-casal-diari","tag-casal-diari-montessori","tag-casal-diari-teresa-altet","tag-pla-educatiu-dentorn"],"post_mailing_queue_ids":[],"_links":{"self":[{"href":"https:\/\/agora.xtec.cat\/escolamossencinto\/wp-json\/wp\/v2\/posts\/16285","targetHints":{"allow":["GET"]}}],"collection":[{"href":"https:\/\/agora.xtec.cat\/escolamossencinto\/wp-json\/wp\/v2\/posts"}],"about":[{"href":"https:\/\/agora.xtec.cat\/escolamossencinto\/wp-json\/wp\/v2\/types\/post"}],"author":[{"embeddable":true,"href":"https:\/\/agora.xtec.cat\/escolamossencinto\/wp-json\/wp\/v2\/users\/5"}],"replies":[{"embeddable":true,"href":"https:\/\/agora.xtec.cat\/escolamossencinto\/wp-json\/wp\/v2\/comments?post=16285"}],"version-history":[{"count":3,"href":"https:\/\/agora.xtec.cat\/escolamossencinto\/wp-json\/wp\/v2\/posts\/16285\/revisions"}],"predecessor-version":[{"id":16291,"href":"https:\/\/agora.xtec.cat\/escolamossencinto\/wp-json\/wp\/v2\/posts\/16285\/revisions\/16291"}],"wp:featuredmedia":[{"embeddable":true,"href":"https:\/\/agora.xtec.cat\/escolamossencinto\/wp-json\/wp\/v2\/media\/16286"}],"wp:attachment":[{"href":"https:\/\/agora.xtec.cat\/escolamossencinto\/wp-json\/wp\/v2\/media?parent=16285"}],"wp:term":[{"taxonomy":"category","embeddable":true,"href":"https:\/\/agora.xtec.cat\/escolamossencinto\/wp-json\/wp\/v2\/categories?post=16285"},{"taxonomy":"post_tag","embeddable":true,"href":"https:\/\/agora.xtec.cat\/escolamossencinto\/wp-json\/wp\/v2\/tags?post=16285"}],"curies":[{"name":"wp","href":"https:\/\/api.w.org\/{rel}","templated":true}]}}