{"id":16192,"date":"2023-05-16T09:00:43","date_gmt":"2023-05-16T07:00:43","guid":{"rendered":"https:\/\/agora.xtec.cat\/escolamossencinto\/?p=16192"},"modified":"2023-05-14T15:51:40","modified_gmt":"2023-05-14T13:51:40","slug":"dia-mundial-del-reciclatge","status":"publish","type":"post","link":"https:\/\/agora.xtec.cat\/escolamossencinto\/general\/dia-mundial-del-reciclatge\/","title":{"rendered":"DIA MUNDIAL DEL RECICLATGE"},"content":{"rendered":"<p>Comunitat Educativa!<a href=\"https:\/\/agora.xtec.cat\/escolamossencinto\/wp-content\/uploads\/usu829\/2023\/05\/Captura-de-pantalla-2021-05-18-a-les-8.20.56.png\"><img loading=\"lazy\" decoding=\"async\" class=\"wp-image-16195 alignright\" src=\"https:\/\/agora.xtec.cat\/escolamossencinto\/wp-content\/uploads\/usu829\/2023\/05\/Captura-de-pantalla-2021-05-18-a-les-8.20.56-271x300.png\" alt=\"\" width=\"262\" height=\"290\" srcset=\"https:\/\/agora.xtec.cat\/escolamossencinto\/wp-content\/uploads\/usu829\/2023\/05\/Captura-de-pantalla-2021-05-18-a-les-8.20.56-271x300.png 271w, https:\/\/agora.xtec.cat\/escolamossencinto\/wp-content\/uploads\/usu829\/2023\/05\/Captura-de-pantalla-2021-05-18-a-les-8.20.56.png 556w\" sizes=\"auto, (max-width: 262px) 100vw, 262px\" \/><\/a><\/p>\n<p><strong style=\"font-family: inherit;font-size: 1em\">17 de Maig<\/strong><span style=\"font-family: inherit;font-size: 1em\"> \u00e9s el dia Mundial del Reciclatge, aqu\u00ed us deixem un article i v\u00eddeo que pot ser del vostre inter\u00e8s per saber una mica m\u00e9s respecte al tema, ja que \u00e9s molt important per cuidar el nostre planeta.<\/span><\/p>\n<p>(Cliqueu aqu\u00ed)\u00a0 \u00a0\u00a0<a href=\"https:\/\/agora.xtec.cat\/escolamossencinto\/wp-content\/uploads\/usu829\/2023\/05\/DIA-MUNDIAL-DEL-RECICLATGE.pdf\">DIA MUNDIAL DEL RECICLATGE<\/a><\/p>\n","protected":false},"excerpt":{"rendered":"<p>Comunitat Educativa! 17 de Maig \u00e9s el dia Mundial del Reciclatge, aqu\u00ed us deixem un article i v\u00eddeo que pot ser del vostre inter\u00e8s per saber una mica m\u00e9s respecte al tema, ja que \u00e9s molt important per cuidar el nostre planeta. (Cliqueu aqu\u00ed)\u00a0 \u00a0\u00a0DIA MUNDIAL DEL RECICLATGE<\/p>\n","protected":false},"author":5,"featured_media":0,"comment_status":"open","ping_status":"closed","sticky":false,"template":"","format":"standard","meta":{"_bbp_topic_count":0,"_bbp_reply_count":0,"_bbp_total_topic_count":0,"_bbp_total_reply_count":0,"_bbp_voice_count":0,"_bbp_anonymous_reply_count":0,"_bbp_topic_count_hidden":0,"_bbp_reply_count_hidden":0,"_bbp_forum_subforum_count":0,"site-sidebar-layout":"default","site-content-layout":"","ast-site-content-layout":"","site-content-style":"default","site-sidebar-style":"default","ast-global-header-display":"","ast-banner-title-visibility":"","ast-main-header-display":"","ast-hfb-above-header-display":"","ast-hfb-below-header-display":"","ast-hfb-mobile-header-display":"","site-post-title":"","ast-breadcrumbs-content":"","ast-featured-img":"","footer-sml-layout":"","theme-transparent-header-meta":"","adv-header-id-meta":"","stick-header-meta":"","header-above-stick-meta":"","header-main-stick-meta":"","header-below-stick-meta":"","astra-migrate-meta-layouts":"default","ast-page-background-enabled":"default","ast-page-background-meta":{"desktop":{"background-color":"var(--ast-global-color-4)","background-image":"","background-repeat":"repeat","background-position":"center center","background-size":"auto","background-attachment":"scroll","background-type":"","background-media":"","overlay-type":"","overlay-color":"","overlay-opacity":"","overlay-gradient":""},"tablet":{"background-color":"","background-image":"","background-repeat":"repeat","background-position":"center center","background-size":"auto","background-attachment":"scroll","background-type":"","background-media":"","overlay-type":"","overlay-color":"","overlay-opacity":"","overlay-gradient":""},"mobile":{"background-color":"","background-image":"","background-repeat":"repeat","background-position":"center center","background-size":"auto","background-attachment":"scroll","background-type":"","background-media":"","overlay-type":"","overlay-color":"","overlay-opacity":"","overlay-gradient":""}},"ast-content-background-meta":{"desktop":{"background-color":"var(--ast-global-color-5)","background-image":"","background-repeat":"repeat","background-position":"center center","background-size":"auto","background-attachment":"scroll","background-type":"","background-media":"","overlay-type":"","overlay-color":"","overlay-opacity":"","overlay-gradient":""},"tablet":{"background-color":"var(--ast-global-color-5)","background-image":"","background-repeat":"repeat","background-position":"center center","background-size":"auto","background-attachment":"scroll","background-type":"","background-media":"","overlay-type":"","overlay-color":"","overlay-opacity":"","overlay-gradient":""},"mobile":{"background-color":"var(--ast-global-color-5)","background-image":"","background-repeat":"repeat","background-position":"center center","background-size":"auto","background-attachment":"scroll","background-type":"","background-media":"","overlay-type":"","overlay-color":"","overlay-opacity":"","overlay-gradient":""}},"footnotes":""},"categories":[1,35,4],"tags":[],"class_list":["post-16192","post","type-post","status-publish","format-standard","hentry","category-general","category-medi-ambient","category-portada"],"post_mailing_queue_ids":[],"_links":{"self":[{"href":"https:\/\/agora.xtec.cat\/escolamossencinto\/wp-json\/wp\/v2\/posts\/16192","targetHints":{"allow":["GET"]}}],"collection":[{"href":"https:\/\/agora.xtec.cat\/escolamossencinto\/wp-json\/wp\/v2\/posts"}],"about":[{"href":"https:\/\/agora.xtec.cat\/escolamossencinto\/wp-json\/wp\/v2\/types\/post"}],"author":[{"embeddable":true,"href":"https:\/\/agora.xtec.cat\/escolamossencinto\/wp-json\/wp\/v2\/users\/5"}],"replies":[{"embeddable":true,"href":"https:\/\/agora.xtec.cat\/escolamossencinto\/wp-json\/wp\/v2\/comments?post=16192"}],"version-history":[{"count":3,"href":"https:\/\/agora.xtec.cat\/escolamossencinto\/wp-json\/wp\/v2\/posts\/16192\/revisions"}],"predecessor-version":[{"id":16198,"href":"https:\/\/agora.xtec.cat\/escolamossencinto\/wp-json\/wp\/v2\/posts\/16192\/revisions\/16198"}],"wp:attachment":[{"href":"https:\/\/agora.xtec.cat\/escolamossencinto\/wp-json\/wp\/v2\/media?parent=16192"}],"wp:term":[{"taxonomy":"category","embeddable":true,"href":"https:\/\/agora.xtec.cat\/escolamossencinto\/wp-json\/wp\/v2\/categories?post=16192"},{"taxonomy":"post_tag","embeddable":true,"href":"https:\/\/agora.xtec.cat\/escolamossencinto\/wp-json\/wp\/v2\/tags?post=16192"}],"curies":[{"name":"wp","href":"https:\/\/api.w.org\/{rel}","templated":true}]}}