{"id":16135,"date":"2023-04-28T15:58:23","date_gmt":"2023-04-28T13:58:23","guid":{"rendered":"https:\/\/agora.xtec.cat\/escolamossencinto\/?p=16135"},"modified":"2023-04-28T15:58:23","modified_gmt":"2023-04-28T13:58:23","slug":"vaga-4-de-maig","status":"publish","type":"post","link":"https:\/\/agora.xtec.cat\/escolamossencinto\/portada\/vaga-4-de-maig\/","title":{"rendered":"Vaga: 4 de maig"},"content":{"rendered":"<p>Benvolguda comunitat educativa,<\/p>\n<p>Us informem que l\u2019organitzaci\u00f3 sindical PINDO ha comunicat una convocat\u00f2ria de vaga per al dia 4 de maig de 2023 de 00.00 a 24.00 hores que afecta als col\u00b7lectius seg\u00fcents:<\/p>\n<p>&#8211; Personal docent funcionari i inter\u00ed en centres i serveis educatius de titularitat del Departament d\u2019Educaci\u00f3.<\/p>\n<p>&#8211; Personal docent funcionari i inter\u00ed i personal laboral destinat a les llars d\u2019infants de titularitat de la Generalitat de Catalunya i de titularitat municipal a Catalunya.<\/p>\n<p>&#8211; Personal laboral, funcionari i inter\u00ed en centres educatius de titularitat del Departament d\u2019Educaci\u00f3.<\/p>\n<p>&#8211; Personal docent funcionari i inter\u00ed i personal laboral en centres educatius de titularitat i gesti\u00f3 del Departament de Just\u00edcia.<\/p>\n<p>&#8211; Personal docent funcionari i inter\u00ed i personal laboral de centres educatius de titularitat dels ajuntaments de Catalunya i de titularitat de qualsevol de les diputacions de Girona, Tarragona, Lleida o Barcelona.<\/p>\n<p>Hi haur\u00e0 serveis m\u00ednims a l&#8217;escola i al menjador escolar.<\/p>\n<p>La direcci\u00f3<\/p>\n","protected":false},"excerpt":{"rendered":"<p>Benvolguda comunitat educativa, Us informem que l\u2019organitzaci\u00f3 sindical PINDO ha comunicat una convocat\u00f2ria de vaga per al dia 4 de maig de 2023 de 00.00 a 24.00 hores que afecta als col\u00b7lectius seg\u00fcents: &#8211; Personal docent funcionari i inter\u00ed en centres i serveis educatius de titularitat del Departament d\u2019Educaci\u00f3. &#8211; Personal docent funcionari i inter\u00ed [&hellip;]<\/p>\n","protected":false},"author":1,"featured_media":0,"comment_status":"closed","ping_status":"closed","sticky":false,"template":"","format":"standard","meta":{"_bbp_topic_count":0,"_bbp_reply_count":0,"_bbp_total_topic_count":0,"_bbp_total_reply_count":0,"_bbp_voice_count":0,"_bbp_anonymous_reply_count":0,"_bbp_topic_count_hidden":0,"_bbp_reply_count_hidden":0,"_bbp_forum_subforum_count":0,"site-sidebar-layout":"default","site-content-layout":"","ast-site-content-layout":"","site-content-style":"default","site-sidebar-style":"default","ast-global-header-display":"","ast-banner-title-visibility":"","ast-main-header-display":"","ast-hfb-above-header-display":"","ast-hfb-below-header-display":"","ast-hfb-mobile-header-display":"","site-post-title":"","ast-breadcrumbs-content":"","ast-featured-img":"","footer-sml-layout":"","theme-transparent-header-meta":"","adv-header-id-meta":"","stick-header-meta":"","header-above-stick-meta":"","header-main-stick-meta":"","header-below-stick-meta":"","astra-migrate-meta-layouts":"default","ast-page-background-enabled":"default","ast-page-background-meta":{"desktop":{"background-color":"var(--ast-global-color-4)","background-image":"","background-repeat":"repeat","background-position":"center center","background-size":"auto","background-attachment":"scroll","background-type":"","background-media":"","overlay-type":"","overlay-color":"","overlay-opacity":"","overlay-gradient":""},"tablet":{"background-color":"","background-image":"","background-repeat":"repeat","background-position":"center center","background-size":"auto","background-attachment":"scroll","background-type":"","background-media":"","overlay-type":"","overlay-color":"","overlay-opacity":"","overlay-gradient":""},"mobile":{"background-color":"","background-image":"","background-repeat":"repeat","background-position":"center center","background-size":"auto","background-attachment":"scroll","background-type":"","background-media":"","overlay-type":"","overlay-color":"","overlay-opacity":"","overlay-gradient":""}},"ast-content-background-meta":{"desktop":{"background-color":"var(--ast-global-color-5)","background-image":"","background-repeat":"repeat","background-position":"center center","background-size":"auto","background-attachment":"scroll","background-type":"","background-media":"","overlay-type":"","overlay-color":"","overlay-opacity":"","overlay-gradient":""},"tablet":{"background-color":"var(--ast-global-color-5)","background-image":"","background-repeat":"repeat","background-position":"center center","background-size":"auto","background-attachment":"scroll","background-type":"","background-media":"","overlay-type":"","overlay-color":"","overlay-opacity":"","overlay-gradient":""},"mobile":{"background-color":"var(--ast-global-color-5)","background-image":"","background-repeat":"repeat","background-position":"center center","background-size":"auto","background-attachment":"scroll","background-type":"","background-media":"","overlay-type":"","overlay-color":"","overlay-opacity":"","overlay-gradient":""}},"footnotes":""},"categories":[4],"tags":[806,203],"class_list":["post-16135","post","type-post","status-publish","format-standard","hentry","category-portada","tag-4-de-maig","tag-vaga"],"post_mailing_queue_ids":[],"_links":{"self":[{"href":"https:\/\/agora.xtec.cat\/escolamossencinto\/wp-json\/wp\/v2\/posts\/16135","targetHints":{"allow":["GET"]}}],"collection":[{"href":"https:\/\/agora.xtec.cat\/escolamossencinto\/wp-json\/wp\/v2\/posts"}],"about":[{"href":"https:\/\/agora.xtec.cat\/escolamossencinto\/wp-json\/wp\/v2\/types\/post"}],"author":[{"embeddable":true,"href":"https:\/\/agora.xtec.cat\/escolamossencinto\/wp-json\/wp\/v2\/users\/1"}],"replies":[{"embeddable":true,"href":"https:\/\/agora.xtec.cat\/escolamossencinto\/wp-json\/wp\/v2\/comments?post=16135"}],"version-history":[{"count":1,"href":"https:\/\/agora.xtec.cat\/escolamossencinto\/wp-json\/wp\/v2\/posts\/16135\/revisions"}],"predecessor-version":[{"id":16136,"href":"https:\/\/agora.xtec.cat\/escolamossencinto\/wp-json\/wp\/v2\/posts\/16135\/revisions\/16136"}],"wp:attachment":[{"href":"https:\/\/agora.xtec.cat\/escolamossencinto\/wp-json\/wp\/v2\/media?parent=16135"}],"wp:term":[{"taxonomy":"category","embeddable":true,"href":"https:\/\/agora.xtec.cat\/escolamossencinto\/wp-json\/wp\/v2\/categories?post=16135"},{"taxonomy":"post_tag","embeddable":true,"href":"https:\/\/agora.xtec.cat\/escolamossencinto\/wp-json\/wp\/v2\/tags?post=16135"}],"curies":[{"name":"wp","href":"https:\/\/api.w.org\/{rel}","templated":true}]}}