{"id":16049,"date":"2023-04-17T20:00:52","date_gmt":"2023-04-17T18:00:52","guid":{"rendered":"https:\/\/agora.xtec.cat\/escolamossencinto\/?p=16049"},"modified":"2023-04-21T13:33:45","modified_gmt":"2023-04-21T11:33:45","slug":"22-dabril-dia-mundial-de-la-terra","status":"publish","type":"post","link":"https:\/\/agora.xtec.cat\/escolamossencinto\/general\/22-dabril-dia-mundial-de-la-terra\/","title":{"rendered":"22 D`ABRIL DIA MUNDIAL DE LA TERRA"},"content":{"rendered":"<p><em><strong>22 D`ABRIL DIA MUNDIAL DE LA TERRA<\/strong><\/em><\/p>\n<p><a href=\"https:\/\/agora.xtec.cat\/escolamossencinto\/wp-content\/uploads\/usu829\/2023\/04\/dia-de-la-madre-tierra.jpg\"><img loading=\"lazy\" decoding=\"async\" class=\"size-medium wp-image-16051 alignleft\" src=\"https:\/\/agora.xtec.cat\/escolamossencinto\/wp-content\/uploads\/usu829\/2023\/04\/dia-de-la-madre-tierra-300x300.jpg\" alt=\"\" width=\"300\" height=\"300\" srcset=\"https:\/\/agora.xtec.cat\/escolamossencinto\/wp-content\/uploads\/usu829\/2023\/04\/dia-de-la-madre-tierra-300x300.jpg 300w, https:\/\/agora.xtec.cat\/escolamossencinto\/wp-content\/uploads\/usu829\/2023\/04\/dia-de-la-madre-tierra-150x150.jpg 150w, https:\/\/agora.xtec.cat\/escolamossencinto\/wp-content\/uploads\/usu829\/2023\/04\/dia-de-la-madre-tierra.jpg 564w\" sizes=\"auto, (max-width: 300px) 100vw, 300px\" \/><\/a><\/p>\n<p>&nbsp;<\/p>\n<p>&nbsp;<\/p>\n<p><strong><em>\u00a0<\/em><\/strong><\/p>\n<p><strong><em>\u00a0<\/em><\/strong><strong><em>\u201cT\u00fa has de ser el canvi que desitja veure en el m\u00f3n&#8221;<\/em><\/strong><\/p>\n<p><strong style=\"font-family: inherit; font-size: 1em;\"><em>\u00a0 \u00a0 \u00a0 \u00a0 \u00a0 \u00a0 \u00a0 \u00a0 \u00a0 \u00a0 \u00a0 \u00a0 \u00a0 \u00a0 \u00a0 \u00a0 \u00a0 \u00a0 \u00a0 \u00a0 \u00a0 \u00a0 \u00a0 \u00a0 \u00a0 \u00a0 \u00a0 \u00a0 \u00a0 \u00a0 Mahatma Gandhi<\/em><\/strong><\/p>\n<p>&nbsp;<\/p>\n<p><strong>\u00a0Cada any, el 22 d\u2019abril,<\/strong> se celebra a tot el m\u00f3n el Dia de la Terra i \u00e9s que en 1970 es va iniciar un moviment ambientalista on 20 milions de nord-americans es van manifestar sortint al carrer per a lluitar per un medi ambient saludable.<\/p>\n<p>El 22 d\u2019abril \u00e9s una oportunitat m\u00e9s per a recordar que<strong> la Terra<\/strong> necessita de la col\u00b7laboraci\u00f3 de tots per a avan\u00e7ar cap a la mateixa meta, que \u00e9s cuidar-la i conservar-la. Una necessitat que preocupa m\u00e9s si cap arran del constant augment de la contaminaci\u00f3 i el conseq\u00fcent canvi clim\u00e0tic, que est\u00e0 afectant no nom\u00e9s els animals i a la naturalesa, sin\u00f3 tamb\u00e9 a moltes comunitats. Per tot aix\u00f2 i perqu\u00e8 \u00e9s un dia per a retre homenatge al nostre planeta i recon\u00e8ixer la Terra com la nostra llar.<\/p>\n<p>En aquest dia \u00e9s quan d\u2019alguna manera tothom pren consci\u00e8ncia que hem de celebrar i cuidar el planeta. \u00c9s una data a manera de recordatori que tots hem de posar de la nostra part perqu\u00e8 el planeta segueixi endavant.<\/p>\n<p>El canvi clim\u00e0tic\u00a0 ( post <a href=\"http:\/\/fundaciosigea.org\/greta-thunberg-i-el-canvi-climatic\/\">GRETA THUNBERG I EL CANVI CLIM\u00c0TIC<\/a> cliqueu); \u00e9s un fet, de manera que encara que per a molts l\u00edders pol\u00edtics sembla que el problema els queda una cosa llunyana, aquest \u00e9s el dia en qu\u00e8 tamb\u00e9 a ells els arribi l\u2019av\u00eds que \u00e9s moment de canviar i de fer alguna cosa per la cura de comunitats senceres, animals i persones de tot el m\u00f3n.<\/p>\n<p><strong>&#8220;Fes que tots els dies siguin el dia de la Terra. Per a aix\u00f2, res millor que comprometre\u2019t a cuidar di\u00e0riament del teu planeta. A vegades les petites accions de tots junts s\u00f3n les que donen motiu als grans canvis&#8221;<\/strong><\/p>\n<p>Us deixem una Infografia sobre qu\u00e8 podem fer per protegir la Terra.<\/p>\n<p><em><strong><a href=\"https:\/\/agora.xtec.cat\/escolamossencinto\/wp-content\/uploads\/usu829\/2023\/04\/15-accions_clima.jpg\"><img loading=\"lazy\" decoding=\"async\" class=\"aligncenter wp-image-16056\" src=\"https:\/\/agora.xtec.cat\/escolamossencinto\/wp-content\/uploads\/usu829\/2023\/04\/15-accions_clima-300x250.jpg\" alt=\"\" width=\"616\" height=\"514\" srcset=\"https:\/\/agora.xtec.cat\/escolamossencinto\/wp-content\/uploads\/usu829\/2023\/04\/15-accions_clima-300x250.jpg 300w, https:\/\/agora.xtec.cat\/escolamossencinto\/wp-content\/uploads\/usu829\/2023\/04\/15-accions_clima-768x639.jpg 768w, https:\/\/agora.xtec.cat\/escolamossencinto\/wp-content\/uploads\/usu829\/2023\/04\/15-accions_clima.jpg 980w\" sizes=\"auto, (max-width: 616px) 100vw, 616px\" \/><\/a><\/strong><\/em><\/p>\n<p>&nbsp;<\/p>\n","protected":false},"excerpt":{"rendered":"<p>22 D`ABRIL DIA MUNDIAL DE LA TERRA &nbsp; &nbsp; \u00a0 \u00a0\u201cT\u00fa has de ser el canvi que desitja veure en el m\u00f3n&#8221; \u00a0 \u00a0 \u00a0 \u00a0 \u00a0 \u00a0 \u00a0 \u00a0 \u00a0 \u00a0 \u00a0 \u00a0 \u00a0 \u00a0 \u00a0 \u00a0 \u00a0 \u00a0 \u00a0 \u00a0 \u00a0 \u00a0 \u00a0 \u00a0 \u00a0 \u00a0 \u00a0 \u00a0 \u00a0 \u00a0 Mahatma Gandhi &nbsp; [&hellip;]<\/p>\n","protected":false},"author":5,"featured_media":16051,"comment_status":"open","ping_status":"closed","sticky":false,"template":"","format":"standard","meta":{"_bbp_topic_count":0,"_bbp_reply_count":0,"_bbp_total_topic_count":0,"_bbp_total_reply_count":0,"_bbp_voice_count":0,"_bbp_anonymous_reply_count":0,"_bbp_topic_count_hidden":0,"_bbp_reply_count_hidden":0,"_bbp_forum_subforum_count":0,"site-sidebar-layout":"default","site-content-layout":"","ast-site-content-layout":"","site-content-style":"default","site-sidebar-style":"default","ast-global-header-display":"","ast-banner-title-visibility":"","ast-main-header-display":"","ast-hfb-above-header-display":"","ast-hfb-below-header-display":"","ast-hfb-mobile-header-display":"","site-post-title":"","ast-breadcrumbs-content":"","ast-featured-img":"","footer-sml-layout":"","theme-transparent-header-meta":"","adv-header-id-meta":"","stick-header-meta":"","header-above-stick-meta":"","header-main-stick-meta":"","header-below-stick-meta":"","astra-migrate-meta-layouts":"default","ast-page-background-enabled":"default","ast-page-background-meta":{"desktop":{"background-color":"var(--ast-global-color-4)","background-image":"","background-repeat":"repeat","background-position":"center center","background-size":"auto","background-attachment":"scroll","background-type":"","background-media":"","overlay-type":"","overlay-color":"","overlay-opacity":"","overlay-gradient":""},"tablet":{"background-color":"","background-image":"","background-repeat":"repeat","background-position":"center center","background-size":"auto","background-attachment":"scroll","background-type":"","background-media":"","overlay-type":"","overlay-color":"","overlay-opacity":"","overlay-gradient":""},"mobile":{"background-color":"","background-image":"","background-repeat":"repeat","background-position":"center center","background-size":"auto","background-attachment":"scroll","background-type":"","background-media":"","overlay-type":"","overlay-color":"","overlay-opacity":"","overlay-gradient":""}},"ast-content-background-meta":{"desktop":{"background-color":"var(--ast-global-color-5)","background-image":"","background-repeat":"repeat","background-position":"center center","background-size":"auto","background-attachment":"scroll","background-type":"","background-media":"","overlay-type":"","overlay-color":"","overlay-opacity":"","overlay-gradient":""},"tablet":{"background-color":"var(--ast-global-color-5)","background-image":"","background-repeat":"repeat","background-position":"center center","background-size":"auto","background-attachment":"scroll","background-type":"","background-media":"","overlay-type":"","overlay-color":"","overlay-opacity":"","overlay-gradient":""},"mobile":{"background-color":"var(--ast-global-color-5)","background-image":"","background-repeat":"repeat","background-position":"center center","background-size":"auto","background-attachment":"scroll","background-type":"","background-media":"","overlay-type":"","overlay-color":"","overlay-opacity":"","overlay-gradient":""}},"footnotes":""},"categories":[1,35,4],"tags":[183],"class_list":["post-16049","post","type-post","status-publish","format-standard","has-post-thumbnail","hentry","category-general","category-medi-ambient","category-portada","tag-medi-ambient"],"post_mailing_queue_ids":[],"_links":{"self":[{"href":"https:\/\/agora.xtec.cat\/escolamossencinto\/wp-json\/wp\/v2\/posts\/16049","targetHints":{"allow":["GET"]}}],"collection":[{"href":"https:\/\/agora.xtec.cat\/escolamossencinto\/wp-json\/wp\/v2\/posts"}],"about":[{"href":"https:\/\/agora.xtec.cat\/escolamossencinto\/wp-json\/wp\/v2\/types\/post"}],"author":[{"embeddable":true,"href":"https:\/\/agora.xtec.cat\/escolamossencinto\/wp-json\/wp\/v2\/users\/5"}],"replies":[{"embeddable":true,"href":"https:\/\/agora.xtec.cat\/escolamossencinto\/wp-json\/wp\/v2\/comments?post=16049"}],"version-history":[{"count":3,"href":"https:\/\/agora.xtec.cat\/escolamossencinto\/wp-json\/wp\/v2\/posts\/16049\/revisions"}],"predecessor-version":[{"id":16109,"href":"https:\/\/agora.xtec.cat\/escolamossencinto\/wp-json\/wp\/v2\/posts\/16049\/revisions\/16109"}],"wp:featuredmedia":[{"embeddable":true,"href":"https:\/\/agora.xtec.cat\/escolamossencinto\/wp-json\/wp\/v2\/media\/16051"}],"wp:attachment":[{"href":"https:\/\/agora.xtec.cat\/escolamossencinto\/wp-json\/wp\/v2\/media?parent=16049"}],"wp:term":[{"taxonomy":"category","embeddable":true,"href":"https:\/\/agora.xtec.cat\/escolamossencinto\/wp-json\/wp\/v2\/categories?post=16049"},{"taxonomy":"post_tag","embeddable":true,"href":"https:\/\/agora.xtec.cat\/escolamossencinto\/wp-json\/wp\/v2\/tags?post=16049"}],"curies":[{"name":"wp","href":"https:\/\/api.w.org\/{rel}","templated":true}]}}