{"id":16000,"date":"2023-04-01T12:00:16","date_gmt":"2023-04-01T10:00:16","guid":{"rendered":"https:\/\/agora.xtec.cat\/escolamossencinto\/?p=16000"},"modified":"2024-02-27T09:10:33","modified_gmt":"2024-02-27T08:10:33","slug":"ous-de-xocolata-3","status":"publish","type":"post","link":"https:\/\/agora.xtec.cat\/escolamossencinto\/infantil\/p3\/ous-de-xocolata-3\/","title":{"rendered":"Ous de xocolata!"},"content":{"rendered":"<p>\ud83e\udd5a\u200a\ud83e\udd5a\u200a\ud83c\udf6b\u200a\ud83c\udf6b\u200a\ud83e\udd5a\u200a\ud83e\udd5a\u200a\ud83c\udf6b\u200a\ud83c\udf6b\u200a\ud83e\udd5a\u200a\ud83e\udd5a\u200a\ud83c\udf6b\u200a\ud83c\udf6b\u200aHola fam\u00edlies!!!!\ud83e\udd5a\u200a\ud83e\udd5a\u200a\ud83c\udf6b\u200a\ud83c\udf6b\u200a\ud83e\udd5a\u200a\ud83e\udd5a\u200a\ud83c\udf6b\u200a\ud83c\udf6b\u200a\ud83e\udd5a\u200a\ud83e\udd5a\u200a\ud83c\udf6b\u200a\ud83c\udf6b<\/p>\n<p>Ahir dia 31 de mar\u00e7 vam agafar un cistellet i vam anar a buscar ous de xocolata al pati. Despr\u00e9s, ens els vam poder menjar amb galetes. Ens ho vam passar molt b\u00e9. A continuaci\u00f3, si cliqueu a la imatge podreu veure algunes fotografies de l&#8217;activitat realitzada . Bones vacances!! Ens veiem a la tornada el dia 11 d&#8217;abril.<\/p>\n<p>&nbsp;<\/p>\n<p><a href=\"https:\/\/agora.xtec.cat\/escolamossencinto\/fotos\/fotos-dei-3\/\"><img loading=\"lazy\" decoding=\"async\" class=\"aligncenter wp-image-16021 size-medium\" src=\"https:\/\/agora.xtec.cat\/escolamossencinto\/wp-content\/uploads\/usu829\/2023\/03\/oussss-300x150.jpg\" alt=\"\" width=\"300\" height=\"150\" srcset=\"https:\/\/agora.xtec.cat\/escolamossencinto\/wp-content\/uploads\/usu829\/2023\/03\/oussss-300x150.jpg 300w, https:\/\/agora.xtec.cat\/escolamossencinto\/wp-content\/uploads\/usu829\/2023\/03\/oussss.jpg 600w\" sizes=\"auto, (max-width: 300px) 100vw, 300px\" \/><\/a><\/p>\n","protected":false},"excerpt":{"rendered":"<p>\ud83e\udd5a\u200a\ud83e\udd5a\u200a\ud83c\udf6b\u200a\ud83c\udf6b\u200a\ud83e\udd5a\u200a\ud83e\udd5a\u200a\ud83c\udf6b\u200a\ud83c\udf6b\u200a\ud83e\udd5a\u200a\ud83e\udd5a\u200a\ud83c\udf6b\u200a\ud83c\udf6b\u200aHola fam\u00edlies!!!!\ud83e\udd5a\u200a\ud83e\udd5a\u200a\ud83c\udf6b\u200a\ud83c\udf6b\u200a\ud83e\udd5a\u200a\ud83e\udd5a\u200a\ud83c\udf6b\u200a\ud83c\udf6b\u200a\ud83e\udd5a\u200a\ud83e\udd5a\u200a\ud83c\udf6b\u200a\ud83c\udf6b Ahir dia 31 de mar\u00e7 vam agafar un cistellet i vam anar a buscar ous de xocolata al pati. Despr\u00e9s, ens els vam poder menjar amb galetes. Ens ho vam passar molt b\u00e9. A continuaci\u00f3, si cliqueu a la imatge podreu veure algunes fotografies de l&#8217;activitat realitzada . Bones vacances!! Ens veiem a [&hellip;]<\/p>\n","protected":false},"author":5,"featured_media":0,"comment_status":"closed","ping_status":"closed","sticky":false,"template":"","format":"standard","meta":{"_bbp_topic_count":0,"_bbp_reply_count":0,"_bbp_total_topic_count":0,"_bbp_total_reply_count":0,"_bbp_voice_count":0,"_bbp_anonymous_reply_count":0,"_bbp_topic_count_hidden":0,"_bbp_reply_count_hidden":0,"_bbp_forum_subforum_count":0,"site-sidebar-layout":"default","site-content-layout":"","ast-site-content-layout":"","site-content-style":"default","site-sidebar-style":"default","ast-global-header-display":"","ast-banner-title-visibility":"","ast-main-header-display":"","ast-hfb-above-header-display":"","ast-hfb-below-header-display":"","ast-hfb-mobile-header-display":"","site-post-title":"","ast-breadcrumbs-content":"","ast-featured-img":"","footer-sml-layout":"","theme-transparent-header-meta":"","adv-header-id-meta":"","stick-header-meta":"","header-above-stick-meta":"","header-main-stick-meta":"","header-below-stick-meta":"","astra-migrate-meta-layouts":"default","ast-page-background-enabled":"default","ast-page-background-meta":{"desktop":{"background-color":"var(--ast-global-color-4)","background-image":"","background-repeat":"repeat","background-position":"center center","background-size":"auto","background-attachment":"scroll","background-type":"","background-media":"","overlay-type":"","overlay-color":"","overlay-opacity":"","overlay-gradient":""},"tablet":{"background-color":"","background-image":"","background-repeat":"repeat","background-position":"center center","background-size":"auto","background-attachment":"scroll","background-type":"","background-media":"","overlay-type":"","overlay-color":"","overlay-opacity":"","overlay-gradient":""},"mobile":{"background-color":"","background-image":"","background-repeat":"repeat","background-position":"center center","background-size":"auto","background-attachment":"scroll","background-type":"","background-media":"","overlay-type":"","overlay-color":"","overlay-opacity":"","overlay-gradient":""}},"ast-content-background-meta":{"desktop":{"background-color":"var(--ast-global-color-5)","background-image":"","background-repeat":"repeat","background-position":"center center","background-size":"auto","background-attachment":"scroll","background-type":"","background-media":"","overlay-type":"","overlay-color":"","overlay-opacity":"","overlay-gradient":""},"tablet":{"background-color":"var(--ast-global-color-5)","background-image":"","background-repeat":"repeat","background-position":"center center","background-size":"auto","background-attachment":"scroll","background-type":"","background-media":"","overlay-type":"","overlay-color":"","overlay-opacity":"","overlay-gradient":""},"mobile":{"background-color":"var(--ast-global-color-5)","background-image":"","background-repeat":"repeat","background-position":"center center","background-size":"auto","background-attachment":"scroll","background-type":"","background-media":"","overlay-type":"","overlay-color":"","overlay-opacity":"","overlay-gradient":""}},"footnotes":""},"categories":[3],"tags":[],"class_list":["post-16000","post","type-post","status-publish","format-standard","hentry","category-p3"],"post_mailing_queue_ids":[],"_links":{"self":[{"href":"https:\/\/agora.xtec.cat\/escolamossencinto\/wp-json\/wp\/v2\/posts\/16000","targetHints":{"allow":["GET"]}}],"collection":[{"href":"https:\/\/agora.xtec.cat\/escolamossencinto\/wp-json\/wp\/v2\/posts"}],"about":[{"href":"https:\/\/agora.xtec.cat\/escolamossencinto\/wp-json\/wp\/v2\/types\/post"}],"author":[{"embeddable":true,"href":"https:\/\/agora.xtec.cat\/escolamossencinto\/wp-json\/wp\/v2\/users\/5"}],"replies":[{"embeddable":true,"href":"https:\/\/agora.xtec.cat\/escolamossencinto\/wp-json\/wp\/v2\/comments?post=16000"}],"version-history":[{"count":4,"href":"https:\/\/agora.xtec.cat\/escolamossencinto\/wp-json\/wp\/v2\/posts\/16000\/revisions"}],"predecessor-version":[{"id":16601,"href":"https:\/\/agora.xtec.cat\/escolamossencinto\/wp-json\/wp\/v2\/posts\/16000\/revisions\/16601"}],"wp:attachment":[{"href":"https:\/\/agora.xtec.cat\/escolamossencinto\/wp-json\/wp\/v2\/media?parent=16000"}],"wp:term":[{"taxonomy":"category","embeddable":true,"href":"https:\/\/agora.xtec.cat\/escolamossencinto\/wp-json\/wp\/v2\/categories?post=16000"},{"taxonomy":"post_tag","embeddable":true,"href":"https:\/\/agora.xtec.cat\/escolamossencinto\/wp-json\/wp\/v2\/tags?post=16000"}],"curies":[{"name":"wp","href":"https:\/\/api.w.org\/{rel}","templated":true}]}}