{"id":15936,"date":"2023-03-16T12:59:58","date_gmt":"2023-03-16T11:59:58","guid":{"rendered":"https:\/\/agora.xtec.cat\/escolamossencinto\/?p=15936"},"modified":"2023-03-16T12:59:58","modified_gmt":"2023-03-16T11:59:58","slug":"dia-mundial-de-la-poesia","status":"publish","type":"post","link":"https:\/\/agora.xtec.cat\/escolamossencinto\/altres-blocs\/biblioteca\/dia-mundial-de-la-poesia\/","title":{"rendered":"Dia mundial de la poesia"},"content":{"rendered":"<p>El dia 21 de mar\u00e7 se celebra el dia mundial de la poesia, per aix\u00f2 us volem animar que llegiu a casa, amb els vostres fills i filles el poema &#8220;Primavera&#8221; de Miquel Mart\u00ed i Pol, podreu llegir-lo i cantar-lo alhora.<\/p>\n<div class=\"ast-oembed-container \" style=\"height: 100%;\"><iframe loading=\"lazy\" title=\"\u00abPrimavera\u00bb de Miquel Mart\u00ed i Pol -v\u00eddeo animat amb la lletra per poder-la llegir i cantar alhora.\" width=\"500\" height=\"281\" src=\"https:\/\/www.youtube.com\/embed\/2fGmY8ZWfyo?feature=oembed\" frameborder=\"0\" allow=\"accelerometer; autoplay; clipboard-write; encrypted-media; gyroscope; picture-in-picture; web-share\" referrerpolicy=\"strict-origin-when-cross-origin\" allowfullscreen><\/iframe><\/div>\n<p>Si nom\u00e9s voleu relaxar-vos escoltant a la Joana Raspall, us convidem a clicar en el seg\u00fcent enlla\u00e7 i fer un cop d&#8217;ull al poema &#8220;Podries&#8221;.<\/p>\n<div class=\"ast-oembed-container \" style=\"height: 100%;\"><iframe loading=\"lazy\" title=\"&quot;Podries&quot;, de Joana Raspall [projecte Poesia Dibuixada]\" width=\"500\" height=\"281\" src=\"https:\/\/www.youtube.com\/embed\/dvEDdx030ww?list=PLWCWf6oToL1ViwViSPOA-RM4FOLVwxnMf\" frameborder=\"0\" allow=\"accelerometer; autoplay; clipboard-write; encrypted-media; gyroscope; picture-in-picture; web-share\" referrerpolicy=\"strict-origin-when-cross-origin\" allowfullscreen><\/iframe><\/div>\n<p>Finalment, us presentem unes estrofes del poema <span style=\"font-weight: 400\">\u201cTirallonga de monos\u00edl\u00b7labs\u201d de Pere Quart, per a que el pugueu llegir a casa.\u00a0<\/span><\/p>\n<p><a href=\"https:\/\/agora.xtec.cat\/escolamossencinto\/wp-content\/uploads\/usu829\/2023\/03\/poema.jpg\"><img loading=\"lazy\" decoding=\"async\" class=\"aligncenter size-full wp-image-15937\" src=\"https:\/\/agora.xtec.cat\/escolamossencinto\/wp-content\/uploads\/usu829\/2023\/03\/poema.jpg\" alt=\"\" width=\"127\" height=\"407\" srcset=\"https:\/\/agora.xtec.cat\/escolamossencinto\/wp-content\/uploads\/usu829\/2023\/03\/poema.jpg 127w, https:\/\/agora.xtec.cat\/escolamossencinto\/wp-content\/uploads\/usu829\/2023\/03\/poema-94x300.jpg 94w\" sizes=\"auto, (max-width: 127px) 100vw, 127px\" \/><\/a><\/p>\n<p>Moltes gr\u00e0cies i gaudiu del dia mundial de la poesia!!! \ud83d\ude42<\/p>\n","protected":false},"excerpt":{"rendered":"<p>El dia 21 de mar\u00e7 se celebra el dia mundial de la poesia, per aix\u00f2 us volem animar que llegiu a casa, amb els vostres fills i filles el poema &#8220;Primavera&#8221; de Miquel Mart\u00ed i Pol, podreu llegir-lo i cantar-lo alhora. Si nom\u00e9s voleu relaxar-vos escoltant a la Joana Raspall, us convidem a clicar en [&hellip;]<\/p>\n","protected":false},"author":5,"featured_media":15939,"comment_status":"closed","ping_status":"closed","sticky":false,"template":"","format":"standard","meta":{"_bbp_topic_count":0,"_bbp_reply_count":0,"_bbp_total_topic_count":0,"_bbp_total_reply_count":0,"_bbp_voice_count":0,"_bbp_anonymous_reply_count":0,"_bbp_topic_count_hidden":0,"_bbp_reply_count_hidden":0,"_bbp_forum_subforum_count":0,"site-sidebar-layout":"default","site-content-layout":"","ast-site-content-layout":"","site-content-style":"default","site-sidebar-style":"default","ast-global-header-display":"","ast-banner-title-visibility":"","ast-main-header-display":"","ast-hfb-above-header-display":"","ast-hfb-below-header-display":"","ast-hfb-mobile-header-display":"","site-post-title":"","ast-breadcrumbs-content":"","ast-featured-img":"","footer-sml-layout":"","theme-transparent-header-meta":"","adv-header-id-meta":"","stick-header-meta":"","header-above-stick-meta":"","header-main-stick-meta":"","header-below-stick-meta":"","astra-migrate-meta-layouts":"default","ast-page-background-enabled":"default","ast-page-background-meta":{"desktop":{"background-color":"var(--ast-global-color-4)","background-image":"","background-repeat":"repeat","background-position":"center center","background-size":"auto","background-attachment":"scroll","background-type":"","background-media":"","overlay-type":"","overlay-color":"","overlay-opacity":"","overlay-gradient":""},"tablet":{"background-color":"","background-image":"","background-repeat":"repeat","background-position":"center center","background-size":"auto","background-attachment":"scroll","background-type":"","background-media":"","overlay-type":"","overlay-color":"","overlay-opacity":"","overlay-gradient":""},"mobile":{"background-color":"","background-image":"","background-repeat":"repeat","background-position":"center center","background-size":"auto","background-attachment":"scroll","background-type":"","background-media":"","overlay-type":"","overlay-color":"","overlay-opacity":"","overlay-gradient":""}},"ast-content-background-meta":{"desktop":{"background-color":"var(--ast-global-color-5)","background-image":"","background-repeat":"repeat","background-position":"center center","background-size":"auto","background-attachment":"scroll","background-type":"","background-media":"","overlay-type":"","overlay-color":"","overlay-opacity":"","overlay-gradient":""},"tablet":{"background-color":"var(--ast-global-color-5)","background-image":"","background-repeat":"repeat","background-position":"center center","background-size":"auto","background-attachment":"scroll","background-type":"","background-media":"","overlay-type":"","overlay-color":"","overlay-opacity":"","overlay-gradient":""},"mobile":{"background-color":"var(--ast-global-color-5)","background-image":"","background-repeat":"repeat","background-position":"center center","background-size":"auto","background-attachment":"scroll","background-type":"","background-media":"","overlay-type":"","overlay-color":"","overlay-opacity":"","overlay-gradient":""}},"footnotes":""},"categories":[60],"tags":[73,325,327],"class_list":["post-15936","post","type-post","status-publish","format-standard","has-post-thumbnail","hentry","category-biblioteca","tag-biblioteca","tag-dia-mundial-de-la-poesia","tag-poesia"],"post_mailing_queue_ids":[],"_links":{"self":[{"href":"https:\/\/agora.xtec.cat\/escolamossencinto\/wp-json\/wp\/v2\/posts\/15936","targetHints":{"allow":["GET"]}}],"collection":[{"href":"https:\/\/agora.xtec.cat\/escolamossencinto\/wp-json\/wp\/v2\/posts"}],"about":[{"href":"https:\/\/agora.xtec.cat\/escolamossencinto\/wp-json\/wp\/v2\/types\/post"}],"author":[{"embeddable":true,"href":"https:\/\/agora.xtec.cat\/escolamossencinto\/wp-json\/wp\/v2\/users\/5"}],"replies":[{"embeddable":true,"href":"https:\/\/agora.xtec.cat\/escolamossencinto\/wp-json\/wp\/v2\/comments?post=15936"}],"version-history":[{"count":1,"href":"https:\/\/agora.xtec.cat\/escolamossencinto\/wp-json\/wp\/v2\/posts\/15936\/revisions"}],"predecessor-version":[{"id":15938,"href":"https:\/\/agora.xtec.cat\/escolamossencinto\/wp-json\/wp\/v2\/posts\/15936\/revisions\/15938"}],"wp:featuredmedia":[{"embeddable":true,"href":"https:\/\/agora.xtec.cat\/escolamossencinto\/wp-json\/wp\/v2\/media\/15939"}],"wp:attachment":[{"href":"https:\/\/agora.xtec.cat\/escolamossencinto\/wp-json\/wp\/v2\/media?parent=15936"}],"wp:term":[{"taxonomy":"category","embeddable":true,"href":"https:\/\/agora.xtec.cat\/escolamossencinto\/wp-json\/wp\/v2\/categories?post=15936"},{"taxonomy":"post_tag","embeddable":true,"href":"https:\/\/agora.xtec.cat\/escolamossencinto\/wp-json\/wp\/v2\/tags?post=15936"}],"curies":[{"name":"wp","href":"https:\/\/api.w.org\/{rel}","templated":true}]}}