{"id":15933,"date":"2023-03-16T14:27:38","date_gmt":"2023-03-16T13:27:38","guid":{"rendered":"https:\/\/agora.xtec.cat\/escolamossencinto\/?p=15933"},"modified":"2023-03-20T11:22:31","modified_gmt":"2023-03-20T10:22:31","slug":"forum-escoles-verdes","status":"publish","type":"post","link":"https:\/\/agora.xtec.cat\/escolamossencinto\/general\/forum-escoles-verdes\/","title":{"rendered":"F\u00f2rum escoles verdes!"},"content":{"rendered":"<p><em><b>\u00a0Dijous 9 de Mar\u00e7, <\/b><\/em>la nostra Escola va participar en<b> el\u00a0 <\/b><b>F\u00f2rum d`Escoles Verdes de Prim\u00e0ria del Vall\u00e8s i Barcelon\u00e8s <\/b>al <span style=\"font-weight: 400;\">Centre C\u00edvic Montserrat Roig, Terrassa.<\/span><\/p>\n<p>La tem\u00e0tica a treballar aquest any ha estat <strong>&#8220;EL CONSUM RESPONSABLE&#8221;.<\/strong><\/p>\n<p>Durant el F\u00f2rum, \u00e9s va fer entre totes les escoles participants, una reflexi\u00f3 des de la sostenibilitat de com construir alternatives de consum m\u00e9s responsables.<\/p>\n<p>Va ser un <strong>MERCAT<\/strong><b> D\u2019INTERCANVI D\u2019EXPERI\u00c8NCIES<\/b>, on cada escola participant va preparar una acci\u00f3 per compartir entre tots i totes.<\/p>\n<p>La nostra escola va estar representada per uns\/es alumnes de cinqu\u00e8 de Prim\u00e0ria, on van participar amb una cartolina on explicava una acci\u00f3 del\u00a0 &#8220;Consum responsable&#8221;.<\/p>\n<p>Va ser una experi\u00e8ncia molt bonica!!\u00a0<u><\/u><\/p>\n<p>Cliqueu a la imatge per veure les fotografies del F\u00f2rum.<\/p>\n<p><a href=\"https:\/\/drive.google.com\/drive\/folders\/1jisBk9NJPVCyQveJflJUVcW-_vvilnvv?usp=share_link\"><img loading=\"lazy\" decoding=\"async\" class=\"aligncenter wp-image-15941\" src=\"https:\/\/agora.xtec.cat\/escolamossencinto\/wp-content\/uploads\/usu829\/2023\/03\/unnamed.jpg\" alt=\"\" width=\"102\" height=\"102\" \/><\/a><\/p>\n<p>&nbsp;<\/p>\n<p class=\"m_4533123847047546238MsoListParagraph\">\n","protected":false},"excerpt":{"rendered":"<p>\u00a0Dijous 9 de Mar\u00e7, la nostra Escola va participar en el\u00a0 F\u00f2rum d`Escoles Verdes de Prim\u00e0ria del Vall\u00e8s i Barcelon\u00e8s al Centre C\u00edvic Montserrat Roig, Terrassa. La tem\u00e0tica a treballar aquest any ha estat &#8220;EL CONSUM RESPONSABLE&#8221;. Durant el F\u00f2rum, \u00e9s va fer entre totes les escoles participants, una reflexi\u00f3 des de la sostenibilitat de [&hellip;]<\/p>\n","protected":false},"author":5,"featured_media":0,"comment_status":"open","ping_status":"closed","sticky":false,"template":"","format":"standard","meta":{"_bbp_topic_count":0,"_bbp_reply_count":0,"_bbp_total_topic_count":0,"_bbp_total_reply_count":0,"_bbp_voice_count":0,"_bbp_anonymous_reply_count":0,"_bbp_topic_count_hidden":0,"_bbp_reply_count_hidden":0,"_bbp_forum_subforum_count":0,"site-sidebar-layout":"default","site-content-layout":"","ast-site-content-layout":"","site-content-style":"default","site-sidebar-style":"default","ast-global-header-display":"","ast-banner-title-visibility":"","ast-main-header-display":"","ast-hfb-above-header-display":"","ast-hfb-below-header-display":"","ast-hfb-mobile-header-display":"","site-post-title":"","ast-breadcrumbs-content":"","ast-featured-img":"","footer-sml-layout":"","theme-transparent-header-meta":"","adv-header-id-meta":"","stick-header-meta":"","header-above-stick-meta":"","header-main-stick-meta":"","header-below-stick-meta":"","astra-migrate-meta-layouts":"default","ast-page-background-enabled":"default","ast-page-background-meta":{"desktop":{"background-color":"var(--ast-global-color-4)","background-image":"","background-repeat":"repeat","background-position":"center center","background-size":"auto","background-attachment":"scroll","background-type":"","background-media":"","overlay-type":"","overlay-color":"","overlay-opacity":"","overlay-gradient":""},"tablet":{"background-color":"","background-image":"","background-repeat":"repeat","background-position":"center center","background-size":"auto","background-attachment":"scroll","background-type":"","background-media":"","overlay-type":"","overlay-color":"","overlay-opacity":"","overlay-gradient":""},"mobile":{"background-color":"","background-image":"","background-repeat":"repeat","background-position":"center center","background-size":"auto","background-attachment":"scroll","background-type":"","background-media":"","overlay-type":"","overlay-color":"","overlay-opacity":"","overlay-gradient":""}},"ast-content-background-meta":{"desktop":{"background-color":"var(--ast-global-color-5)","background-image":"","background-repeat":"repeat","background-position":"center center","background-size":"auto","background-attachment":"scroll","background-type":"","background-media":"","overlay-type":"","overlay-color":"","overlay-opacity":"","overlay-gradient":""},"tablet":{"background-color":"var(--ast-global-color-5)","background-image":"","background-repeat":"repeat","background-position":"center center","background-size":"auto","background-attachment":"scroll","background-type":"","background-media":"","overlay-type":"","overlay-color":"","overlay-opacity":"","overlay-gradient":""},"mobile":{"background-color":"var(--ast-global-color-5)","background-image":"","background-repeat":"repeat","background-position":"center center","background-size":"auto","background-attachment":"scroll","background-type":"","background-media":"","overlay-type":"","overlay-color":"","overlay-opacity":"","overlay-gradient":""}},"footnotes":""},"categories":[14,1,35,4],"tags":[183],"class_list":["post-15933","post","type-post","status-publish","format-standard","hentry","category-5e","category-general","category-medi-ambient","category-portada","tag-medi-ambient"],"post_mailing_queue_ids":[],"_links":{"self":[{"href":"https:\/\/agora.xtec.cat\/escolamossencinto\/wp-json\/wp\/v2\/posts\/15933","targetHints":{"allow":["GET"]}}],"collection":[{"href":"https:\/\/agora.xtec.cat\/escolamossencinto\/wp-json\/wp\/v2\/posts"}],"about":[{"href":"https:\/\/agora.xtec.cat\/escolamossencinto\/wp-json\/wp\/v2\/types\/post"}],"author":[{"embeddable":true,"href":"https:\/\/agora.xtec.cat\/escolamossencinto\/wp-json\/wp\/v2\/users\/5"}],"replies":[{"embeddable":true,"href":"https:\/\/agora.xtec.cat\/escolamossencinto\/wp-json\/wp\/v2\/comments?post=15933"}],"version-history":[{"count":3,"href":"https:\/\/agora.xtec.cat\/escolamossencinto\/wp-json\/wp\/v2\/posts\/15933\/revisions"}],"predecessor-version":[{"id":15963,"href":"https:\/\/agora.xtec.cat\/escolamossencinto\/wp-json\/wp\/v2\/posts\/15933\/revisions\/15963"}],"wp:attachment":[{"href":"https:\/\/agora.xtec.cat\/escolamossencinto\/wp-json\/wp\/v2\/media?parent=15933"}],"wp:term":[{"taxonomy":"category","embeddable":true,"href":"https:\/\/agora.xtec.cat\/escolamossencinto\/wp-json\/wp\/v2\/categories?post=15933"},{"taxonomy":"post_tag","embeddable":true,"href":"https:\/\/agora.xtec.cat\/escolamossencinto\/wp-json\/wp\/v2\/tags?post=15933"}],"curies":[{"name":"wp","href":"https:\/\/api.w.org\/{rel}","templated":true}]}}