{"id":15488,"date":"2022-10-05T16:18:15","date_gmt":"2022-10-05T14:18:15","guid":{"rendered":"https:\/\/agora.xtec.cat\/escolamossencinto\/?p=15488"},"modified":"2022-10-05T16:18:15","modified_gmt":"2022-10-05T14:18:15","slug":"eleccions-nova-junta-directiva-de-lafa","status":"publish","type":"post","link":"https:\/\/agora.xtec.cat\/escolamossencinto\/portada\/eleccions-nova-junta-directiva-de-lafa\/","title":{"rendered":"Eleccions nova Junta Directiva de l&#8217;AFA"},"content":{"rendered":"<p><span style=\"font-weight: 400;\">Benvolgudes fam\u00edlies de l\u2019escola,<\/span><\/p>\n<p><span style=\"font-weight: 400;\">L\u2019AFA de l\u2019escola ens demana que us comuniquem el proper proc\u00e9s d\u2019elecci\u00f3 de la nova Junta Directiva.<\/span><\/p>\n<p><span style=\"font-weight: 400;\">L\u2019Elecci\u00f3 es far\u00e0 seguint el seg\u00fcent ordre:<\/span><\/p>\n<ol>\n<li style=\"font-weight: 400;\" aria-level=\"1\"><span style=\"font-weight: 400;\">Del 10\/10\/2022 al 14\/10\/2022 recollida de projectes (envieu-los al correu de l\u2019escola que en aquest cas fa d\u2019intermediari: <\/span><a href=\"mailto:a8034060@xtec.cat\"><span style=\"font-weight: 400;\">a8034060@xtec.cat<\/span><\/a><span style=\"font-weight: 400;\">). No s\u2019admetr\u00e0 cap projecte m\u00e9s passat el 14\/10\/2022.<\/span><\/li>\n<li style=\"font-weight: 400;\" aria-level=\"1\"><span style=\"font-weight: 400;\">La setmana del 17\/10\/2022 al 21\/10\/2022 es publicaran els projectes presentats al bloc de l\u2019escola.<\/span><\/li>\n<li style=\"font-weight: 400;\" aria-level=\"1\"><span style=\"font-weight: 400;\">Reuni\u00f3 d\u2019Assemblea General amb un \u00fanic punt a l\u2019ordre del dia: L\u2019elecci\u00f3 de la nova Junta Directiva de l\u2019AFA el 27\/10\/2022 de les 16:45h fins a les 17:45 al despatx de l&#8217;AFA. Trobareu les paperetes amb la identificaci\u00f3 de cada projecte en el moment de fer les votacions i ho podreu fer de forma an\u00f2nima. Hi haur\u00e0 d&#8217;haver una\/un representant de cada projecte el dia de les eleccions.<\/span><\/li>\n<li aria-level=\"1\">Per emetre el vot caldr\u00e0 identificar-se com a soci\/s\u00f2cia de l&#8217;AFA.<\/li>\n<li aria-level=\"1\">El resultat es publicar\u00e0 al bloc de l&#8217;escola un cop recomptats tots els vots i en pres\u00e8ncia dels representants de cada projecte.<\/li>\n<li aria-level=\"1\">Les votacions es faran igualment encara que nom\u00e9s hi hagi 1 sol projecte.<\/li>\n<li style=\"font-weight: 400;\" aria-level=\"1\"><span style=\"font-weight: 400;\">Des de la publicaci\u00f3 d\u2019aquest article (05\/10\/2022) fins al final del proc\u00e9s (26\/10\/2022) us podeu fer socis i s\u00f2cies de l\u2019AFA. Tamb\u00e9 durant el proc\u00e9s fins al dia 26\/10\/2022 podeu passar per l&#8217;AFA per comprovar que esteu inscrites\/ts. I recordeu que es podr\u00e0 emetre 1 sol vot per fam\u00edlia).<\/span><\/li>\n<li style=\"font-weight: 400;\" aria-level=\"1\">Requisit imprescindible per exercir el vot i\/o per presentar projecte i formar part de la nova Junta Directiva: <b style=\"font-family: inherit; font-size: 1em;\">CAL SER SOCI\/S\u00d2CIA de l\u2019AFA<\/b><span style=\"font-weight: 400;\">.<\/span><\/li>\n<\/ol>\n<p><span style=\"font-weight: 400;\">Junta Actual de l\u2019AFA.<\/span><\/p>\n","protected":false},"excerpt":{"rendered":"<p>Benvolgudes fam\u00edlies de l\u2019escola, L\u2019AFA de l\u2019escola ens demana que us comuniquem el proper proc\u00e9s d\u2019elecci\u00f3 de la nova Junta Directiva. L\u2019Elecci\u00f3 es far\u00e0 seguint el seg\u00fcent ordre: Del 10\/10\/2022 al 14\/10\/2022 recollida de projectes (envieu-los al correu de l\u2019escola que en aquest cas fa d\u2019intermediari: a8034060@xtec.cat). No s\u2019admetr\u00e0 cap projecte m\u00e9s passat el 14\/10\/2022. [&hellip;]<\/p>\n","protected":false},"author":1,"featured_media":0,"comment_status":"closed","ping_status":"closed","sticky":false,"template":"","format":"standard","meta":{"_bbp_topic_count":0,"_bbp_reply_count":0,"_bbp_total_topic_count":0,"_bbp_total_reply_count":0,"_bbp_voice_count":0,"_bbp_anonymous_reply_count":0,"_bbp_topic_count_hidden":0,"_bbp_reply_count_hidden":0,"_bbp_forum_subforum_count":0,"site-sidebar-layout":"default","site-content-layout":"","ast-site-content-layout":"","site-content-style":"default","site-sidebar-style":"default","ast-global-header-display":"","ast-banner-title-visibility":"","ast-main-header-display":"","ast-hfb-above-header-display":"","ast-hfb-below-header-display":"","ast-hfb-mobile-header-display":"","site-post-title":"","ast-breadcrumbs-content":"","ast-featured-img":"","footer-sml-layout":"","theme-transparent-header-meta":"","adv-header-id-meta":"","stick-header-meta":"","header-above-stick-meta":"","header-main-stick-meta":"","header-below-stick-meta":"","astra-migrate-meta-layouts":"default","ast-page-background-enabled":"default","ast-page-background-meta":{"desktop":{"background-color":"var(--ast-global-color-4)","background-image":"","background-repeat":"repeat","background-position":"center center","background-size":"auto","background-attachment":"scroll","background-type":"","background-media":"","overlay-type":"","overlay-color":"","overlay-opacity":"","overlay-gradient":""},"tablet":{"background-color":"","background-image":"","background-repeat":"repeat","background-position":"center center","background-size":"auto","background-attachment":"scroll","background-type":"","background-media":"","overlay-type":"","overlay-color":"","overlay-opacity":"","overlay-gradient":""},"mobile":{"background-color":"","background-image":"","background-repeat":"repeat","background-position":"center center","background-size":"auto","background-attachment":"scroll","background-type":"","background-media":"","overlay-type":"","overlay-color":"","overlay-opacity":"","overlay-gradient":""}},"ast-content-background-meta":{"desktop":{"background-color":"var(--ast-global-color-5)","background-image":"","background-repeat":"repeat","background-position":"center center","background-size":"auto","background-attachment":"scroll","background-type":"","background-media":"","overlay-type":"","overlay-color":"","overlay-opacity":"","overlay-gradient":""},"tablet":{"background-color":"var(--ast-global-color-5)","background-image":"","background-repeat":"repeat","background-position":"center center","background-size":"auto","background-attachment":"scroll","background-type":"","background-media":"","overlay-type":"","overlay-color":"","overlay-opacity":"","overlay-gradient":""},"mobile":{"background-color":"var(--ast-global-color-5)","background-image":"","background-repeat":"repeat","background-position":"center center","background-size":"auto","background-attachment":"scroll","background-type":"","background-media":"","overlay-type":"","overlay-color":"","overlay-opacity":"","overlay-gradient":""}},"footnotes":""},"categories":[4],"tags":[754],"class_list":["post-15488","post","type-post","status-publish","format-standard","hentry","category-portada","tag-eleccions-afa"],"post_mailing_queue_ids":[],"_links":{"self":[{"href":"https:\/\/agora.xtec.cat\/escolamossencinto\/wp-json\/wp\/v2\/posts\/15488","targetHints":{"allow":["GET"]}}],"collection":[{"href":"https:\/\/agora.xtec.cat\/escolamossencinto\/wp-json\/wp\/v2\/posts"}],"about":[{"href":"https:\/\/agora.xtec.cat\/escolamossencinto\/wp-json\/wp\/v2\/types\/post"}],"author":[{"embeddable":true,"href":"https:\/\/agora.xtec.cat\/escolamossencinto\/wp-json\/wp\/v2\/users\/1"}],"replies":[{"embeddable":true,"href":"https:\/\/agora.xtec.cat\/escolamossencinto\/wp-json\/wp\/v2\/comments?post=15488"}],"version-history":[{"count":1,"href":"https:\/\/agora.xtec.cat\/escolamossencinto\/wp-json\/wp\/v2\/posts\/15488\/revisions"}],"predecessor-version":[{"id":15489,"href":"https:\/\/agora.xtec.cat\/escolamossencinto\/wp-json\/wp\/v2\/posts\/15488\/revisions\/15489"}],"wp:attachment":[{"href":"https:\/\/agora.xtec.cat\/escolamossencinto\/wp-json\/wp\/v2\/media?parent=15488"}],"wp:term":[{"taxonomy":"category","embeddable":true,"href":"https:\/\/agora.xtec.cat\/escolamossencinto\/wp-json\/wp\/v2\/categories?post=15488"},{"taxonomy":"post_tag","embeddable":true,"href":"https:\/\/agora.xtec.cat\/escolamossencinto\/wp-json\/wp\/v2\/tags?post=15488"}],"curies":[{"name":"wp","href":"https:\/\/api.w.org\/{rel}","templated":true}]}}