{"id":15441,"date":"2022-09-07T11:57:24","date_gmt":"2022-09-07T09:57:24","guid":{"rendered":"https:\/\/agora.xtec.cat\/escolamossencinto\/?p=15441"},"modified":"2022-09-07T11:57:24","modified_gmt":"2022-09-07T09:57:24","slug":"menjador-a-ei-3-anys","status":"publish","type":"post","link":"https:\/\/agora.xtec.cat\/escolamossencinto\/infantil\/p3\/menjador-a-ei-3-anys\/","title":{"rendered":"Menjador a EI 3 anys"},"content":{"rendered":"<p>Benvolgudes fam\u00edlies de l&#8217;EI 3 anys,<\/p>\n<p>Us recordem que dem\u00e0 ja no fem horaris adaptats, aix\u00f2 vol dir que com a la resta de l&#8217;escola podeu triar entre 4 horaris diferents AL MES DE SETEMBRE NOM\u00c9S!!!:<\/p>\n<p>1.- De 9:00h a 13:00h sense menjador ni hora de tarda de lleure educatiu (teatre en catal\u00e0).<\/p>\n<p>2.- De 9:00 a 15:30h amb menjador escolar. (Heu d&#8217;avisar que us quedeu al menjador abans de les 9:30h al tel\u00e8fon 648559386 o presencialment al menjador).<\/p>\n<p>3.- De 9:00h a 13:00h i de 15:30h a 16:30h sense menjador per\u00f2 amb l&#8217;hora de la tarda de lleure educatiu (teatre en catal\u00e0).<\/p>\n<p>4.- De 9:00h a 16:30h amb menjador escolar (heu d&#8217;avisar que us quedeu al menjador abans de les 9:30h al tel\u00e8fon 648559386 o presencialment al menjador) i amb l&#8217;hora de la tarda de lleure educatiu (teatre en catal\u00e0).<\/p>\n<p>D&#8217;octubre a maig l&#8217;horari ser\u00e0 l&#8217;habitual:<\/p>\n<p>1.- De 9:00h a 12:30h i de 15:00h a 16:30h sense menjador. (Horari partit).<\/p>\n<p>2.- De 9:00h a 16:30h amb menjador escolar (heu d&#8217;avisar que us quedeu al menjador abans de les 9:30h al tel\u00e8fon 648559386 o presencialment al menjador).<\/p>\n<p>Cordialment,<\/p>\n<p>Equip docent<\/p>\n","protected":false},"excerpt":{"rendered":"<p>Benvolgudes fam\u00edlies de l&#8217;EI 3 anys, Us recordem que dem\u00e0 ja no fem horaris adaptats, aix\u00f2 vol dir que com a la resta de l&#8217;escola podeu triar entre 4 horaris diferents AL MES DE SETEMBRE NOM\u00c9S!!!: 1.- De 9:00h a 13:00h sense menjador ni hora de tarda de lleure educatiu (teatre en catal\u00e0). 2.- De [&hellip;]<\/p>\n","protected":false},"author":1,"featured_media":0,"comment_status":"closed","ping_status":"closed","sticky":false,"template":"","format":"standard","meta":{"_bbp_topic_count":0,"_bbp_reply_count":0,"_bbp_total_topic_count":0,"_bbp_total_reply_count":0,"_bbp_voice_count":0,"_bbp_anonymous_reply_count":0,"_bbp_topic_count_hidden":0,"_bbp_reply_count_hidden":0,"_bbp_forum_subforum_count":0,"site-sidebar-layout":"default","site-content-layout":"","ast-site-content-layout":"","site-content-style":"default","site-sidebar-style":"default","ast-global-header-display":"","ast-banner-title-visibility":"","ast-main-header-display":"","ast-hfb-above-header-display":"","ast-hfb-below-header-display":"","ast-hfb-mobile-header-display":"","site-post-title":"","ast-breadcrumbs-content":"","ast-featured-img":"","footer-sml-layout":"","theme-transparent-header-meta":"","adv-header-id-meta":"","stick-header-meta":"","header-above-stick-meta":"","header-main-stick-meta":"","header-below-stick-meta":"","astra-migrate-meta-layouts":"default","ast-page-background-enabled":"default","ast-page-background-meta":{"desktop":{"background-color":"var(--ast-global-color-4)","background-image":"","background-repeat":"repeat","background-position":"center center","background-size":"auto","background-attachment":"scroll","background-type":"","background-media":"","overlay-type":"","overlay-color":"","overlay-opacity":"","overlay-gradient":""},"tablet":{"background-color":"","background-image":"","background-repeat":"repeat","background-position":"center center","background-size":"auto","background-attachment":"scroll","background-type":"","background-media":"","overlay-type":"","overlay-color":"","overlay-opacity":"","overlay-gradient":""},"mobile":{"background-color":"","background-image":"","background-repeat":"repeat","background-position":"center center","background-size":"auto","background-attachment":"scroll","background-type":"","background-media":"","overlay-type":"","overlay-color":"","overlay-opacity":"","overlay-gradient":""}},"ast-content-background-meta":{"desktop":{"background-color":"var(--ast-global-color-5)","background-image":"","background-repeat":"repeat","background-position":"center center","background-size":"auto","background-attachment":"scroll","background-type":"","background-media":"","overlay-type":"","overlay-color":"","overlay-opacity":"","overlay-gradient":""},"tablet":{"background-color":"var(--ast-global-color-5)","background-image":"","background-repeat":"repeat","background-position":"center center","background-size":"auto","background-attachment":"scroll","background-type":"","background-media":"","overlay-type":"","overlay-color":"","overlay-opacity":"","overlay-gradient":""},"mobile":{"background-color":"var(--ast-global-color-5)","background-image":"","background-repeat":"repeat","background-position":"center center","background-size":"auto","background-attachment":"scroll","background-type":"","background-media":"","overlay-type":"","overlay-color":"","overlay-opacity":"","overlay-gradient":""}},"footnotes":""},"categories":[3,4],"tags":[477,364,745],"class_list":["post-15441","post","type-post","status-publish","format-standard","hentry","category-p3","category-portada","tag-ei-3","tag-menjador","tag-tardes-de-lleure-educatiu"],"post_mailing_queue_ids":[],"_links":{"self":[{"href":"https:\/\/agora.xtec.cat\/escolamossencinto\/wp-json\/wp\/v2\/posts\/15441","targetHints":{"allow":["GET"]}}],"collection":[{"href":"https:\/\/agora.xtec.cat\/escolamossencinto\/wp-json\/wp\/v2\/posts"}],"about":[{"href":"https:\/\/agora.xtec.cat\/escolamossencinto\/wp-json\/wp\/v2\/types\/post"}],"author":[{"embeddable":true,"href":"https:\/\/agora.xtec.cat\/escolamossencinto\/wp-json\/wp\/v2\/users\/1"}],"replies":[{"embeddable":true,"href":"https:\/\/agora.xtec.cat\/escolamossencinto\/wp-json\/wp\/v2\/comments?post=15441"}],"version-history":[{"count":1,"href":"https:\/\/agora.xtec.cat\/escolamossencinto\/wp-json\/wp\/v2\/posts\/15441\/revisions"}],"predecessor-version":[{"id":15442,"href":"https:\/\/agora.xtec.cat\/escolamossencinto\/wp-json\/wp\/v2\/posts\/15441\/revisions\/15442"}],"wp:attachment":[{"href":"https:\/\/agora.xtec.cat\/escolamossencinto\/wp-json\/wp\/v2\/media?parent=15441"}],"wp:term":[{"taxonomy":"category","embeddable":true,"href":"https:\/\/agora.xtec.cat\/escolamossencinto\/wp-json\/wp\/v2\/categories?post=15441"},{"taxonomy":"post_tag","embeddable":true,"href":"https:\/\/agora.xtec.cat\/escolamossencinto\/wp-json\/wp\/v2\/tags?post=15441"}],"curies":[{"name":"wp","href":"https:\/\/api.w.org\/{rel}","templated":true}]}}