{"id":15271,"date":"2022-06-02T09:45:12","date_gmt":"2022-06-02T07:45:12","guid":{"rendered":"https:\/\/agora.xtec.cat\/escolamossencinto\/?p=15271"},"modified":"2024-02-27T09:13:59","modified_gmt":"2024-02-27T08:13:59","slug":"mostra-de-dansa-ei-3","status":"publish","type":"post","link":"https:\/\/agora.xtec.cat\/escolamossencinto\/infantil\/mostra-de-dansa-ei-3\/","title":{"rendered":"Mostra de dansa EI 3"},"content":{"rendered":"<p><span style=\"font-weight: 400\">La Dansa a les Escoles \u00e9s un programa que l\u2019Esbart Dansaire de Rub\u00ed porta a les aules gr\u00e0cies al suport de\u00a0 l\u2019Ajuntament de Rub\u00ed. Aquest projecte serveix per apropar la dansa tradicional a les escoles p\u00fabliques i concertades de la ciutat en horari lectiu i aix\u00ed oferir el seu aprenentatge com a t\u00e8cnica d\u2019expressi\u00f3 i normalitzaci\u00f3 del coneixement del pa\u00eds.<\/span><span style=\"font-weight: 400\">\u00a0<\/span><\/p>\n<p><b>Ei3A Campanes Bim Bom (Classe dels micos)<\/b><\/p>\n<p><span style=\"font-weight: 400\">Aquesta \u00e9s una dansa joc per als m\u00e9s petits, extreta de la can\u00e7\u00f3 infantil que en Josep Carner va recrear. En aquest joc volem donar la idea de quin \u00e9s el moviment de les campanes per a que sonin, i les pauses quan no sonen.\u00a0<\/span><\/p>\n<p><b>Ei3B El cal\u00e7\u00f3 (Classe de les gatetes i els gatets)\u00a0<\/b><\/p>\n<p><span style=\"font-weight: 400\">Aquesta dansa es ballava quan s\u2019anaven a collir les olives al camp, les dones s\u2019agafaven les faldilles entre les cames i ballaven el ball del cal\u00e7\u00f3. L\u2019hem simplificat i adaptat per als m\u00e9s petits perqu\u00e8 sigui un joc on seguir diferents ritmes.<\/span><\/p>\n<p><b>EI 3A I EI 3B Joan petit (<\/b><b>Classe dels micos i classe de les gatetes i els gatets)<\/b><\/p>\n<p><span style=\"font-weight: 400\">Originalment en aquesta dansa els homes s\u2019anaven traient les peces de roba que cobrien la part anomenada per la can\u00e7\u00f3. S\u2019ha fet una adaptaci\u00f3 per als m\u00e9s menuts amb aquesta versi\u00f3 del Landry el rumbero per que puguin repassar les parts del cos i a m\u00e9s a m\u00e9s treballar el ritme.\u00a0<\/span><\/p>\n<p>A continuaci\u00f3 us deixem els v\u00eddeos de les danses. Esperem que us agradin!<\/p>\n","protected":false},"excerpt":{"rendered":"<p>La Dansa a les Escoles \u00e9s un programa que l\u2019Esbart Dansaire de Rub\u00ed porta a les aules gr\u00e0cies al suport de\u00a0 l\u2019Ajuntament de Rub\u00ed. Aquest projecte serveix per apropar la dansa tradicional a les escoles p\u00fabliques i concertades de la ciutat en horari lectiu i aix\u00ed oferir el seu aprenentatge com a t\u00e8cnica d\u2019expressi\u00f3 i [&hellip;]<\/p>\n","protected":false},"author":5,"featured_media":0,"comment_status":"closed","ping_status":"closed","sticky":false,"template":"","format":"standard","meta":{"_bbp_topic_count":0,"_bbp_reply_count":0,"_bbp_total_topic_count":0,"_bbp_total_reply_count":0,"_bbp_voice_count":0,"_bbp_anonymous_reply_count":0,"_bbp_topic_count_hidden":0,"_bbp_reply_count_hidden":0,"_bbp_forum_subforum_count":0,"site-sidebar-layout":"default","site-content-layout":"","ast-site-content-layout":"","site-content-style":"default","site-sidebar-style":"default","ast-global-header-display":"","ast-banner-title-visibility":"","ast-main-header-display":"","ast-hfb-above-header-display":"","ast-hfb-below-header-display":"","ast-hfb-mobile-header-display":"","site-post-title":"","ast-breadcrumbs-content":"","ast-featured-img":"","footer-sml-layout":"","theme-transparent-header-meta":"","adv-header-id-meta":"","stick-header-meta":"","header-above-stick-meta":"","header-main-stick-meta":"","header-below-stick-meta":"","astra-migrate-meta-layouts":"default","ast-page-background-enabled":"default","ast-page-background-meta":{"desktop":{"background-color":"var(--ast-global-color-4)","background-image":"","background-repeat":"repeat","background-position":"center center","background-size":"auto","background-attachment":"scroll","background-type":"","background-media":"","overlay-type":"","overlay-color":"","overlay-opacity":"","overlay-gradient":""},"tablet":{"background-color":"","background-image":"","background-repeat":"repeat","background-position":"center center","background-size":"auto","background-attachment":"scroll","background-type":"","background-media":"","overlay-type":"","overlay-color":"","overlay-opacity":"","overlay-gradient":""},"mobile":{"background-color":"","background-image":"","background-repeat":"repeat","background-position":"center center","background-size":"auto","background-attachment":"scroll","background-type":"","background-media":"","overlay-type":"","overlay-color":"","overlay-opacity":"","overlay-gradient":""}},"ast-content-background-meta":{"desktop":{"background-color":"var(--ast-global-color-5)","background-image":"","background-repeat":"repeat","background-position":"center center","background-size":"auto","background-attachment":"scroll","background-type":"","background-media":"","overlay-type":"","overlay-color":"","overlay-opacity":"","overlay-gradient":""},"tablet":{"background-color":"var(--ast-global-color-5)","background-image":"","background-repeat":"repeat","background-position":"center center","background-size":"auto","background-attachment":"scroll","background-type":"","background-media":"","overlay-type":"","overlay-color":"","overlay-opacity":"","overlay-gradient":""},"mobile":{"background-color":"var(--ast-global-color-5)","background-image":"","background-repeat":"repeat","background-position":"center center","background-size":"auto","background-attachment":"scroll","background-type":"","background-media":"","overlay-type":"","overlay-color":"","overlay-opacity":"","overlay-gradient":""}},"footnotes":""},"categories":[2,3],"tags":[],"class_list":["post-15271","post","type-post","status-publish","format-standard","hentry","category-infantil","category-p3"],"post_mailing_queue_ids":[],"_links":{"self":[{"href":"https:\/\/agora.xtec.cat\/escolamossencinto\/wp-json\/wp\/v2\/posts\/15271","targetHints":{"allow":["GET"]}}],"collection":[{"href":"https:\/\/agora.xtec.cat\/escolamossencinto\/wp-json\/wp\/v2\/posts"}],"about":[{"href":"https:\/\/agora.xtec.cat\/escolamossencinto\/wp-json\/wp\/v2\/types\/post"}],"author":[{"embeddable":true,"href":"https:\/\/agora.xtec.cat\/escolamossencinto\/wp-json\/wp\/v2\/users\/5"}],"replies":[{"embeddable":true,"href":"https:\/\/agora.xtec.cat\/escolamossencinto\/wp-json\/wp\/v2\/comments?post=15271"}],"version-history":[{"count":5,"href":"https:\/\/agora.xtec.cat\/escolamossencinto\/wp-json\/wp\/v2\/posts\/15271\/revisions"}],"predecessor-version":[{"id":16607,"href":"https:\/\/agora.xtec.cat\/escolamossencinto\/wp-json\/wp\/v2\/posts\/15271\/revisions\/16607"}],"wp:attachment":[{"href":"https:\/\/agora.xtec.cat\/escolamossencinto\/wp-json\/wp\/v2\/media?parent=15271"}],"wp:term":[{"taxonomy":"category","embeddable":true,"href":"https:\/\/agora.xtec.cat\/escolamossencinto\/wp-json\/wp\/v2\/categories?post=15271"},{"taxonomy":"post_tag","embeddable":true,"href":"https:\/\/agora.xtec.cat\/escolamossencinto\/wp-json\/wp\/v2\/tags?post=15271"}],"curies":[{"name":"wp","href":"https:\/\/api.w.org\/{rel}","templated":true}]}}