{"id":15269,"date":"2022-06-02T09:50:21","date_gmt":"2022-06-02T07:50:21","guid":{"rendered":"https:\/\/agora.xtec.cat\/escolamossencinto\/?p=15269"},"modified":"2024-02-27T08:50:47","modified_gmt":"2024-02-27T07:50:47","slug":"mostra-de-dansa-ei-4","status":"publish","type":"post","link":"https:\/\/agora.xtec.cat\/escolamossencinto\/infantil\/mostra-de-dansa-ei-4\/","title":{"rendered":"Mostra de dansa EI 4"},"content":{"rendered":"<p><span style=\"font-weight: 400\">La Dansa a les Escoles \u00e9s un programa que l\u2019Esbart Dansaire de Rub\u00ed porta a les aules gr\u00e0cies al suport de\u00a0 l\u2019Ajuntament de Rub\u00ed. Aquest projecte serveix per apropar la dansa tradicional a les escoles p\u00fabliques i concertades de la ciutat en horari lectiu i aix\u00ed oferir el seu aprenentatge com a t\u00e8cnica d\u2019expressi\u00f3 i normalitzaci\u00f3 del coneixement del pa\u00eds.<\/span><span style=\"font-weight: 400\">\u00a0<\/span><\/p>\n<p><b>Ei4A Peu polidor\u00a0 (Classe dels volcans)<\/b><\/p>\n<p><span style=\"font-weight: 400\">Hi ha varies versions d\u2019aquesta dansa-joc. La trobem tant al Barcelon\u00e8s, l\u2019Empord\u00e0 com a Tarragon\u00e8s. En aquest cas aquesta era per ballar per Carnestoltes.\u00a0<\/span><\/p>\n<p><b>Ei4B Paul\u2019s dance (Classe dels flamencs)<\/b><\/p>\n<p><span style=\"font-weight: 400\">Mica en mica es van introduint noves danses dins del que es coneix com a dansa tradicional, perqu\u00e8 per als m\u00e9s menuts sigui com un joc-descobriment del seu cos i una expressi\u00f3 tamb\u00e9 del que sentim amb la dansa. Aquesta \u00e9s una mostra de com ho podem fer des de ben petits.\u00a0<\/span><\/p>\n<p><b>Ei4A i EI4B Sant Antoni i el dimoni (Classe dels volcans i classe dels flamencs)<\/b><\/p>\n<p><span style=\"font-weight: 400\">Pels voltants del 17 de gener molts pobles mediterranis celebren, amb el foc i la m\u00fasica, la recuperaci\u00f3 de la llum solar despr\u00e9s de mesos de foscor. Aquesta dansa \u00e9s una mostra de moltes de les que en aquesta \u00e8poca es ballaven.<\/span><\/p>\n<p>&nbsp;<\/p>\n<p>&nbsp;<\/p>\n","protected":false},"excerpt":{"rendered":"<p>La Dansa a les Escoles \u00e9s un programa que l\u2019Esbart Dansaire de Rub\u00ed porta a les aules gr\u00e0cies al suport de\u00a0 l\u2019Ajuntament de Rub\u00ed. Aquest projecte serveix per apropar la dansa tradicional a les escoles p\u00fabliques i concertades de la ciutat en horari lectiu i aix\u00ed oferir el seu aprenentatge com a t\u00e8cnica d\u2019expressi\u00f3 i [&hellip;]<\/p>\n","protected":false},"author":5,"featured_media":0,"comment_status":"closed","ping_status":"closed","sticky":false,"template":"","format":"standard","meta":{"_bbp_topic_count":0,"_bbp_reply_count":0,"_bbp_total_topic_count":0,"_bbp_total_reply_count":0,"_bbp_voice_count":0,"_bbp_anonymous_reply_count":0,"_bbp_topic_count_hidden":0,"_bbp_reply_count_hidden":0,"_bbp_forum_subforum_count":0,"site-sidebar-layout":"default","site-content-layout":"","ast-site-content-layout":"","site-content-style":"default","site-sidebar-style":"default","ast-global-header-display":"","ast-banner-title-visibility":"","ast-main-header-display":"","ast-hfb-above-header-display":"","ast-hfb-below-header-display":"","ast-hfb-mobile-header-display":"","site-post-title":"","ast-breadcrumbs-content":"","ast-featured-img":"","footer-sml-layout":"","theme-transparent-header-meta":"","adv-header-id-meta":"","stick-header-meta":"","header-above-stick-meta":"","header-main-stick-meta":"","header-below-stick-meta":"","astra-migrate-meta-layouts":"default","ast-page-background-enabled":"default","ast-page-background-meta":{"desktop":{"background-color":"var(--ast-global-color-4)","background-image":"","background-repeat":"repeat","background-position":"center center","background-size":"auto","background-attachment":"scroll","background-type":"","background-media":"","overlay-type":"","overlay-color":"","overlay-opacity":"","overlay-gradient":""},"tablet":{"background-color":"","background-image":"","background-repeat":"repeat","background-position":"center center","background-size":"auto","background-attachment":"scroll","background-type":"","background-media":"","overlay-type":"","overlay-color":"","overlay-opacity":"","overlay-gradient":""},"mobile":{"background-color":"","background-image":"","background-repeat":"repeat","background-position":"center center","background-size":"auto","background-attachment":"scroll","background-type":"","background-media":"","overlay-type":"","overlay-color":"","overlay-opacity":"","overlay-gradient":""}},"ast-content-background-meta":{"desktop":{"background-color":"var(--ast-global-color-5)","background-image":"","background-repeat":"repeat","background-position":"center center","background-size":"auto","background-attachment":"scroll","background-type":"","background-media":"","overlay-type":"","overlay-color":"","overlay-opacity":"","overlay-gradient":""},"tablet":{"background-color":"var(--ast-global-color-5)","background-image":"","background-repeat":"repeat","background-position":"center center","background-size":"auto","background-attachment":"scroll","background-type":"","background-media":"","overlay-type":"","overlay-color":"","overlay-opacity":"","overlay-gradient":""},"mobile":{"background-color":"var(--ast-global-color-5)","background-image":"","background-repeat":"repeat","background-position":"center center","background-size":"auto","background-attachment":"scroll","background-type":"","background-media":"","overlay-type":"","overlay-color":"","overlay-opacity":"","overlay-gradient":""}},"footnotes":""},"categories":[2,8],"tags":[],"class_list":["post-15269","post","type-post","status-publish","format-standard","hentry","category-infantil","category-p4"],"post_mailing_queue_ids":[],"_links":{"self":[{"href":"https:\/\/agora.xtec.cat\/escolamossencinto\/wp-json\/wp\/v2\/posts\/15269","targetHints":{"allow":["GET"]}}],"collection":[{"href":"https:\/\/agora.xtec.cat\/escolamossencinto\/wp-json\/wp\/v2\/posts"}],"about":[{"href":"https:\/\/agora.xtec.cat\/escolamossencinto\/wp-json\/wp\/v2\/types\/post"}],"author":[{"embeddable":true,"href":"https:\/\/agora.xtec.cat\/escolamossencinto\/wp-json\/wp\/v2\/users\/5"}],"replies":[{"embeddable":true,"href":"https:\/\/agora.xtec.cat\/escolamossencinto\/wp-json\/wp\/v2\/comments?post=15269"}],"version-history":[{"count":4,"href":"https:\/\/agora.xtec.cat\/escolamossencinto\/wp-json\/wp\/v2\/posts\/15269\/revisions"}],"predecessor-version":[{"id":16596,"href":"https:\/\/agora.xtec.cat\/escolamossencinto\/wp-json\/wp\/v2\/posts\/15269\/revisions\/16596"}],"wp:attachment":[{"href":"https:\/\/agora.xtec.cat\/escolamossencinto\/wp-json\/wp\/v2\/media?parent=15269"}],"wp:term":[{"taxonomy":"category","embeddable":true,"href":"https:\/\/agora.xtec.cat\/escolamossencinto\/wp-json\/wp\/v2\/categories?post=15269"},{"taxonomy":"post_tag","embeddable":true,"href":"https:\/\/agora.xtec.cat\/escolamossencinto\/wp-json\/wp\/v2\/tags?post=15269"}],"curies":[{"name":"wp","href":"https:\/\/api.w.org\/{rel}","templated":true}]}}