{"id":15267,"date":"2022-06-02T09:35:02","date_gmt":"2022-06-02T07:35:02","guid":{"rendered":"https:\/\/agora.xtec.cat\/escolamossencinto\/?p=15267"},"modified":"2024-02-27T09:17:53","modified_gmt":"2024-02-27T08:17:53","slug":"mostra-de-dansa-ei-5","status":"publish","type":"post","link":"https:\/\/agora.xtec.cat\/escolamossencinto\/infantil\/mostra-de-dansa-ei-5\/","title":{"rendered":"Mostra de dansa EI 5"},"content":{"rendered":"<p style=\"text-align: left\"><span style=\"font-weight: 400\">La Dansa a les Escoles \u00e9s un programa que l\u2019Esbart Dansaire de Rub\u00ed porta a les aules gr\u00e0cies al suport de\u00a0 l\u2019Ajuntament de Rub\u00ed. Aquest projecte serveix per apropar la dansa tradicional a les escoles p\u00fabliques i concertades de la ciutat en horari lectiu i aix\u00ed oferir el seu aprenentatge com a t\u00e8cnica d\u2019expressi\u00f3 i normalitzaci\u00f3 del coneixement del pa\u00eds.<\/span><span style=\"font-weight: 400\">\u00a0<\/span><\/p>\n<p><b>Ei5A el joc de les pedretes (Classe dels cargols)\u00a0<\/b><\/p>\n<p><span style=\"font-weight: 400\">Dansa-joc infantil que hem portat a l\u2019escenari amb la intenci\u00f3 que els nens i nenes aprenguin a diferenciar entre la m\u00e0 dreta i esquerra d\u2019una manera divertida.\u00a0<\/span><\/p>\n<p><b>Ei5B la xica bonica (Classe de les estrelles de mar)<\/b><\/p>\n<p><span style=\"font-weight: 400\">A diferents pobles de la Terra Alta, els nois formaven un rotlle asseguts a terra, i mantenint entremig de les cames una pell de be, picaven el ritme de la can\u00e7\u00f3. Les noies, al mig del rotlle, saltaven a peu coix, i a mesura que es cansaven, se n\u2019anaven a seure fins que tan sols quedava una. Origin\u00e0riament, \u00e9s probable que correspongu\u00e9s a algun cerimonial m\u00e0gic per demanar la pluja.\u00a0<\/span><\/p>\n<p><b>Ei5A i EI 5B Matinada fresca (Classe dels cargols i classe de les estrelles de mar)<\/b><\/p>\n<p><span style=\"font-weight: 400\">Can\u00e7\u00f3 popular adaptada a dansa on treballem diferents ritmes i tamb\u00e9 ens ho passem molt b\u00e9!<\/span><\/p>\n<p>A continuaci\u00f3 us deixem els v\u00eddeos de les danses. Esperem que us agradin!<\/p>\n","protected":false},"excerpt":{"rendered":"<p>La Dansa a les Escoles \u00e9s un programa que l\u2019Esbart Dansaire de Rub\u00ed porta a les aules gr\u00e0cies al suport de\u00a0 l\u2019Ajuntament de Rub\u00ed. Aquest projecte serveix per apropar la dansa tradicional a les escoles p\u00fabliques i concertades de la ciutat en horari lectiu i aix\u00ed oferir el seu aprenentatge com a t\u00e8cnica d\u2019expressi\u00f3 i [&hellip;]<\/p>\n","protected":false},"author":5,"featured_media":0,"comment_status":"closed","ping_status":"closed","sticky":false,"template":"","format":"standard","meta":{"_bbp_topic_count":0,"_bbp_reply_count":0,"_bbp_total_topic_count":0,"_bbp_total_reply_count":0,"_bbp_voice_count":0,"_bbp_anonymous_reply_count":0,"_bbp_topic_count_hidden":0,"_bbp_reply_count_hidden":0,"_bbp_forum_subforum_count":0,"site-sidebar-layout":"default","site-content-layout":"","ast-site-content-layout":"","site-content-style":"default","site-sidebar-style":"default","ast-global-header-display":"","ast-banner-title-visibility":"","ast-main-header-display":"","ast-hfb-above-header-display":"","ast-hfb-below-header-display":"","ast-hfb-mobile-header-display":"","site-post-title":"","ast-breadcrumbs-content":"","ast-featured-img":"","footer-sml-layout":"","theme-transparent-header-meta":"","adv-header-id-meta":"","stick-header-meta":"","header-above-stick-meta":"","header-main-stick-meta":"","header-below-stick-meta":"","astra-migrate-meta-layouts":"default","ast-page-background-enabled":"default","ast-page-background-meta":{"desktop":{"background-color":"var(--ast-global-color-4)","background-image":"","background-repeat":"repeat","background-position":"center center","background-size":"auto","background-attachment":"scroll","background-type":"","background-media":"","overlay-type":"","overlay-color":"","overlay-opacity":"","overlay-gradient":""},"tablet":{"background-color":"","background-image":"","background-repeat":"repeat","background-position":"center center","background-size":"auto","background-attachment":"scroll","background-type":"","background-media":"","overlay-type":"","overlay-color":"","overlay-opacity":"","overlay-gradient":""},"mobile":{"background-color":"","background-image":"","background-repeat":"repeat","background-position":"center center","background-size":"auto","background-attachment":"scroll","background-type":"","background-media":"","overlay-type":"","overlay-color":"","overlay-opacity":"","overlay-gradient":""}},"ast-content-background-meta":{"desktop":{"background-color":"var(--ast-global-color-5)","background-image":"","background-repeat":"repeat","background-position":"center center","background-size":"auto","background-attachment":"scroll","background-type":"","background-media":"","overlay-type":"","overlay-color":"","overlay-opacity":"","overlay-gradient":""},"tablet":{"background-color":"var(--ast-global-color-5)","background-image":"","background-repeat":"repeat","background-position":"center center","background-size":"auto","background-attachment":"scroll","background-type":"","background-media":"","overlay-type":"","overlay-color":"","overlay-opacity":"","overlay-gradient":""},"mobile":{"background-color":"var(--ast-global-color-5)","background-image":"","background-repeat":"repeat","background-position":"center center","background-size":"auto","background-attachment":"scroll","background-type":"","background-media":"","overlay-type":"","overlay-color":"","overlay-opacity":"","overlay-gradient":""}},"footnotes":""},"categories":[2,9],"tags":[],"class_list":["post-15267","post","type-post","status-publish","format-standard","hentry","category-infantil","category-p5"],"post_mailing_queue_ids":[],"_links":{"self":[{"href":"https:\/\/agora.xtec.cat\/escolamossencinto\/wp-json\/wp\/v2\/posts\/15267","targetHints":{"allow":["GET"]}}],"collection":[{"href":"https:\/\/agora.xtec.cat\/escolamossencinto\/wp-json\/wp\/v2\/posts"}],"about":[{"href":"https:\/\/agora.xtec.cat\/escolamossencinto\/wp-json\/wp\/v2\/types\/post"}],"author":[{"embeddable":true,"href":"https:\/\/agora.xtec.cat\/escolamossencinto\/wp-json\/wp\/v2\/users\/5"}],"replies":[{"embeddable":true,"href":"https:\/\/agora.xtec.cat\/escolamossencinto\/wp-json\/wp\/v2\/comments?post=15267"}],"version-history":[{"count":4,"href":"https:\/\/agora.xtec.cat\/escolamossencinto\/wp-json\/wp\/v2\/posts\/15267\/revisions"}],"predecessor-version":[{"id":16614,"href":"https:\/\/agora.xtec.cat\/escolamossencinto\/wp-json\/wp\/v2\/posts\/15267\/revisions\/16614"}],"wp:attachment":[{"href":"https:\/\/agora.xtec.cat\/escolamossencinto\/wp-json\/wp\/v2\/media?parent=15267"}],"wp:term":[{"taxonomy":"category","embeddable":true,"href":"https:\/\/agora.xtec.cat\/escolamossencinto\/wp-json\/wp\/v2\/categories?post=15267"},{"taxonomy":"post_tag","embeddable":true,"href":"https:\/\/agora.xtec.cat\/escolamossencinto\/wp-json\/wp\/v2\/tags?post=15267"}],"curies":[{"name":"wp","href":"https:\/\/api.w.org\/{rel}","templated":true}]}}