{"id":15203,"date":"2022-04-28T14:00:09","date_gmt":"2022-04-28T12:00:09","guid":{"rendered":"https:\/\/agora.xtec.cat\/escolamossencinto\/?p=15203"},"modified":"2022-04-28T09:56:21","modified_gmt":"2022-04-28T07:56:21","slug":"dia-internacional-de-la-eliminacio-de-la-discriminacio-racial","status":"publish","type":"post","link":"https:\/\/agora.xtec.cat\/escolamossencinto\/general\/dia-internacional-de-la-eliminacio-de-la-discriminacio-racial\/","title":{"rendered":"Dia internacional de la eliminaci\u00f3 de la discriminaci\u00f3 racial"},"content":{"rendered":"<p>Sab\u00edeu que el dia<strong>\u00a021 de mar\u00e7<\/strong>\u00a0\u00e9s el\u00a0<strong>Dia Internacional contra el Racisme?<\/strong><\/p>\n<p><strong>Avui us proposem 10 activitats<\/strong>\u00a0per reflexionar sobre el tema amb els infants i joves. S\u00f3n activitats que es poden fer a casa en fam\u00edlia, a l\u2019escola o l\u2019esplai, de manera individual o col\u00b7lectiva, per\u00f2 sempre acompanyades per algun adult.<\/p>\n<p>Trobareu activitats a partir de 6 i 12 anys. A m\u00e9s a m\u00e9s tamb\u00e9 podem trobar altres recursos educatius per sensibilitzar sobre el racisme.<\/p>\n<p>Esperem que us agradi, fins aviat\ud83d\ude18\ud83e\udd17<\/p>\n<blockquote class=\"wp-embedded-content\" data-secret=\"h0F26Iobew\"><p><a href=\"https:\/\/escoles.fundesplai.org\/blog\/lleure\/10-activitats-per-combatre-el-racisme-i-la-xenofobia\/\">10 activitats per combatre el racisme i la xenof\u00f2bia<\/a><\/p><\/blockquote>\n<p><iframe loading=\"lazy\" class=\"wp-embedded-content\" sandbox=\"allow-scripts\" security=\"restricted\" style=\"position: absolute; clip: rect(1px, 1px, 1px, 1px);\" title=\"&#8220;10 activitats per combatre el racisme i la xenof\u00f2bia&#8221; &#8212; Fundesplai M\u00f3n Escolar\" src=\"https:\/\/escoles.fundesplai.org\/blog\/lleure\/10-activitats-per-combatre-el-racisme-i-la-xenofobia\/embed\/#?secret=gXgHQiSaqM#?secret=h0F26Iobew\" data-secret=\"h0F26Iobew\" width=\"500\" height=\"282\" frameborder=\"0\" marginwidth=\"0\" marginheight=\"0\" scrolling=\"no\"><\/iframe><\/p>\n","protected":false},"excerpt":{"rendered":"<p>Sab\u00edeu que el dia\u00a021 de mar\u00e7\u00a0\u00e9s el\u00a0Dia Internacional contra el Racisme? Avui us proposem 10 activitats\u00a0per reflexionar sobre el tema amb els infants i joves. S\u00f3n activitats que es poden fer a casa en fam\u00edlia, a l\u2019escola o l\u2019esplai, de manera individual o col\u00b7lectiva, per\u00f2 sempre acompanyades per algun adult. Trobareu activitats a partir de [&hellip;]<\/p>\n","protected":false},"author":5,"featured_media":15205,"comment_status":"closed","ping_status":"closed","sticky":false,"template":"","format":"standard","meta":{"_bbp_topic_count":0,"_bbp_reply_count":0,"_bbp_total_topic_count":0,"_bbp_total_reply_count":0,"_bbp_voice_count":0,"_bbp_anonymous_reply_count":0,"_bbp_topic_count_hidden":0,"_bbp_reply_count_hidden":0,"_bbp_forum_subforum_count":0,"site-sidebar-layout":"default","site-content-layout":"","ast-site-content-layout":"","site-content-style":"default","site-sidebar-style":"default","ast-global-header-display":"","ast-banner-title-visibility":"","ast-main-header-display":"","ast-hfb-above-header-display":"","ast-hfb-below-header-display":"","ast-hfb-mobile-header-display":"","site-post-title":"","ast-breadcrumbs-content":"","ast-featured-img":"","footer-sml-layout":"","theme-transparent-header-meta":"","adv-header-id-meta":"","stick-header-meta":"","header-above-stick-meta":"","header-main-stick-meta":"","header-below-stick-meta":"","astra-migrate-meta-layouts":"default","ast-page-background-enabled":"default","ast-page-background-meta":{"desktop":{"background-color":"var(--ast-global-color-4)","background-image":"","background-repeat":"repeat","background-position":"center center","background-size":"auto","background-attachment":"scroll","background-type":"","background-media":"","overlay-type":"","overlay-color":"","overlay-opacity":"","overlay-gradient":""},"tablet":{"background-color":"","background-image":"","background-repeat":"repeat","background-position":"center center","background-size":"auto","background-attachment":"scroll","background-type":"","background-media":"","overlay-type":"","overlay-color":"","overlay-opacity":"","overlay-gradient":""},"mobile":{"background-color":"","background-image":"","background-repeat":"repeat","background-position":"center center","background-size":"auto","background-attachment":"scroll","background-type":"","background-media":"","overlay-type":"","overlay-color":"","overlay-opacity":"","overlay-gradient":""}},"ast-content-background-meta":{"desktop":{"background-color":"var(--ast-global-color-5)","background-image":"","background-repeat":"repeat","background-position":"center center","background-size":"auto","background-attachment":"scroll","background-type":"","background-media":"","overlay-type":"","overlay-color":"","overlay-opacity":"","overlay-gradient":""},"tablet":{"background-color":"var(--ast-global-color-5)","background-image":"","background-repeat":"repeat","background-position":"center center","background-size":"auto","background-attachment":"scroll","background-type":"","background-media":"","overlay-type":"","overlay-color":"","overlay-opacity":"","overlay-gradient":""},"mobile":{"background-color":"var(--ast-global-color-5)","background-image":"","background-repeat":"repeat","background-position":"center center","background-size":"auto","background-attachment":"scroll","background-type":"","background-media":"","overlay-type":"","overlay-color":"","overlay-opacity":"","overlay-gradient":""}},"footnotes":""},"categories":[1],"tags":[],"class_list":["post-15203","post","type-post","status-publish","format-standard","has-post-thumbnail","hentry","category-general"],"post_mailing_queue_ids":[],"_links":{"self":[{"href":"https:\/\/agora.xtec.cat\/escolamossencinto\/wp-json\/wp\/v2\/posts\/15203","targetHints":{"allow":["GET"]}}],"collection":[{"href":"https:\/\/agora.xtec.cat\/escolamossencinto\/wp-json\/wp\/v2\/posts"}],"about":[{"href":"https:\/\/agora.xtec.cat\/escolamossencinto\/wp-json\/wp\/v2\/types\/post"}],"author":[{"embeddable":true,"href":"https:\/\/agora.xtec.cat\/escolamossencinto\/wp-json\/wp\/v2\/users\/5"}],"replies":[{"embeddable":true,"href":"https:\/\/agora.xtec.cat\/escolamossencinto\/wp-json\/wp\/v2\/comments?post=15203"}],"version-history":[{"count":4,"href":"https:\/\/agora.xtec.cat\/escolamossencinto\/wp-json\/wp\/v2\/posts\/15203\/revisions"}],"predecessor-version":[{"id":15209,"href":"https:\/\/agora.xtec.cat\/escolamossencinto\/wp-json\/wp\/v2\/posts\/15203\/revisions\/15209"}],"wp:featuredmedia":[{"embeddable":true,"href":"https:\/\/agora.xtec.cat\/escolamossencinto\/wp-json\/wp\/v2\/media\/15205"}],"wp:attachment":[{"href":"https:\/\/agora.xtec.cat\/escolamossencinto\/wp-json\/wp\/v2\/media?parent=15203"}],"wp:term":[{"taxonomy":"category","embeddable":true,"href":"https:\/\/agora.xtec.cat\/escolamossencinto\/wp-json\/wp\/v2\/categories?post=15203"},{"taxonomy":"post_tag","embeddable":true,"href":"https:\/\/agora.xtec.cat\/escolamossencinto\/wp-json\/wp\/v2\/tags?post=15203"}],"curies":[{"name":"wp","href":"https:\/\/api.w.org\/{rel}","templated":true}]}}