{"id":15137,"date":"2022-04-21T13:03:28","date_gmt":"2022-04-21T11:03:28","guid":{"rendered":"https:\/\/agora.xtec.cat\/escolamossencinto\/?p=15137"},"modified":"2022-04-21T13:03:28","modified_gmt":"2022-04-21T11:03:28","slug":"dia-internacional-de-la-mare-terra-22-dabril","status":"publish","type":"post","link":"https:\/\/agora.xtec.cat\/escolamossencinto\/altres-blocs\/medi-ambient\/dia-internacional-de-la-mare-terra-22-dabril\/","title":{"rendered":"Dia Internacional de la Mare Terra 22 d&#8217;abril"},"content":{"rendered":"<p>Origen del dia de la Mare Terra:<\/p>\n<p>El 22 d\u2019abril el senador nord-americ\u00e0 Gaylord Nelson\u00a0 va instaurar aquest dia per crear consci\u00e8ncia sobre els problemes de contaminaci\u00f3, superpoblaci\u00f3 i amena\u00e7a a la biodiversitat per protegir la Terra.<\/p>\n<p>La Mare Terra \u00e9s una expressi\u00f3 comuna utilitzada per referir-se al planeta Terra en diversos pa\u00efsos i regions, el que demostra la interdepend\u00e8ncia existent entre \u00e9ssers humans, altres esp\u00e8cies vives i el planeta que tots habitem.<\/p>\n<p>Aquest dia suposa el reconeixement que la Terra i els seus ecosistemes ens proporcionen la vida. Tamb\u00e9 suposa recon\u00e8ixer la responsabilitat que ens correspon, com exposa en la Declaraci\u00f3 de Rio de 1992, de promoure l\u2019harmonia amb la natura i la terra amb la finalitat d\u2019aconseguir un just equilibri entre les necessitats econ\u00f2miques, socials, ambientals de les generacions presents i futures.<\/p>\n<p><a href=\"https:\/\/www.youtube.com\/watch?v=xMlW7cxuUBk&amp;t=49s\">Dia Internacional de la Mare Terra 22 d&#8217;abril<\/a><\/p>\n<p><strong>A continuaci\u00f3 us deixem\u00a0 les activitats organitzades per l&#8217;ajuntament de Rub\u00ed dedicades al dia de la terra.<\/strong><\/p>\n<p><a href=\"https:\/\/agora.xtec.cat\/escolamossencinto\/wp-content\/uploads\/usu829\/2022\/04\/1.png\"><img loading=\"lazy\" decoding=\"async\" class=\"alignnone size-full wp-image-15139\" src=\"https:\/\/agora.xtec.cat\/escolamossencinto\/wp-content\/uploads\/usu829\/2022\/04\/1.png\" alt=\"\" width=\"516\" height=\"392\" srcset=\"https:\/\/agora.xtec.cat\/escolamossencinto\/wp-content\/uploads\/usu829\/2022\/04\/1.png 516w, https:\/\/agora.xtec.cat\/escolamossencinto\/wp-content\/uploads\/usu829\/2022\/04\/1-300x228.png 300w\" sizes=\"auto, (max-width: 516px) 100vw, 516px\" \/><\/a><\/p>\n<p><a href=\"https:\/\/agora.xtec.cat\/escolamossencinto\/wp-content\/uploads\/usu829\/2022\/04\/2.png\"><img loading=\"lazy\" decoding=\"async\" class=\"alignnone size-full wp-image-15140\" src=\"https:\/\/agora.xtec.cat\/escolamossencinto\/wp-content\/uploads\/usu829\/2022\/04\/2.png\" alt=\"\" width=\"510\" height=\"442\" srcset=\"https:\/\/agora.xtec.cat\/escolamossencinto\/wp-content\/uploads\/usu829\/2022\/04\/2.png 510w, https:\/\/agora.xtec.cat\/escolamossencinto\/wp-content\/uploads\/usu829\/2022\/04\/2-300x260.png 300w\" sizes=\"auto, (max-width: 510px) 100vw, 510px\" \/><\/a><\/p>\n<p><a href=\"https:\/\/agora.xtec.cat\/escolamossencinto\/wp-content\/uploads\/usu829\/2022\/04\/3.png\"><img loading=\"lazy\" decoding=\"async\" class=\"alignnone size-full wp-image-15141\" src=\"https:\/\/agora.xtec.cat\/escolamossencinto\/wp-content\/uploads\/usu829\/2022\/04\/3.png\" alt=\"\" width=\"512\" height=\"494\" srcset=\"https:\/\/agora.xtec.cat\/escolamossencinto\/wp-content\/uploads\/usu829\/2022\/04\/3.png 512w, https:\/\/agora.xtec.cat\/escolamossencinto\/wp-content\/uploads\/usu829\/2022\/04\/3-300x289.png 300w\" sizes=\"auto, (max-width: 512px) 100vw, 512px\" \/><\/a><\/p>\n<p><a href=\"https:\/\/agora.xtec.cat\/escolamossencinto\/wp-content\/uploads\/usu829\/2022\/04\/4.png\"><img loading=\"lazy\" decoding=\"async\" class=\"alignnone size-full wp-image-15138\" src=\"https:\/\/agora.xtec.cat\/escolamossencinto\/wp-content\/uploads\/usu829\/2022\/04\/4.png\" alt=\"\" width=\"509\" height=\"498\" srcset=\"https:\/\/agora.xtec.cat\/escolamossencinto\/wp-content\/uploads\/usu829\/2022\/04\/4.png 509w, https:\/\/agora.xtec.cat\/escolamossencinto\/wp-content\/uploads\/usu829\/2022\/04\/4-300x294.png 300w\" sizes=\"auto, (max-width: 509px) 100vw, 509px\" \/><\/a><\/p>\n","protected":false},"excerpt":{"rendered":"<p>Origen del dia de la Mare Terra: El 22 d\u2019abril el senador nord-americ\u00e0 Gaylord Nelson\u00a0 va instaurar aquest dia per crear consci\u00e8ncia sobre els problemes de contaminaci\u00f3, superpoblaci\u00f3 i amena\u00e7a a la biodiversitat per protegir la Terra. La Mare Terra \u00e9s una expressi\u00f3 comuna utilitzada per referir-se al planeta Terra en diversos pa\u00efsos i regions, [&hellip;]<\/p>\n","protected":false},"author":5,"featured_media":15143,"comment_status":"closed","ping_status":"closed","sticky":false,"template":"","format":"standard","meta":{"_bbp_topic_count":0,"_bbp_reply_count":0,"_bbp_total_topic_count":0,"_bbp_total_reply_count":0,"_bbp_voice_count":0,"_bbp_anonymous_reply_count":0,"_bbp_topic_count_hidden":0,"_bbp_reply_count_hidden":0,"_bbp_forum_subforum_count":0,"site-sidebar-layout":"default","site-content-layout":"","ast-site-content-layout":"","site-content-style":"default","site-sidebar-style":"default","ast-global-header-display":"","ast-banner-title-visibility":"","ast-main-header-display":"","ast-hfb-above-header-display":"","ast-hfb-below-header-display":"","ast-hfb-mobile-header-display":"","site-post-title":"","ast-breadcrumbs-content":"","ast-featured-img":"","footer-sml-layout":"","theme-transparent-header-meta":"","adv-header-id-meta":"","stick-header-meta":"","header-above-stick-meta":"","header-main-stick-meta":"","header-below-stick-meta":"","astra-migrate-meta-layouts":"default","ast-page-background-enabled":"default","ast-page-background-meta":{"desktop":{"background-color":"var(--ast-global-color-4)","background-image":"","background-repeat":"repeat","background-position":"center center","background-size":"auto","background-attachment":"scroll","background-type":"","background-media":"","overlay-type":"","overlay-color":"","overlay-opacity":"","overlay-gradient":""},"tablet":{"background-color":"","background-image":"","background-repeat":"repeat","background-position":"center center","background-size":"auto","background-attachment":"scroll","background-type":"","background-media":"","overlay-type":"","overlay-color":"","overlay-opacity":"","overlay-gradient":""},"mobile":{"background-color":"","background-image":"","background-repeat":"repeat","background-position":"center center","background-size":"auto","background-attachment":"scroll","background-type":"","background-media":"","overlay-type":"","overlay-color":"","overlay-opacity":"","overlay-gradient":""}},"ast-content-background-meta":{"desktop":{"background-color":"var(--ast-global-color-5)","background-image":"","background-repeat":"repeat","background-position":"center center","background-size":"auto","background-attachment":"scroll","background-type":"","background-media":"","overlay-type":"","overlay-color":"","overlay-opacity":"","overlay-gradient":""},"tablet":{"background-color":"var(--ast-global-color-5)","background-image":"","background-repeat":"repeat","background-position":"center center","background-size":"auto","background-attachment":"scroll","background-type":"","background-media":"","overlay-type":"","overlay-color":"","overlay-opacity":"","overlay-gradient":""},"mobile":{"background-color":"var(--ast-global-color-5)","background-image":"","background-repeat":"repeat","background-position":"center center","background-size":"auto","background-attachment":"scroll","background-type":"","background-media":"","overlay-type":"","overlay-color":"","overlay-opacity":"","overlay-gradient":""}},"footnotes":""},"categories":[35],"tags":[],"class_list":["post-15137","post","type-post","status-publish","format-standard","has-post-thumbnail","hentry","category-medi-ambient"],"post_mailing_queue_ids":[],"_links":{"self":[{"href":"https:\/\/agora.xtec.cat\/escolamossencinto\/wp-json\/wp\/v2\/posts\/15137","targetHints":{"allow":["GET"]}}],"collection":[{"href":"https:\/\/agora.xtec.cat\/escolamossencinto\/wp-json\/wp\/v2\/posts"}],"about":[{"href":"https:\/\/agora.xtec.cat\/escolamossencinto\/wp-json\/wp\/v2\/types\/post"}],"author":[{"embeddable":true,"href":"https:\/\/agora.xtec.cat\/escolamossencinto\/wp-json\/wp\/v2\/users\/5"}],"replies":[{"embeddable":true,"href":"https:\/\/agora.xtec.cat\/escolamossencinto\/wp-json\/wp\/v2\/comments?post=15137"}],"version-history":[{"count":1,"href":"https:\/\/agora.xtec.cat\/escolamossencinto\/wp-json\/wp\/v2\/posts\/15137\/revisions"}],"predecessor-version":[{"id":15144,"href":"https:\/\/agora.xtec.cat\/escolamossencinto\/wp-json\/wp\/v2\/posts\/15137\/revisions\/15144"}],"wp:featuredmedia":[{"embeddable":true,"href":"https:\/\/agora.xtec.cat\/escolamossencinto\/wp-json\/wp\/v2\/media\/15143"}],"wp:attachment":[{"href":"https:\/\/agora.xtec.cat\/escolamossencinto\/wp-json\/wp\/v2\/media?parent=15137"}],"wp:term":[{"taxonomy":"category","embeddable":true,"href":"https:\/\/agora.xtec.cat\/escolamossencinto\/wp-json\/wp\/v2\/categories?post=15137"},{"taxonomy":"post_tag","embeddable":true,"href":"https:\/\/agora.xtec.cat\/escolamossencinto\/wp-json\/wp\/v2\/tags?post=15137"}],"curies":[{"name":"wp","href":"https:\/\/api.w.org\/{rel}","templated":true}]}}