{"id":15075,"date":"2022-03-25T20:02:27","date_gmt":"2022-03-25T19:02:27","guid":{"rendered":"https:\/\/agora.xtec.cat\/escolamossencinto\/?p=15075"},"modified":"2022-04-04T10:00:37","modified_gmt":"2022-04-04T08:00:37","slug":"patis-oberts","status":"publish","type":"post","link":"https:\/\/agora.xtec.cat\/escolamossencinto\/portada\/patis-oberts\/","title":{"rendered":"Patis oberts!"},"content":{"rendered":"<p><img loading=\"lazy\" decoding=\"async\" class=\"alignnone size-full wp-image-15076\" src=\"https:\/\/agora.xtec.cat\/escolamossencinto\/wp-content\/uploads\/usu829\/2022\/03\/postal-MCV_page-0001.jpg\" alt=\"\" width=\"886\" height=\"621\" srcset=\"https:\/\/agora.xtec.cat\/escolamossencinto\/wp-content\/uploads\/usu829\/2022\/03\/postal-MCV_page-0001.jpg 886w, https:\/\/agora.xtec.cat\/escolamossencinto\/wp-content\/uploads\/usu829\/2022\/03\/postal-MCV_page-0001-300x210.jpg 300w, https:\/\/agora.xtec.cat\/escolamossencinto\/wp-content\/uploads\/usu829\/2022\/03\/postal-MCV_page-0001-768x538.jpg 768w\" sizes=\"auto, (max-width: 886px) 100vw, 886px\" \/><\/p>\n<p style=\"font-weight: 400;\">Benvolguda comunitat educativa del Cinto Verdaguer,<\/p>\n<p style=\"font-weight: 400;\">Obrir els patis de les escoles optimitza els recursos p\u00fablics, ofereix un entorn l\u00fadic segur i promou el civisme. Per aix\u00f2, a partir d\u2019 aquest\u00a0<strong>DISSABTE 26 de mar\u00e7<\/strong>\u00a0<strong>de 16:00 a 19:00h i fins al dissabte 11 de juny<\/strong>, es dona continu\u00eftat al projecte pilot Patis Oberts, iniciat abans de la pand\u00e8mia i que ha estat consensuat entre el servei d\u2019Inf\u00e0ncia i Educaci\u00f3 i la direcci\u00f3 del centre escolar en representaci\u00f3 de la comunitat educativa.<\/p>\n<p style=\"font-weight: 400;\">El pati romandr\u00e0 obert nom\u00e9s els dies laborables i disposar\u00e0 de vigil\u00e0ncia i dinamitzaci\u00f3 de les activitats per part d\u2019un professional que vetllar\u00e0 pel bon \u00fas de l\u2019espai i per les mesures de prevenci\u00f3 de la COVID-19.<\/p>\n<p style=\"font-weight: 400;\">Tots els infants menors de 12 anys hauran d\u2019anar acompanyats d\u2019algun adult que en ser\u00e0 el responsable i estar\u00e0 present en tot moment.<\/p>\n<p style=\"font-weight: 400;\">Us hi esperem, veniu a jugar!<\/p>\n<p>&nbsp;<\/p>\n<p><img loading=\"lazy\" decoding=\"async\" class=\"alignnone size-large wp-image-15107\" src=\"https:\/\/agora.xtec.cat\/escolamossencinto\/wp-content\/uploads\/usu829\/2022\/03\/CARTA-families-MCV_page-0001-724x1024.jpg\" alt=\"\" width=\"724\" height=\"1024\" srcset=\"https:\/\/agora.xtec.cat\/escolamossencinto\/wp-content\/uploads\/usu829\/2022\/03\/CARTA-families-MCV_page-0001-724x1024.jpg 724w, https:\/\/agora.xtec.cat\/escolamossencinto\/wp-content\/uploads\/usu829\/2022\/03\/CARTA-families-MCV_page-0001-212x300.jpg 212w, https:\/\/agora.xtec.cat\/escolamossencinto\/wp-content\/uploads\/usu829\/2022\/03\/CARTA-families-MCV_page-0001-768x1086.jpg 768w, https:\/\/agora.xtec.cat\/escolamossencinto\/wp-content\/uploads\/usu829\/2022\/03\/CARTA-families-MCV_page-0001-1086x1536.jpg 1086w, https:\/\/agora.xtec.cat\/escolamossencinto\/wp-content\/uploads\/usu829\/2022\/03\/CARTA-families-MCV_page-0001.jpg 1241w\" sizes=\"auto, (max-width: 724px) 100vw, 724px\" \/><\/p>\n","protected":false},"excerpt":{"rendered":"<p>Benvolguda comunitat educativa del Cinto Verdaguer, Obrir els patis de les escoles optimitza els recursos p\u00fablics, ofereix un entorn l\u00fadic segur i promou el civisme. Per aix\u00f2, a partir d\u2019 aquest\u00a0DISSABTE 26 de mar\u00e7\u00a0de 16:00 a 19:00h i fins al dissabte 11 de juny, es dona continu\u00eftat al projecte pilot Patis Oberts, iniciat abans de [&hellip;]<\/p>\n","protected":false},"author":1,"featured_media":15076,"comment_status":"closed","ping_status":"closed","sticky":false,"template":"","format":"standard","meta":{"_bbp_topic_count":0,"_bbp_reply_count":0,"_bbp_total_topic_count":0,"_bbp_total_reply_count":0,"_bbp_voice_count":0,"_bbp_anonymous_reply_count":0,"_bbp_topic_count_hidden":0,"_bbp_reply_count_hidden":0,"_bbp_forum_subforum_count":0,"site-sidebar-layout":"default","site-content-layout":"","ast-site-content-layout":"","site-content-style":"default","site-sidebar-style":"default","ast-global-header-display":"","ast-banner-title-visibility":"","ast-main-header-display":"","ast-hfb-above-header-display":"","ast-hfb-below-header-display":"","ast-hfb-mobile-header-display":"","site-post-title":"","ast-breadcrumbs-content":"","ast-featured-img":"","footer-sml-layout":"","theme-transparent-header-meta":"","adv-header-id-meta":"","stick-header-meta":"","header-above-stick-meta":"","header-main-stick-meta":"","header-below-stick-meta":"","astra-migrate-meta-layouts":"default","ast-page-background-enabled":"default","ast-page-background-meta":{"desktop":{"background-color":"var(--ast-global-color-4)","background-image":"","background-repeat":"repeat","background-position":"center center","background-size":"auto","background-attachment":"scroll","background-type":"","background-media":"","overlay-type":"","overlay-color":"","overlay-opacity":"","overlay-gradient":""},"tablet":{"background-color":"","background-image":"","background-repeat":"repeat","background-position":"center center","background-size":"auto","background-attachment":"scroll","background-type":"","background-media":"","overlay-type":"","overlay-color":"","overlay-opacity":"","overlay-gradient":""},"mobile":{"background-color":"","background-image":"","background-repeat":"repeat","background-position":"center center","background-size":"auto","background-attachment":"scroll","background-type":"","background-media":"","overlay-type":"","overlay-color":"","overlay-opacity":"","overlay-gradient":""}},"ast-content-background-meta":{"desktop":{"background-color":"var(--ast-global-color-5)","background-image":"","background-repeat":"repeat","background-position":"center center","background-size":"auto","background-attachment":"scroll","background-type":"","background-media":"","overlay-type":"","overlay-color":"","overlay-opacity":"","overlay-gradient":""},"tablet":{"background-color":"var(--ast-global-color-5)","background-image":"","background-repeat":"repeat","background-position":"center center","background-size":"auto","background-attachment":"scroll","background-type":"","background-media":"","overlay-type":"","overlay-color":"","overlay-opacity":"","overlay-gradient":""},"mobile":{"background-color":"var(--ast-global-color-5)","background-image":"","background-repeat":"repeat","background-position":"center center","background-size":"auto","background-attachment":"scroll","background-type":"","background-media":"","overlay-type":"","overlay-color":"","overlay-opacity":"","overlay-gradient":""}},"footnotes":""},"categories":[4],"tags":[709],"class_list":["post-15075","post","type-post","status-publish","format-standard","has-post-thumbnail","hentry","category-portada","tag-patis-oberts"],"post_mailing_queue_ids":[],"_links":{"self":[{"href":"https:\/\/agora.xtec.cat\/escolamossencinto\/wp-json\/wp\/v2\/posts\/15075","targetHints":{"allow":["GET"]}}],"collection":[{"href":"https:\/\/agora.xtec.cat\/escolamossencinto\/wp-json\/wp\/v2\/posts"}],"about":[{"href":"https:\/\/agora.xtec.cat\/escolamossencinto\/wp-json\/wp\/v2\/types\/post"}],"author":[{"embeddable":true,"href":"https:\/\/agora.xtec.cat\/escolamossencinto\/wp-json\/wp\/v2\/users\/1"}],"replies":[{"embeddable":true,"href":"https:\/\/agora.xtec.cat\/escolamossencinto\/wp-json\/wp\/v2\/comments?post=15075"}],"version-history":[{"count":2,"href":"https:\/\/agora.xtec.cat\/escolamossencinto\/wp-json\/wp\/v2\/posts\/15075\/revisions"}],"predecessor-version":[{"id":15108,"href":"https:\/\/agora.xtec.cat\/escolamossencinto\/wp-json\/wp\/v2\/posts\/15075\/revisions\/15108"}],"wp:featuredmedia":[{"embeddable":true,"href":"https:\/\/agora.xtec.cat\/escolamossencinto\/wp-json\/wp\/v2\/media\/15076"}],"wp:attachment":[{"href":"https:\/\/agora.xtec.cat\/escolamossencinto\/wp-json\/wp\/v2\/media?parent=15075"}],"wp:term":[{"taxonomy":"category","embeddable":true,"href":"https:\/\/agora.xtec.cat\/escolamossencinto\/wp-json\/wp\/v2\/categories?post=15075"},{"taxonomy":"post_tag","embeddable":true,"href":"https:\/\/agora.xtec.cat\/escolamossencinto\/wp-json\/wp\/v2\/tags?post=15075"}],"curies":[{"name":"wp","href":"https:\/\/api.w.org\/{rel}","templated":true}]}}