{"id":15069,"date":"2022-03-24T12:56:12","date_gmt":"2022-03-24T11:56:12","guid":{"rendered":"https:\/\/agora.xtec.cat\/escolamossencinto\/?p=15069"},"modified":"2022-03-24T12:56:45","modified_gmt":"2022-03-24T11:56:45","slug":"dia-mundial-de-laigua","status":"publish","type":"post","link":"https:\/\/agora.xtec.cat\/escolamossencinto\/altres-blocs\/medi-ambient\/dia-mundial-de-laigua\/","title":{"rendered":"Dia mundial de l&#8217;aigua"},"content":{"rendered":"<p>L\u2019Ag\u00e8ncia Catalana de l\u2019Aigua (ACA), com administraci\u00f3 de gesti\u00f3 p\u00fablica de l\u2019aigua a Catalunya, participa activament en el Dia Mundial de l\u2019Aigua, una cita emblem\u00e0tica que se celebra cada 22 de mar\u00e7, data proposada per la Confer\u00e8ncia de les Nacions Unides sobre el Medi Ambient i el Desenvolupament (CNUMAD) a Rio de Janeiro, l&#8217;any 1992.<\/p>\n<p>Per aquest any, el tema escollit per al Dia Mundial de l&#8217;Aigua 2022 \u00e9s: \u201c<a href=\"https:\/\/www.worldwaterday.org\/\" target=\"_blank\" rel=\"noopener\">Groundwater: making the invisible visible<\/a>\u201d &gt; \u201cAig\u00fces subterr\u00e0nies: fent visible all\u00f2 invisible\u201d. Aquest \u00e9s un pas important per obtenir l&#8217;atenci\u00f3 necess\u00e0ria per al paper dels recursos d&#8217;aigua subterr\u00e0nia mundials.<\/p>\n<p><a href=\"https:\/\/agora.xtec.cat\/escolamossencinto\/wp-content\/uploads\/usu829\/2022\/03\/dia-mundial-aigua-2022.jpg_864520311.jpg\"><img loading=\"lazy\" decoding=\"async\" class=\"size-full wp-image-15070 aligncenter\" src=\"https:\/\/agora.xtec.cat\/escolamossencinto\/wp-content\/uploads\/usu829\/2022\/03\/dia-mundial-aigua-2022.jpg_864520311.jpg\" alt=\"\" width=\"360\" height=\"360\" srcset=\"https:\/\/agora.xtec.cat\/escolamossencinto\/wp-content\/uploads\/usu829\/2022\/03\/dia-mundial-aigua-2022.jpg_864520311.jpg 360w, https:\/\/agora.xtec.cat\/escolamossencinto\/wp-content\/uploads\/usu829\/2022\/03\/dia-mundial-aigua-2022.jpg_864520311-300x300.jpg 300w, https:\/\/agora.xtec.cat\/escolamossencinto\/wp-content\/uploads\/usu829\/2022\/03\/dia-mundial-aigua-2022.jpg_864520311-150x150.jpg 150w\" sizes=\"auto, (max-width: 360px) 100vw, 360px\" \/><\/a><\/p>\n","protected":false},"excerpt":{"rendered":"<p>L\u2019Ag\u00e8ncia Catalana de l\u2019Aigua (ACA), com administraci\u00f3 de gesti\u00f3 p\u00fablica de l\u2019aigua a Catalunya, participa activament en el Dia Mundial de l\u2019Aigua, una cita emblem\u00e0tica que se celebra cada 22 de mar\u00e7, data proposada per la Confer\u00e8ncia de les Nacions Unides sobre el Medi Ambient i el Desenvolupament (CNUMAD) a Rio de Janeiro, l&#8217;any 1992. [&hellip;]<\/p>\n","protected":false},"author":5,"featured_media":0,"comment_status":"closed","ping_status":"closed","sticky":false,"template":"","format":"standard","meta":{"_bbp_topic_count":0,"_bbp_reply_count":0,"_bbp_total_topic_count":0,"_bbp_total_reply_count":0,"_bbp_voice_count":0,"_bbp_anonymous_reply_count":0,"_bbp_topic_count_hidden":0,"_bbp_reply_count_hidden":0,"_bbp_forum_subforum_count":0,"site-sidebar-layout":"default","site-content-layout":"","ast-site-content-layout":"","site-content-style":"default","site-sidebar-style":"default","ast-global-header-display":"","ast-banner-title-visibility":"","ast-main-header-display":"","ast-hfb-above-header-display":"","ast-hfb-below-header-display":"","ast-hfb-mobile-header-display":"","site-post-title":"","ast-breadcrumbs-content":"","ast-featured-img":"","footer-sml-layout":"","theme-transparent-header-meta":"","adv-header-id-meta":"","stick-header-meta":"","header-above-stick-meta":"","header-main-stick-meta":"","header-below-stick-meta":"","astra-migrate-meta-layouts":"default","ast-page-background-enabled":"default","ast-page-background-meta":{"desktop":{"background-color":"var(--ast-global-color-4)","background-image":"","background-repeat":"repeat","background-position":"center center","background-size":"auto","background-attachment":"scroll","background-type":"","background-media":"","overlay-type":"","overlay-color":"","overlay-opacity":"","overlay-gradient":""},"tablet":{"background-color":"","background-image":"","background-repeat":"repeat","background-position":"center center","background-size":"auto","background-attachment":"scroll","background-type":"","background-media":"","overlay-type":"","overlay-color":"","overlay-opacity":"","overlay-gradient":""},"mobile":{"background-color":"","background-image":"","background-repeat":"repeat","background-position":"center center","background-size":"auto","background-attachment":"scroll","background-type":"","background-media":"","overlay-type":"","overlay-color":"","overlay-opacity":"","overlay-gradient":""}},"ast-content-background-meta":{"desktop":{"background-color":"var(--ast-global-color-5)","background-image":"","background-repeat":"repeat","background-position":"center center","background-size":"auto","background-attachment":"scroll","background-type":"","background-media":"","overlay-type":"","overlay-color":"","overlay-opacity":"","overlay-gradient":""},"tablet":{"background-color":"var(--ast-global-color-5)","background-image":"","background-repeat":"repeat","background-position":"center center","background-size":"auto","background-attachment":"scroll","background-type":"","background-media":"","overlay-type":"","overlay-color":"","overlay-opacity":"","overlay-gradient":""},"mobile":{"background-color":"var(--ast-global-color-5)","background-image":"","background-repeat":"repeat","background-position":"center center","background-size":"auto","background-attachment":"scroll","background-type":"","background-media":"","overlay-type":"","overlay-color":"","overlay-opacity":"","overlay-gradient":""}},"footnotes":""},"categories":[35],"tags":[],"class_list":["post-15069","post","type-post","status-publish","format-standard","hentry","category-medi-ambient"],"post_mailing_queue_ids":[],"_links":{"self":[{"href":"https:\/\/agora.xtec.cat\/escolamossencinto\/wp-json\/wp\/v2\/posts\/15069","targetHints":{"allow":["GET"]}}],"collection":[{"href":"https:\/\/agora.xtec.cat\/escolamossencinto\/wp-json\/wp\/v2\/posts"}],"about":[{"href":"https:\/\/agora.xtec.cat\/escolamossencinto\/wp-json\/wp\/v2\/types\/post"}],"author":[{"embeddable":true,"href":"https:\/\/agora.xtec.cat\/escolamossencinto\/wp-json\/wp\/v2\/users\/5"}],"replies":[{"embeddable":true,"href":"https:\/\/agora.xtec.cat\/escolamossencinto\/wp-json\/wp\/v2\/comments?post=15069"}],"version-history":[{"count":2,"href":"https:\/\/agora.xtec.cat\/escolamossencinto\/wp-json\/wp\/v2\/posts\/15069\/revisions"}],"predecessor-version":[{"id":15072,"href":"https:\/\/agora.xtec.cat\/escolamossencinto\/wp-json\/wp\/v2\/posts\/15069\/revisions\/15072"}],"wp:attachment":[{"href":"https:\/\/agora.xtec.cat\/escolamossencinto\/wp-json\/wp\/v2\/media?parent=15069"}],"wp:term":[{"taxonomy":"category","embeddable":true,"href":"https:\/\/agora.xtec.cat\/escolamossencinto\/wp-json\/wp\/v2\/categories?post=15069"},{"taxonomy":"post_tag","embeddable":true,"href":"https:\/\/agora.xtec.cat\/escolamossencinto\/wp-json\/wp\/v2\/tags?post=15069"}],"curies":[{"name":"wp","href":"https:\/\/api.w.org\/{rel}","templated":true}]}}