{"id":15065,"date":"2022-03-24T12:52:46","date_gmt":"2022-03-24T11:52:46","guid":{"rendered":"https:\/\/agora.xtec.cat\/escolamossencinto\/?p=15065"},"modified":"2022-03-24T12:52:46","modified_gmt":"2022-03-24T11:52:46","slug":"dia-internacional-dels-boscos","status":"publish","type":"post","link":"https:\/\/agora.xtec.cat\/escolamossencinto\/altres-blocs\/medi-ambient\/dia-internacional-dels-boscos\/","title":{"rendered":"Dia internacional dels boscos"},"content":{"rendered":"<p style=\"text-align: left\">Cada any, el\u00a0<a href=\"http:\/\/www.fao.org\/international-day-of-forests\/es\/\" target=\"_blank\" rel=\"noopener\"><strong>Dia Internacional dels Boscos<\/strong><\/a>\u00a0celebrem les formes en qu\u00e8 els boscos i els arbres sostenen i ens protegeixen.\u00a0Un dia que neix amb la finalitat de celebrar la import\u00e0ncia dels boscos i de la necessitat de preservar-los com a pulmons per a la humanitat. Aquesta celebraci\u00f3 global dels boscos proporciona una plataforma per donar a con\u00e8ixer la import\u00e0ncia de tot tipus de boscos i arbres, i celebrar les maneres en qu\u00e8 ens sustenta i protegeix.<\/p>\n<p style=\"text-align: left\">El 2012, l&#8217;Assemblea General de les Nacions Unides va proclamar el 21 de mar\u00e7 com a Dia Internacional dels Boscos.\u00a0Mitjan\u00e7ant la seva celebraci\u00f3 es ret homenatge a la import\u00e0ncia de tots els tipus de boscos i s&#8217;intenta generar consci\u00e8ncia sobre aix\u00f2. Cada vegada que se celebra el Dia Internacional dels Boscos, s&#8217;encoratja els pa\u00efsos a adoptar iniciatives en el pla local, nacional i internacional per a l&#8217;organitzaci\u00f3 d&#8217;activitats relacionades amb els boscos i els arbre.<\/p>\n<p style=\"text-align: left\"><a href=\"https:\/\/youtu.be\/NJm2jV2CE5E\">v\u00eddeo sobre el dia internacional dels boscos<\/a><\/p>\n<p><a href=\"https:\/\/agora.xtec.cat\/escolamossencinto\/wp-content\/uploads\/usu829\/2022\/03\/dia-internacional-dels-boscos.png\"><img loading=\"lazy\" decoding=\"async\" class=\"alignnone size-full wp-image-15066\" src=\"https:\/\/agora.xtec.cat\/escolamossencinto\/wp-content\/uploads\/usu829\/2022\/03\/dia-internacional-dels-boscos.png\" alt=\"\" width=\"800\" height=\"800\" srcset=\"https:\/\/agora.xtec.cat\/escolamossencinto\/wp-content\/uploads\/usu829\/2022\/03\/dia-internacional-dels-boscos.png 800w, https:\/\/agora.xtec.cat\/escolamossencinto\/wp-content\/uploads\/usu829\/2022\/03\/dia-internacional-dels-boscos-300x300.png 300w, https:\/\/agora.xtec.cat\/escolamossencinto\/wp-content\/uploads\/usu829\/2022\/03\/dia-internacional-dels-boscos-150x150.png 150w, https:\/\/agora.xtec.cat\/escolamossencinto\/wp-content\/uploads\/usu829\/2022\/03\/dia-internacional-dels-boscos-768x768.png 768w\" sizes=\"auto, (max-width: 800px) 100vw, 800px\" \/><\/a><\/p>\n","protected":false},"excerpt":{"rendered":"<p>Cada any, el\u00a0Dia Internacional dels Boscos\u00a0celebrem les formes en qu\u00e8 els boscos i els arbres sostenen i ens protegeixen.\u00a0Un dia que neix amb la finalitat de celebrar la import\u00e0ncia dels boscos i de la necessitat de preservar-los com a pulmons per a la humanitat. Aquesta celebraci\u00f3 global dels boscos proporciona una plataforma per donar a [&hellip;]<\/p>\n","protected":false},"author":5,"featured_media":15068,"comment_status":"closed","ping_status":"closed","sticky":false,"template":"","format":"standard","meta":{"_bbp_topic_count":0,"_bbp_reply_count":0,"_bbp_total_topic_count":0,"_bbp_total_reply_count":0,"_bbp_voice_count":0,"_bbp_anonymous_reply_count":0,"_bbp_topic_count_hidden":0,"_bbp_reply_count_hidden":0,"_bbp_forum_subforum_count":0,"site-sidebar-layout":"default","site-content-layout":"","ast-site-content-layout":"","site-content-style":"default","site-sidebar-style":"default","ast-global-header-display":"","ast-banner-title-visibility":"","ast-main-header-display":"","ast-hfb-above-header-display":"","ast-hfb-below-header-display":"","ast-hfb-mobile-header-display":"","site-post-title":"","ast-breadcrumbs-content":"","ast-featured-img":"","footer-sml-layout":"","theme-transparent-header-meta":"","adv-header-id-meta":"","stick-header-meta":"","header-above-stick-meta":"","header-main-stick-meta":"","header-below-stick-meta":"","astra-migrate-meta-layouts":"default","ast-page-background-enabled":"default","ast-page-background-meta":{"desktop":{"background-color":"var(--ast-global-color-4)","background-image":"","background-repeat":"repeat","background-position":"center center","background-size":"auto","background-attachment":"scroll","background-type":"","background-media":"","overlay-type":"","overlay-color":"","overlay-opacity":"","overlay-gradient":""},"tablet":{"background-color":"","background-image":"","background-repeat":"repeat","background-position":"center center","background-size":"auto","background-attachment":"scroll","background-type":"","background-media":"","overlay-type":"","overlay-color":"","overlay-opacity":"","overlay-gradient":""},"mobile":{"background-color":"","background-image":"","background-repeat":"repeat","background-position":"center center","background-size":"auto","background-attachment":"scroll","background-type":"","background-media":"","overlay-type":"","overlay-color":"","overlay-opacity":"","overlay-gradient":""}},"ast-content-background-meta":{"desktop":{"background-color":"var(--ast-global-color-5)","background-image":"","background-repeat":"repeat","background-position":"center center","background-size":"auto","background-attachment":"scroll","background-type":"","background-media":"","overlay-type":"","overlay-color":"","overlay-opacity":"","overlay-gradient":""},"tablet":{"background-color":"var(--ast-global-color-5)","background-image":"","background-repeat":"repeat","background-position":"center center","background-size":"auto","background-attachment":"scroll","background-type":"","background-media":"","overlay-type":"","overlay-color":"","overlay-opacity":"","overlay-gradient":""},"mobile":{"background-color":"var(--ast-global-color-5)","background-image":"","background-repeat":"repeat","background-position":"center center","background-size":"auto","background-attachment":"scroll","background-type":"","background-media":"","overlay-type":"","overlay-color":"","overlay-opacity":"","overlay-gradient":""}},"footnotes":""},"categories":[35],"tags":[],"class_list":["post-15065","post","type-post","status-publish","format-standard","has-post-thumbnail","hentry","category-medi-ambient"],"post_mailing_queue_ids":[],"_links":{"self":[{"href":"https:\/\/agora.xtec.cat\/escolamossencinto\/wp-json\/wp\/v2\/posts\/15065","targetHints":{"allow":["GET"]}}],"collection":[{"href":"https:\/\/agora.xtec.cat\/escolamossencinto\/wp-json\/wp\/v2\/posts"}],"about":[{"href":"https:\/\/agora.xtec.cat\/escolamossencinto\/wp-json\/wp\/v2\/types\/post"}],"author":[{"embeddable":true,"href":"https:\/\/agora.xtec.cat\/escolamossencinto\/wp-json\/wp\/v2\/users\/5"}],"replies":[{"embeddable":true,"href":"https:\/\/agora.xtec.cat\/escolamossencinto\/wp-json\/wp\/v2\/comments?post=15065"}],"version-history":[{"count":1,"href":"https:\/\/agora.xtec.cat\/escolamossencinto\/wp-json\/wp\/v2\/posts\/15065\/revisions"}],"predecessor-version":[{"id":15067,"href":"https:\/\/agora.xtec.cat\/escolamossencinto\/wp-json\/wp\/v2\/posts\/15065\/revisions\/15067"}],"wp:featuredmedia":[{"embeddable":true,"href":"https:\/\/agora.xtec.cat\/escolamossencinto\/wp-json\/wp\/v2\/media\/15068"}],"wp:attachment":[{"href":"https:\/\/agora.xtec.cat\/escolamossencinto\/wp-json\/wp\/v2\/media?parent=15065"}],"wp:term":[{"taxonomy":"category","embeddable":true,"href":"https:\/\/agora.xtec.cat\/escolamossencinto\/wp-json\/wp\/v2\/categories?post=15065"},{"taxonomy":"post_tag","embeddable":true,"href":"https:\/\/agora.xtec.cat\/escolamossencinto\/wp-json\/wp\/v2\/tags?post=15065"}],"curies":[{"name":"wp","href":"https:\/\/api.w.org\/{rel}","templated":true}]}}