{"id":14919,"date":"2022-02-24T15:37:52","date_gmt":"2022-02-24T14:37:52","guid":{"rendered":"https:\/\/agora.xtec.cat\/escolamossencinto\/?p=14919"},"modified":"2022-02-24T15:37:52","modified_gmt":"2022-02-24T14:37:52","slug":"anem-a-la-radio","status":"publish","type":"post","link":"https:\/\/agora.xtec.cat\/escolamossencinto\/general\/anem-a-la-radio\/","title":{"rendered":"Anem a la r\u00e0dio"},"content":{"rendered":"<p style=\"text-align: center\"><strong>Celebraci\u00f3 del Dia mundial de la llengua materna a la r\u00e0dio Rub\u00ed<\/strong><\/p>\n<p>El dilluns 21 dos representants de l&#8217;aula d&#8217;acollida de la nostra escola van assistir a r\u00e0dio Rub\u00ed a parlar sobre les seves lleng\u00fces maternes. Ens ho vam passar molt b\u00e9 i volem que gaudiu amb nosaltres d&#8217;aquesta entrevista tant interessant!<\/p>\n<p style=\"text-align: center\">A m\u00e9s a m\u00e9s us adjuntem una can\u00e7\u00f3 perqu\u00e8 tenim un tresor que hem de posar en valor. Vinguem d\u2019on vinguem, sentiu-vos acollits, respectem-nos i valorem les nostres difer\u00e8ncies culturals i ling\u00fc\u00edstiques, no oblidem els or\u00edgens i aprenguem la llengua catalana, i sentim-nos com diu la can\u00e7\u00f3 de Txarango un sol poble! <a href=\"https:\/\/www.youtube.com\/watch?v=Z-LbL_ubB0M\">https:\/\/www.youtube.com\/watch?v=Z-LbL_ubB0M<\/a><\/p>\n<p><a href=\"https:\/\/agora.xtec.cat\/escolamossencinto\/wp-content\/uploads\/usu829\/2022\/02\/radio.jpg\"><img loading=\"lazy\" decoding=\"async\" class=\"aligncenter size-large wp-image-14920\" src=\"https:\/\/agora.xtec.cat\/escolamossencinto\/wp-content\/uploads\/usu829\/2022\/02\/radio-768x1024.jpg\" alt=\"\" width=\"768\" height=\"1024\" srcset=\"https:\/\/agora.xtec.cat\/escolamossencinto\/wp-content\/uploads\/usu829\/2022\/02\/radio-768x1024.jpg 768w, https:\/\/agora.xtec.cat\/escolamossencinto\/wp-content\/uploads\/usu829\/2022\/02\/radio-225x300.jpg 225w, https:\/\/agora.xtec.cat\/escolamossencinto\/wp-content\/uploads\/usu829\/2022\/02\/radio-1152x1536.jpg 1152w, https:\/\/agora.xtec.cat\/escolamossencinto\/wp-content\/uploads\/usu829\/2022\/02\/radio.jpg 1500w\" sizes=\"auto, (max-width: 768px) 100vw, 768px\" \/><\/a><\/p>\n<p>El programa: <a href=\"https:\/\/www.radiorubi.fm\/programs\/entrevistes-rubi-al-dia\/radiorubi_podcast_18562\">https:\/\/www.radiorubi.fm\/programs\/entrevistes-rubi-al-dia\/radiorubi_podcast_18562\u00a0<\/a><\/p>\n<p>&nbsp;<\/p>\n<p>Moltes gr\u00e0cies!\ud83d\ude18\ud83d\ude18\ud83d\ude18<\/p>\n<p>&nbsp;<\/p>\n<p>&nbsp;<\/p>\n","protected":false},"excerpt":{"rendered":"<p>Celebraci\u00f3 del Dia mundial de la llengua materna a la r\u00e0dio Rub\u00ed El dilluns 21 dos representants de l&#8217;aula d&#8217;acollida de la nostra escola van assistir a r\u00e0dio Rub\u00ed a parlar sobre les seves lleng\u00fces maternes. Ens ho vam passar molt b\u00e9 i volem que gaudiu amb nosaltres d&#8217;aquesta entrevista tant interessant! A m\u00e9s a [&hellip;]<\/p>\n","protected":false},"author":5,"featured_media":14922,"comment_status":"closed","ping_status":"closed","sticky":false,"template":"","format":"standard","meta":{"_bbp_topic_count":0,"_bbp_reply_count":0,"_bbp_total_topic_count":0,"_bbp_total_reply_count":0,"_bbp_voice_count":0,"_bbp_anonymous_reply_count":0,"_bbp_topic_count_hidden":0,"_bbp_reply_count_hidden":0,"_bbp_forum_subforum_count":0,"site-sidebar-layout":"default","site-content-layout":"","ast-site-content-layout":"","site-content-style":"default","site-sidebar-style":"default","ast-global-header-display":"","ast-banner-title-visibility":"","ast-main-header-display":"","ast-hfb-above-header-display":"","ast-hfb-below-header-display":"","ast-hfb-mobile-header-display":"","site-post-title":"","ast-breadcrumbs-content":"","ast-featured-img":"","footer-sml-layout":"","theme-transparent-header-meta":"","adv-header-id-meta":"","stick-header-meta":"","header-above-stick-meta":"","header-main-stick-meta":"","header-below-stick-meta":"","astra-migrate-meta-layouts":"default","ast-page-background-enabled":"default","ast-page-background-meta":{"desktop":{"background-color":"var(--ast-global-color-4)","background-image":"","background-repeat":"repeat","background-position":"center center","background-size":"auto","background-attachment":"scroll","background-type":"","background-media":"","overlay-type":"","overlay-color":"","overlay-opacity":"","overlay-gradient":""},"tablet":{"background-color":"","background-image":"","background-repeat":"repeat","background-position":"center center","background-size":"auto","background-attachment":"scroll","background-type":"","background-media":"","overlay-type":"","overlay-color":"","overlay-opacity":"","overlay-gradient":""},"mobile":{"background-color":"","background-image":"","background-repeat":"repeat","background-position":"center center","background-size":"auto","background-attachment":"scroll","background-type":"","background-media":"","overlay-type":"","overlay-color":"","overlay-opacity":"","overlay-gradient":""}},"ast-content-background-meta":{"desktop":{"background-color":"var(--ast-global-color-5)","background-image":"","background-repeat":"repeat","background-position":"center center","background-size":"auto","background-attachment":"scroll","background-type":"","background-media":"","overlay-type":"","overlay-color":"","overlay-opacity":"","overlay-gradient":""},"tablet":{"background-color":"var(--ast-global-color-5)","background-image":"","background-repeat":"repeat","background-position":"center center","background-size":"auto","background-attachment":"scroll","background-type":"","background-media":"","overlay-type":"","overlay-color":"","overlay-opacity":"","overlay-gradient":""},"mobile":{"background-color":"var(--ast-global-color-5)","background-image":"","background-repeat":"repeat","background-position":"center center","background-size":"auto","background-attachment":"scroll","background-type":"","background-media":"","overlay-type":"","overlay-color":"","overlay-opacity":"","overlay-gradient":""}},"footnotes":""},"categories":[15,1],"tags":[],"class_list":["post-14919","post","type-post","status-publish","format-standard","has-post-thumbnail","hentry","category-6e","category-general"],"post_mailing_queue_ids":[],"_links":{"self":[{"href":"https:\/\/agora.xtec.cat\/escolamossencinto\/wp-json\/wp\/v2\/posts\/14919","targetHints":{"allow":["GET"]}}],"collection":[{"href":"https:\/\/agora.xtec.cat\/escolamossencinto\/wp-json\/wp\/v2\/posts"}],"about":[{"href":"https:\/\/agora.xtec.cat\/escolamossencinto\/wp-json\/wp\/v2\/types\/post"}],"author":[{"embeddable":true,"href":"https:\/\/agora.xtec.cat\/escolamossencinto\/wp-json\/wp\/v2\/users\/5"}],"replies":[{"embeddable":true,"href":"https:\/\/agora.xtec.cat\/escolamossencinto\/wp-json\/wp\/v2\/comments?post=14919"}],"version-history":[{"count":2,"href":"https:\/\/agora.xtec.cat\/escolamossencinto\/wp-json\/wp\/v2\/posts\/14919\/revisions"}],"predecessor-version":[{"id":14923,"href":"https:\/\/agora.xtec.cat\/escolamossencinto\/wp-json\/wp\/v2\/posts\/14919\/revisions\/14923"}],"wp:featuredmedia":[{"embeddable":true,"href":"https:\/\/agora.xtec.cat\/escolamossencinto\/wp-json\/wp\/v2\/media\/14922"}],"wp:attachment":[{"href":"https:\/\/agora.xtec.cat\/escolamossencinto\/wp-json\/wp\/v2\/media?parent=14919"}],"wp:term":[{"taxonomy":"category","embeddable":true,"href":"https:\/\/agora.xtec.cat\/escolamossencinto\/wp-json\/wp\/v2\/categories?post=14919"},{"taxonomy":"post_tag","embeddable":true,"href":"https:\/\/agora.xtec.cat\/escolamossencinto\/wp-json\/wp\/v2\/tags?post=14919"}],"curies":[{"name":"wp","href":"https:\/\/api.w.org\/{rel}","templated":true}]}}