{"id":14592,"date":"2021-12-20T13:18:46","date_gmt":"2021-12-20T12:18:46","guid":{"rendered":"https:\/\/agora.xtec.cat\/escolamossencinto\/?p=14592"},"modified":"2021-12-20T13:18:46","modified_gmt":"2021-12-20T12:18:46","slug":"per-un-nadal-amb-valors","status":"publish","type":"post","link":"https:\/\/agora.xtec.cat\/escolamossencinto\/altres-blocs\/coeducacio-igualtat-genere\/per-un-nadal-amb-valors\/","title":{"rendered":"PER UN NADAL AMB VALORS"},"content":{"rendered":"<p>S\u2019apropa el Nadal, una \u00e8poca molt especial per als infants, una \u00e8poca per gaudir del temps de lleure.<\/p>\n<p>Per aix\u00f2 avui us portem aquest <strong>dec\u00e0leg d\u2019idees per gaudir d\u2019unes vacances de Nadal en fam\u00edlia impregnades de valors<\/strong>. Perqu\u00e8 els nens i nenes es mereixen un Nadal ple de m\u00e0gia, somnis, il\u00b7lusions, solidaritat, moments compartits,\u2026 aix\u00ed com tamb\u00e9 es mereixen que els seguim educant en valors.<\/p>\n<ol>\n<li style=\"text-align: left\"><strong>Passar temps en fam\u00edlia: <\/strong>Aprofitem les vacances per fer sortides en fam\u00edlia (tot el que les mesures de prevenci\u00f3 de la pand\u00e8mia ens permetin): excursions en fam\u00edlia a l\u2019aire lliure, anar a la neu,\u00a0<a style=\"font-family: inherit;font-size: 1em\" href=\"https:\/\/cases.fundesplai.org\/\">passar uns dies en una casa de col\u00f2nies en plena natura<\/a><span style=\"font-family: inherit;font-size: 1em\">, visitar un pessebre vivent, un mercat de Nadal, una exposici\u00f3, anar al teatre o al cinema,\u2026<\/span><\/li>\n<\/ol>\n<p>Aprofitem tamb\u00e9 per fer\u00a0<a href=\"https:\/\/escoles.fundesplai.org\/blog\/21-idees-creatives-i-educatives-per-fer-amb-els-nens-i-nenes-a-casa\/\">activitats a casa en fam\u00edlia (Si cliqueu tindreu tot d&#8217;idees i manualitats per fer en fam\u00edlia)<\/a> ja ens vam entrenar molt durant el confinament,\u2026 per\u00f2 podem seguir fent manualitats, jocs de taula, explicant hist\u00f2ries i contes, cantant, ballant, cuinant junts,\u2026. divertint.-nos en fam\u00edlia. Tamb\u00e9 teniu <a href=\"https:\/\/escoles.fundesplai.org\/blog\/recursos\/19-decoracions-nadal-sostenibles\/\">https:\/\/escoles.fundesplai.org\/blog\/recursos\/19-decoracions-nadal-sostenibles<\/a><\/p>\n<p><strong>2. Apostar pel consum responsable:\u00a0<\/strong>Al Nadal sembla que tothom t\u00e9 tend\u00e8ncia a deixar-se portar per la publicitat, que associa de manera enganyosa la felicitat amb el consum desmesurat. Per\u00f2 al Nadal m\u00e9s que mai, hem d\u2019<strong>afavorir el consum responsable i conscient<\/strong>. I aix\u00f2 com ho fem?<\/p>\n<ul>\n<li>En primer lloc, reflexionant sobre la necessitat que tenim dels productes que adquirim<\/li>\n<li>Ajustant la quantitat d\u2019aliments i begudes i afavorint la qualitat i proximitat<\/li>\n<li>Comprant productes de\u00a0<a href=\"http:\/\/www.oxfamintermon.org\/ca\/sala-de-prensa\/nota-de-prensa\/regalar-benestar-nadal-gracies-al-comerc-just\">comer\u00e7 just<\/a>\u00a0sempre que puguem<\/li>\n<li>Regalar experi\u00e8ncies enlloc d\u2019objectes, per exemple,\u2026 qu\u00e8 tal si regales un\u00a0<a href=\"https:\/\/cases.fundesplai.org\/blog\/ofertes\/regala-un-xec-per-gaudir-de-la-natura-en-familia\/\">xec regal per un cap de setmana en fam\u00edlia a una casa de col\u00f2nies<\/a>?<\/li>\n<li>Mesurant la quantitat de regals i joguines que comprem i donant les joguines que ja no es fan servir perqu\u00e8 alg\u00fa les reutilitzi, evitant aix\u00ed l\u2019acumulaci\u00f3<\/li>\n<li>Buscar regals de segona m\u00e0 per potenciar la reutilitzaci\u00f3<\/li>\n<li><a style=\"color: #2795b6\" href=\"https:\/\/agora.xtec.cat\/escolamossencinto\/wp-content\/uploads\/usu829\/2021\/12\/personatges-Nadal-reciclats-Fundesplai-1.jpg\"><img loading=\"lazy\" decoding=\"async\" class=\" wp-image-14594 alignright\" src=\"https:\/\/agora.xtec.cat\/escolamossencinto\/wp-content\/uploads\/usu829\/2021\/12\/personatges-Nadal-reciclats-Fundesplai-1-300x184.jpg\" alt=\"\" width=\"320\" height=\"196\" srcset=\"https:\/\/agora.xtec.cat\/escolamossencinto\/wp-content\/uploads\/usu829\/2021\/12\/personatges-Nadal-reciclats-Fundesplai-1-300x184.jpg 300w, https:\/\/agora.xtec.cat\/escolamossencinto\/wp-content\/uploads\/usu829\/2021\/12\/personatges-Nadal-reciclats-Fundesplai-1.jpg 500w\" sizes=\"auto, (max-width: 320px) 100vw, 320px\" \/><\/a>Fabricar regals a casa DIY, per exemple\u00a0<a href=\"https:\/\/cases.fundesplai.org\/blog\/plantes\/9-aplicacions-per-a-les-plantes-medicinals\/\">sabons i altres productes de cosm\u00e8tica natural amb plantes medicinals<\/a><\/li>\n<li>Adquirir els regals en botigues de proximitat, afavorint la producci\u00f3 de proximitat i el teixit\u00a0social<\/li>\n<li>Vigilar amb els materials dels productes: evitar els materials pl\u00e0stics i afavorir la fusta i materials naturals<\/li>\n<li>Controlant la despesa energ\u00e8tica, sense abusar, per exemple, de la il\u00b7luminaci\u00f3 nadalenca ni la calefacci\u00f3<\/li>\n<li>Decorar la casa amb decoracions de paper, troncs, fulles o elements naturals, o material reciclat:<\/li>\n<li><a style=\"font-family: inherit;font-size: 1em\" href=\"https:\/\/cases.fundesplai.org\/blog\/activitats\/decoracions-nadal-papiroflexia\/\">4 decoracions de Nadal amb papirofl\u00e8xia<\/a><\/li>\n<li><a style=\"font-family: inherit;font-size: 1em\" href=\"https:\/\/escoles.fundesplai.org\/blog\/recursos\/19-decoracions-nadal-sostenibles\/\">19 decoracions de Nadal sostenibles<\/a><\/li>\n<\/ul>\n<p>Aqu\u00ed teniu un recull d\u2019idees per afavorir el consum responsable a casa amb les\u00a0<a href=\"http:\/\/www.consum.cat\/recomanacions\/nadal\/index.html\">recomanacions de l\u2019Ag\u00e8ncia Catalana de Consum<\/a>.<\/p>\n<p><strong>5. Triar jocs i joguines no sexistes ni violentes: <\/strong>Alguna vegada ens hem parat a analitzar els missatges subliminars que donen les joguines als nens i nenes? Si volem fer coeducaci\u00f3 o\u00a0<strong>educaci\u00f3 per la igualtat de g\u00e8neres<\/strong>, cal que anem amb molt de compte amb els jocs i joguines que regalem durant les festes.<\/p>\n<p>Perqu\u00e8 hi ha joguines que fomenten actituds violentes, discriminat\u00f2ries i estereotipades. I els estereotips que van absorbint al llarg de la inf\u00e0ncia els nens i nenes contribuiran a construir la seva personalitat i la seva identitat de g\u00e8nere. <a style=\"font-family: inherit;font-size: 1em\" href=\"https:\/\/escoles.fundesplai.org\/blog\/5-reflexions-per-triar-joguines-no-sexistes-ni-violentes\/\">5 reflexions p<\/a><a style=\"font-family: inherit;font-size: 1em\" href=\"https:\/\/escoles.fundesplai.org\/blog\/5-reflexions-per-triar-joguines-no-sexistes-ni-violentes\/\">er triar<\/a><a style=\"font-family: inherit;font-size: 1em\" href=\"https:\/\/escoles.fundesplai.org\/blog\/5-reflexions-per-triar-joguines-no-sexistes-ni-violentes\/\">\u00a0j<\/a><a style=\"font-family: inherit;font-size: 1em\" href=\"https:\/\/escoles.fundesplai.org\/blog\/5-reflexions-per-triar-joguines-no-sexistes-ni-violentes\/\">oguines<\/a><a style=\"font-family: inherit;font-size: 1em\" href=\"https:\/\/escoles.fundesplai.org\/blog\/5-reflexions-per-triar-joguines-no-sexistes-ni-violentes\/\"> no sexistes ni violentes. <\/a><a href=\"https:\/\/agora.xtec.cat\/escolamossencinto\/wp-content\/uploads\/usu829\/2021\/12\/909e89af-9de4-4354-9d1b-3524e17680de.png\"><img loading=\"lazy\" decoding=\"async\" class=\"aligncenter  wp-image-14595\" src=\"https:\/\/agora.xtec.cat\/escolamossencinto\/wp-content\/uploads\/usu829\/2021\/12\/909e89af-9de4-4354-9d1b-3524e17680de-300x169.png\" alt=\"\" width=\"398\" height=\"224\" srcset=\"https:\/\/agora.xtec.cat\/escolamossencinto\/wp-content\/uploads\/usu829\/2021\/12\/909e89af-9de4-4354-9d1b-3524e17680de-300x169.png 300w, https:\/\/agora.xtec.cat\/escolamossencinto\/wp-content\/uploads\/usu829\/2021\/12\/909e89af-9de4-4354-9d1b-3524e17680de.png 768w\" sizes=\"auto, (max-width: 398px) 100vw, 398px\" \/><\/a><\/p>\n<p><strong><span style=\"color: #000000\">10. Educar la solidaritat: <\/span><\/strong><span style=\"color: #000000\">Durant les festes de Nadal moltes entitats i associacions organitzen<strong>\u00a0activitats solid\u00e0ries en les que podem participar en fam\u00edlia<\/strong>; una campanya de recollida de joguines o roba, una\u00a0<a style=\"color: #000000\" href=\"https:\/\/fundesplai.org\/\">campanya perqu\u00e8 cap infant es quedi sense activitats de lleure<\/a>, el\u00a0<a style=\"color: #000000\" href=\"http:\/\/www.granrecapte.com\/\">gran recapte d\u2019aliments<\/a>, mercats solidaris, una campanya perqu\u00e8 els Reis Mags arribin a tots els nens i nenes, punts de recollida de joguines, fires d\u2019intercanvi, campanyes de comer\u00e7 just, sopars solidaris per a l<\/span><span style=\"color: #000000\">a gent gran, etc.<\/span><\/p>\n<p><span style=\"color: #000000\">Per\u00f2 per ser solidari no cal participar en alguna d\u2019aquestes campanyes de Nadal: podem ser solidaris amb els germans i amics i amigues quan necessiten la nostra ajuda, amb els ve\u00efns, amb les persones que creuem cada dia pel carrer,\u2026\u00a0<strong>nom\u00e9s hem de mirar al voltant nostre i veure si amb les nostres capacitats i habilitats podem ajudar a les persones que ens envolten<\/strong>.<\/span><\/p>\n<p><span style=\"color: #000000\">Si els nens i nenes s\u2019acostumen i s\u2019impregnen de les actituds solid\u00e0ries dels seus adults de refer\u00e8ncia, tant sigui a l\u2019escola com a casa en fam\u00edlia, podran anar desenvolupant ells tamb\u00e9 aquestes actituds i les incorporaran a la seva vida quotidiana la resta de l\u2019any.<\/span><\/p>\n<h5><span style=\"color: #33cccc\"><strong><span style=\"color: #000000\">Aqu\u00ed teniu m\u00e9s idees per aquest nadal:<\/span> <a style=\"color: #33cccc\" href=\"https:\/\/escoles.fundesplai.org\/blog\/lleure\/10-idees-per-a-unes-vacances-de-nadal-amb-valors-i-salut\/\">https:\/\/escoles.fundesplai.org\/blog\/lleure\/10-idees-per-a-unes-vacances-de-nadal-amb-valors-i-salut\/<\/a><\/strong><\/span><\/h5>\n<p style=\"text-align: center\"><span style=\"color: #000000\"><strong>Per un Nadal, m\u00e9s que mai, ple de m\u00e0gia, creativitat, valors i diversi\u00f3. <\/strong><\/span><\/p>\n<p style=\"text-align: center\"><span style=\"color: #000000\"><strong>B<\/strong><\/span><span style=\"color: #000000\"><strong>ones festes, cuideu-vos molt\u00edssim!\ud83c\udf84\ud83c\udf87<\/strong><\/span>\u2728\ud83d\udc96\ud83d\udc8c<\/p>\n","protected":false},"excerpt":{"rendered":"<p>S\u2019apropa el Nadal, una \u00e8poca molt especial per als infants, una \u00e8poca per gaudir del temps de lleure. Per aix\u00f2 avui us portem aquest dec\u00e0leg d\u2019idees per gaudir d\u2019unes vacances de Nadal en fam\u00edlia impregnades de valors. Perqu\u00e8 els nens i nenes es mereixen un Nadal ple de m\u00e0gia, somnis, il\u00b7lusions, solidaritat, moments compartits,\u2026 aix\u00ed [&hellip;]<\/p>\n","protected":false},"author":5,"featured_media":14593,"comment_status":"closed","ping_status":"closed","sticky":false,"template":"","format":"standard","meta":{"_bbp_topic_count":0,"_bbp_reply_count":0,"_bbp_total_topic_count":0,"_bbp_total_reply_count":0,"_bbp_voice_count":0,"_bbp_anonymous_reply_count":0,"_bbp_topic_count_hidden":0,"_bbp_reply_count_hidden":0,"_bbp_forum_subforum_count":0,"site-sidebar-layout":"default","site-content-layout":"","ast-site-content-layout":"","site-content-style":"default","site-sidebar-style":"default","ast-global-header-display":"","ast-banner-title-visibility":"","ast-main-header-display":"","ast-hfb-above-header-display":"","ast-hfb-below-header-display":"","ast-hfb-mobile-header-display":"","site-post-title":"","ast-breadcrumbs-content":"","ast-featured-img":"","footer-sml-layout":"","theme-transparent-header-meta":"","adv-header-id-meta":"","stick-header-meta":"","header-above-stick-meta":"","header-main-stick-meta":"","header-below-stick-meta":"","astra-migrate-meta-layouts":"default","ast-page-background-enabled":"default","ast-page-background-meta":{"desktop":{"background-color":"var(--ast-global-color-4)","background-image":"","background-repeat":"repeat","background-position":"center center","background-size":"auto","background-attachment":"scroll","background-type":"","background-media":"","overlay-type":"","overlay-color":"","overlay-opacity":"","overlay-gradient":""},"tablet":{"background-color":"","background-image":"","background-repeat":"repeat","background-position":"center center","background-size":"auto","background-attachment":"scroll","background-type":"","background-media":"","overlay-type":"","overlay-color":"","overlay-opacity":"","overlay-gradient":""},"mobile":{"background-color":"","background-image":"","background-repeat":"repeat","background-position":"center center","background-size":"auto","background-attachment":"scroll","background-type":"","background-media":"","overlay-type":"","overlay-color":"","overlay-opacity":"","overlay-gradient":""}},"ast-content-background-meta":{"desktop":{"background-color":"var(--ast-global-color-5)","background-image":"","background-repeat":"repeat","background-position":"center center","background-size":"auto","background-attachment":"scroll","background-type":"","background-media":"","overlay-type":"","overlay-color":"","overlay-opacity":"","overlay-gradient":""},"tablet":{"background-color":"var(--ast-global-color-5)","background-image":"","background-repeat":"repeat","background-position":"center center","background-size":"auto","background-attachment":"scroll","background-type":"","background-media":"","overlay-type":"","overlay-color":"","overlay-opacity":"","overlay-gradient":""},"mobile":{"background-color":"var(--ast-global-color-5)","background-image":"","background-repeat":"repeat","background-position":"center center","background-size":"auto","background-attachment":"scroll","background-type":"","background-media":"","overlay-type":"","overlay-color":"","overlay-opacity":"","overlay-gradient":""}},"footnotes":""},"categories":[36],"tags":[],"class_list":["post-14592","post","type-post","status-publish","format-standard","has-post-thumbnail","hentry","category-coeducacio-igualtat-genere"],"post_mailing_queue_ids":[],"_links":{"self":[{"href":"https:\/\/agora.xtec.cat\/escolamossencinto\/wp-json\/wp\/v2\/posts\/14592","targetHints":{"allow":["GET"]}}],"collection":[{"href":"https:\/\/agora.xtec.cat\/escolamossencinto\/wp-json\/wp\/v2\/posts"}],"about":[{"href":"https:\/\/agora.xtec.cat\/escolamossencinto\/wp-json\/wp\/v2\/types\/post"}],"author":[{"embeddable":true,"href":"https:\/\/agora.xtec.cat\/escolamossencinto\/wp-json\/wp\/v2\/users\/5"}],"replies":[{"embeddable":true,"href":"https:\/\/agora.xtec.cat\/escolamossencinto\/wp-json\/wp\/v2\/comments?post=14592"}],"version-history":[{"count":3,"href":"https:\/\/agora.xtec.cat\/escolamossencinto\/wp-json\/wp\/v2\/posts\/14592\/revisions"}],"predecessor-version":[{"id":14599,"href":"https:\/\/agora.xtec.cat\/escolamossencinto\/wp-json\/wp\/v2\/posts\/14592\/revisions\/14599"}],"wp:featuredmedia":[{"embeddable":true,"href":"https:\/\/agora.xtec.cat\/escolamossencinto\/wp-json\/wp\/v2\/media\/14593"}],"wp:attachment":[{"href":"https:\/\/agora.xtec.cat\/escolamossencinto\/wp-json\/wp\/v2\/media?parent=14592"}],"wp:term":[{"taxonomy":"category","embeddable":true,"href":"https:\/\/agora.xtec.cat\/escolamossencinto\/wp-json\/wp\/v2\/categories?post=14592"},{"taxonomy":"post_tag","embeddable":true,"href":"https:\/\/agora.xtec.cat\/escolamossencinto\/wp-json\/wp\/v2\/tags?post=14592"}],"curies":[{"name":"wp","href":"https:\/\/api.w.org\/{rel}","templated":true}]}}