{"id":14477,"date":"2021-12-02T13:03:38","date_gmt":"2021-12-02T12:03:38","guid":{"rendered":"https:\/\/agora.xtec.cat\/escolamossencinto\/?p=14477"},"modified":"2021-12-02T13:05:30","modified_gmt":"2021-12-02T12:05:30","slug":"25n","status":"publish","type":"post","link":"https:\/\/agora.xtec.cat\/escolamossencinto\/altres-blocs\/coeducacio-igualtat-genere\/25n\/","title":{"rendered":"25N"},"content":{"rendered":"<p>El 25 de novembre es commemora el Dia Internacional per a l\u2019Eliminaci\u00f3 de la Viol\u00e8ncia contra les Dones. Aquest tipus de viol\u00e8ncia \u00e9s avui en dia la m\u00e9s estesa, persistent i devastadora en el m\u00f3n.<\/p>\n<p>Segons dades de l\u2019OMS, el<strong>\u00a022%\u00a0de les dones europees entre 15 i 49 anys<\/strong> manifesten haver experimentat viol\u00e8ncia f\u00edsica o sexual a mans de la seva parella. A nivell mundial, el 38% dels assassinats de dones s\u00f3n perpetrats per les seves parelles, majorit\u00e0riament masculines.<\/p>\n<p><strong>A Catalunya, cada dia 3 dones denuncien una agressi\u00f3 sexual,\u00a0<\/strong>una dada esfere\u00efdora que demostra que a casa nostra, com a la resta d&#8217;Europa i del\u00a0m\u00f3n, les viol\u00e8ncies contra les dones s\u00f3n un problema social greu. A m\u00e9s, les situacions de confinament durant\u00a0la pand\u00e8mia de COVID-19, han augmentat l&#8217;exposici\u00f3 de les dones a parelles amb comportaments abusius i limitat el\u00a0seu acc\u00e9s a serveis socials de suport.<\/p>\n<p>El 25 de novembre va ser declarat\u00a0<strong>Dia internacional per a l&#8217;Eliminaci\u00f3 de la Viol\u00e8ncia contra les Dones<\/strong>\u00a0durant el primer\u00a0<em>Encuentro Feminista de Latinoam\u00e9rica y del Caribe<\/em> celebrat a Bogot\u00e0 (Col\u00f2mbia) l&#8217;any 1981.En aquesta trobada, les dones van denunciar la viol\u00e8ncia de g\u00e8nere en l&#8217;\u00e0mbit dom\u00e8stic i la violaci\u00f3 i l&#8217;assetjament sexual en l&#8217;\u00e0mbit dels governs, incloent-hi la tortura i els abusos que patien moltes presoneres pol\u00edtiques. El 1999, l&#8217;ONU va donar car\u00e0cter oficial a aquesta data.<\/p>\n<p>El lema d&#8217;enguany que proposa\u00a0<a href=\"https:\/\/dones.gencat.cat\/ca\/inici\/\"><strong>l&#8217;Institut Catal\u00e0 de les\u00a0Dones<\/strong><\/a>\u00a0\u00e9s\u00a0<strong>\u201c<a href=\"https:\/\/nihostiesniviolencies.cat\/\">Ni biologia, ni cultura, ni prejudici, ni broma, ni h\u00f2sties<\/a>\u201d\u00a0<\/strong>amb l&#8217;objectiu de denunciar que les viol\u00e8ncies vers les dones s\u2019amaguen rere actituds quotidianes que semblen inofensives. Davant les viol\u00e8ncies masclistes no \u00e9s possible tenir una postura neutral i l&#8217;entorn esdev\u00e9 un factor clau per neutralitzar la impunitat dels agressors. De vegades algunes persones no s\u00f3n conscients que certes actituds i comportaments s\u00f3n o promouen aquest tipus de viol\u00e8ncia, per aquest motiu la campanya incideix en prejudicis i t\u00f2pics que s\u2019expressen en forma de creen\u00e7a, tradici\u00f3, costum, cultura, broma&#8230; i promouen les viol\u00e8ncies masclistes.<\/p>\n<p style=\"text-align: center\"><strong><a href=\"https:\/\/www.siguestu.cat\/ca\/noticies\/55-dia-internacional-per-a-leliminacio-de-la-vio.html\">https:\/\/www.siguestu.cat\/ca\/noticies\/55-dia-internacional-per-a-leliminacio-de-la-vio.html<\/a><\/strong><\/p>\n<p>Des de l&#8217;escola treballem el respecte a la diversitat de g\u00e8nere i la prevenci\u00f3 de la viol\u00e8ncia masclista, no nom\u00e9s aquest dia, sin\u00f3 de forma continuada durant tot el curs.<\/p>\n<p>Teniu tot de recursos que tracten aquest tema, tant a prim\u00e0ria com a secund\u00e0ria.<\/p>\n<p><a href=\"https:\/\/www.siguestu.cat\/ca\/recursos.html?search%5B%5D=G%C3%A8nere&amp;categoria=Prim%C3%A0ria&amp;order=nous&amp;type%5B%C3%80udio%5D=on&amp;type%5BV%C3%ADdeo%5D=on&amp;type%5BFitxer%5D=on&amp;type%5BEnlla%C3%A7%5D=on\"><strong>Recursos per prim\u00e0ria<\/strong><\/a><\/p>\n<p><a href=\"https:\/\/www.siguestu.cat\/ca\/recursos.html?search%5B%5D=G%C3%A8nere&amp;categoria=Secund%C3%A0ria&amp;order=nous&amp;type%5B%C3%80udio%5D=on&amp;type%5BV%C3%ADdeo%5D=on&amp;type%5BFitxer%5D=on&amp;type%5BEnlla%C3%A7%5D=on\"><strong>Recursos per secund\u00e0ria<\/strong><\/a><\/p>\n<p>A m\u00e9s a mes,<\/p>\n<p>us podeu descarregar el <a href=\"https:\/\/www.siguestu.cat\/pujades\/files\/vm_l900_cartell.pdf\" target=\"_blank\" rel=\"noopener\"><b>cartell amb el <\/b><span style=\"color: #2795b6\"><b>tel\u00e8fon<\/b><\/span><b>\u00a0900 900 120 d&#8217;atenci\u00f3 a les v\u00edctimes de viol\u00e8ncia masclista<\/b><\/a><b>.<\/b><\/p>\n<p><a href=\"https:\/\/agora.xtec.cat\/escolamossencinto\/wp-content\/uploads\/usu829\/2021\/12\/Screenshot_2021-12-02-12-56-05-411_com.instagram.android_2.jpg\"><img loading=\"lazy\" decoding=\"async\" class=\" wp-image-14478 aligncenter\" src=\"https:\/\/agora.xtec.cat\/escolamossencinto\/wp-content\/uploads\/usu829\/2021\/12\/Screenshot_2021-12-02-12-56-05-411_com.instagram.android_2-300x298.jpg\" alt=\"\" width=\"409\" height=\"406\" srcset=\"https:\/\/agora.xtec.cat\/escolamossencinto\/wp-content\/uploads\/usu829\/2021\/12\/Screenshot_2021-12-02-12-56-05-411_com.instagram.android_2-300x298.jpg 300w, https:\/\/agora.xtec.cat\/escolamossencinto\/wp-content\/uploads\/usu829\/2021\/12\/Screenshot_2021-12-02-12-56-05-411_com.instagram.android_2-1024x1017.jpg 1024w, https:\/\/agora.xtec.cat\/escolamossencinto\/wp-content\/uploads\/usu829\/2021\/12\/Screenshot_2021-12-02-12-56-05-411_com.instagram.android_2-150x150.jpg 150w, https:\/\/agora.xtec.cat\/escolamossencinto\/wp-content\/uploads\/usu829\/2021\/12\/Screenshot_2021-12-02-12-56-05-411_com.instagram.android_2-768x763.jpg 768w, https:\/\/agora.xtec.cat\/escolamossencinto\/wp-content\/uploads\/usu829\/2021\/12\/Screenshot_2021-12-02-12-56-05-411_com.instagram.android_2.jpg 1080w\" sizes=\"auto, (max-width: 409px) 100vw, 409px\" \/><\/a><\/p>\n","protected":false},"excerpt":{"rendered":"<p>El 25 de novembre es commemora el Dia Internacional per a l\u2019Eliminaci\u00f3 de la Viol\u00e8ncia contra les Dones. Aquest tipus de viol\u00e8ncia \u00e9s avui en dia la m\u00e9s estesa, persistent i devastadora en el m\u00f3n. Segons dades de l\u2019OMS, el\u00a022%\u00a0de les dones europees entre 15 i 49 anys manifesten haver experimentat viol\u00e8ncia f\u00edsica o sexual [&hellip;]<\/p>\n","protected":false},"author":5,"featured_media":14478,"comment_status":"closed","ping_status":"closed","sticky":false,"template":"","format":"standard","meta":{"_bbp_topic_count":0,"_bbp_reply_count":0,"_bbp_total_topic_count":0,"_bbp_total_reply_count":0,"_bbp_voice_count":0,"_bbp_anonymous_reply_count":0,"_bbp_topic_count_hidden":0,"_bbp_reply_count_hidden":0,"_bbp_forum_subforum_count":0,"site-sidebar-layout":"default","site-content-layout":"","ast-site-content-layout":"","site-content-style":"default","site-sidebar-style":"default","ast-global-header-display":"","ast-banner-title-visibility":"","ast-main-header-display":"","ast-hfb-above-header-display":"","ast-hfb-below-header-display":"","ast-hfb-mobile-header-display":"","site-post-title":"","ast-breadcrumbs-content":"","ast-featured-img":"","footer-sml-layout":"","theme-transparent-header-meta":"","adv-header-id-meta":"","stick-header-meta":"","header-above-stick-meta":"","header-main-stick-meta":"","header-below-stick-meta":"","astra-migrate-meta-layouts":"default","ast-page-background-enabled":"default","ast-page-background-meta":{"desktop":{"background-color":"var(--ast-global-color-4)","background-image":"","background-repeat":"repeat","background-position":"center center","background-size":"auto","background-attachment":"scroll","background-type":"","background-media":"","overlay-type":"","overlay-color":"","overlay-opacity":"","overlay-gradient":""},"tablet":{"background-color":"","background-image":"","background-repeat":"repeat","background-position":"center center","background-size":"auto","background-attachment":"scroll","background-type":"","background-media":"","overlay-type":"","overlay-color":"","overlay-opacity":"","overlay-gradient":""},"mobile":{"background-color":"","background-image":"","background-repeat":"repeat","background-position":"center center","background-size":"auto","background-attachment":"scroll","background-type":"","background-media":"","overlay-type":"","overlay-color":"","overlay-opacity":"","overlay-gradient":""}},"ast-content-background-meta":{"desktop":{"background-color":"var(--ast-global-color-5)","background-image":"","background-repeat":"repeat","background-position":"center center","background-size":"auto","background-attachment":"scroll","background-type":"","background-media":"","overlay-type":"","overlay-color":"","overlay-opacity":"","overlay-gradient":""},"tablet":{"background-color":"var(--ast-global-color-5)","background-image":"","background-repeat":"repeat","background-position":"center center","background-size":"auto","background-attachment":"scroll","background-type":"","background-media":"","overlay-type":"","overlay-color":"","overlay-opacity":"","overlay-gradient":""},"mobile":{"background-color":"var(--ast-global-color-5)","background-image":"","background-repeat":"repeat","background-position":"center center","background-size":"auto","background-attachment":"scroll","background-type":"","background-media":"","overlay-type":"","overlay-color":"","overlay-opacity":"","overlay-gradient":""}},"footnotes":""},"categories":[36],"tags":[],"class_list":["post-14477","post","type-post","status-publish","format-standard","has-post-thumbnail","hentry","category-coeducacio-igualtat-genere"],"post_mailing_queue_ids":[],"_links":{"self":[{"href":"https:\/\/agora.xtec.cat\/escolamossencinto\/wp-json\/wp\/v2\/posts\/14477","targetHints":{"allow":["GET"]}}],"collection":[{"href":"https:\/\/agora.xtec.cat\/escolamossencinto\/wp-json\/wp\/v2\/posts"}],"about":[{"href":"https:\/\/agora.xtec.cat\/escolamossencinto\/wp-json\/wp\/v2\/types\/post"}],"author":[{"embeddable":true,"href":"https:\/\/agora.xtec.cat\/escolamossencinto\/wp-json\/wp\/v2\/users\/5"}],"replies":[{"embeddable":true,"href":"https:\/\/agora.xtec.cat\/escolamossencinto\/wp-json\/wp\/v2\/comments?post=14477"}],"version-history":[{"count":1,"href":"https:\/\/agora.xtec.cat\/escolamossencinto\/wp-json\/wp\/v2\/posts\/14477\/revisions"}],"predecessor-version":[{"id":14479,"href":"https:\/\/agora.xtec.cat\/escolamossencinto\/wp-json\/wp\/v2\/posts\/14477\/revisions\/14479"}],"wp:featuredmedia":[{"embeddable":true,"href":"https:\/\/agora.xtec.cat\/escolamossencinto\/wp-json\/wp\/v2\/media\/14478"}],"wp:attachment":[{"href":"https:\/\/agora.xtec.cat\/escolamossencinto\/wp-json\/wp\/v2\/media?parent=14477"}],"wp:term":[{"taxonomy":"category","embeddable":true,"href":"https:\/\/agora.xtec.cat\/escolamossencinto\/wp-json\/wp\/v2\/categories?post=14477"},{"taxonomy":"post_tag","embeddable":true,"href":"https:\/\/agora.xtec.cat\/escolamossencinto\/wp-json\/wp\/v2\/tags?post=14477"}],"curies":[{"name":"wp","href":"https:\/\/api.w.org\/{rel}","templated":true}]}}