{"id":14394,"date":"2021-11-24T08:00:41","date_gmt":"2021-11-24T07:00:41","guid":{"rendered":"https:\/\/agora.xtec.cat\/escolamossencinto\/?p=14394"},"modified":"2021-11-24T15:29:17","modified_gmt":"2021-11-24T14:29:17","slug":"comunicat-7","status":"publish","type":"post","link":"https:\/\/agora.xtec.cat\/escolamossencinto\/primaria\/comunicat-7\/","title":{"rendered":"Comunica&#8217;t (7)"},"content":{"rendered":"<p>Hello!!<\/p>\n<p>El programa del &#8220;<a href=\"https:\/\/drive.google.com\/file\/d\/1wQt2OU1BsAtHMQqwJDS1Hhcx-HSG8aig\/view?usp=sharing\">CintoFM<\/a>&#8221; del passat 17\/11\/21 amb els nens i nenes de 6\u00e8A ja \u00e9s aqu\u00ed i ens expliquen un munt de coses interessants&#8230; aquesta setmana fins i tot afegim un nou idioma a les nostres intervencions radiof\u00f2niques!!<\/p>\n<p>Recordeu, no s\u00f3n periodistes professionals, nom\u00e9s nens i nenes de prim\u00e0ria fent una feina brutal. Gr\u00e0cies a (per ordre d&#8217;aparici\u00f3): Pablo, Pavel, Adam, Juanfran, Adri\u00e1n Ro, Nagore, Omar, Luc\u00eda, Izan, Marwa, Iker L. i Sara.<\/p>\n<p style=\"text-align: center\"><a href=\"https:\/\/drive.google.com\/file\/d\/1wQt2OU1BsAtHMQqwJDS1Hhcx-HSG8aig\/view?usp=sharing\"><img loading=\"lazy\" decoding=\"async\" class=\"size-medium wp-image-14142 aligncenter\" src=\"https:\/\/agora.xtec.cat\/escolamossencinto\/wp-content\/uploads\/usu829\/2021\/10\/Cian-reproductor-de-musica-fondo-virtual-para-Zoom-300x169.png\" alt=\"\" width=\"300\" height=\"169\" srcset=\"https:\/\/agora.xtec.cat\/escolamossencinto\/wp-content\/uploads\/usu829\/2021\/10\/Cian-reproductor-de-musica-fondo-virtual-para-Zoom-300x169.png 300w, https:\/\/agora.xtec.cat\/escolamossencinto\/wp-content\/uploads\/usu829\/2021\/10\/Cian-reproductor-de-musica-fondo-virtual-para-Zoom-1024x576.png 1024w, https:\/\/agora.xtec.cat\/escolamossencinto\/wp-content\/uploads\/usu829\/2021\/10\/Cian-reproductor-de-musica-fondo-virtual-para-Zoom-768x432.png 768w, https:\/\/agora.xtec.cat\/escolamossencinto\/wp-content\/uploads\/usu829\/2021\/10\/Cian-reproductor-de-musica-fondo-virtual-para-Zoom.png 1280w\" sizes=\"auto, (max-width: 300px) 100vw, 300px\" \/><\/a><\/p>\n","protected":false},"excerpt":{"rendered":"<p>Hello!! El programa del &#8220;CintoFM&#8221; del passat 17\/11\/21 amb els nens i nenes de 6\u00e8A ja \u00e9s aqu\u00ed i ens expliquen un munt de coses interessants&#8230; aquesta setmana fins i tot afegim un nou idioma a les nostres intervencions radiof\u00f2niques!! Recordeu, no s\u00f3n periodistes professionals, nom\u00e9s nens i nenes de prim\u00e0ria fent una feina brutal. [&hellip;]<\/p>\n","protected":false},"author":5,"featured_media":0,"comment_status":"closed","ping_status":"closed","sticky":false,"template":"","format":"standard","meta":{"_bbp_topic_count":0,"_bbp_reply_count":0,"_bbp_total_topic_count":0,"_bbp_total_reply_count":0,"_bbp_voice_count":0,"_bbp_anonymous_reply_count":0,"_bbp_topic_count_hidden":0,"_bbp_reply_count_hidden":0,"_bbp_forum_subforum_count":0,"site-sidebar-layout":"default","site-content-layout":"","ast-site-content-layout":"","site-content-style":"default","site-sidebar-style":"default","ast-global-header-display":"","ast-banner-title-visibility":"","ast-main-header-display":"","ast-hfb-above-header-display":"","ast-hfb-below-header-display":"","ast-hfb-mobile-header-display":"","site-post-title":"","ast-breadcrumbs-content":"","ast-featured-img":"","footer-sml-layout":"","theme-transparent-header-meta":"","adv-header-id-meta":"","stick-header-meta":"","header-above-stick-meta":"","header-main-stick-meta":"","header-below-stick-meta":"","astra-migrate-meta-layouts":"default","ast-page-background-enabled":"default","ast-page-background-meta":{"desktop":{"background-color":"var(--ast-global-color-4)","background-image":"","background-repeat":"repeat","background-position":"center center","background-size":"auto","background-attachment":"scroll","background-type":"","background-media":"","overlay-type":"","overlay-color":"","overlay-opacity":"","overlay-gradient":""},"tablet":{"background-color":"","background-image":"","background-repeat":"repeat","background-position":"center center","background-size":"auto","background-attachment":"scroll","background-type":"","background-media":"","overlay-type":"","overlay-color":"","overlay-opacity":"","overlay-gradient":""},"mobile":{"background-color":"","background-image":"","background-repeat":"repeat","background-position":"center center","background-size":"auto","background-attachment":"scroll","background-type":"","background-media":"","overlay-type":"","overlay-color":"","overlay-opacity":"","overlay-gradient":""}},"ast-content-background-meta":{"desktop":{"background-color":"var(--ast-global-color-5)","background-image":"","background-repeat":"repeat","background-position":"center center","background-size":"auto","background-attachment":"scroll","background-type":"","background-media":"","overlay-type":"","overlay-color":"","overlay-opacity":"","overlay-gradient":""},"tablet":{"background-color":"var(--ast-global-color-5)","background-image":"","background-repeat":"repeat","background-position":"center center","background-size":"auto","background-attachment":"scroll","background-type":"","background-media":"","overlay-type":"","overlay-color":"","overlay-opacity":"","overlay-gradient":""},"mobile":{"background-color":"var(--ast-global-color-5)","background-image":"","background-repeat":"repeat","background-position":"center center","background-size":"auto","background-attachment":"scroll","background-type":"","background-media":"","overlay-type":"","overlay-color":"","overlay-opacity":"","overlay-gradient":""}},"footnotes":""},"categories":[13,14,15,5],"tags":[],"class_list":["post-14394","post","type-post","status-publish","format-standard","hentry","category-4t","category-5e","category-6e","category-primaria"],"post_mailing_queue_ids":[],"_links":{"self":[{"href":"https:\/\/agora.xtec.cat\/escolamossencinto\/wp-json\/wp\/v2\/posts\/14394","targetHints":{"allow":["GET"]}}],"collection":[{"href":"https:\/\/agora.xtec.cat\/escolamossencinto\/wp-json\/wp\/v2\/posts"}],"about":[{"href":"https:\/\/agora.xtec.cat\/escolamossencinto\/wp-json\/wp\/v2\/types\/post"}],"author":[{"embeddable":true,"href":"https:\/\/agora.xtec.cat\/escolamossencinto\/wp-json\/wp\/v2\/users\/5"}],"replies":[{"embeddable":true,"href":"https:\/\/agora.xtec.cat\/escolamossencinto\/wp-json\/wp\/v2\/comments?post=14394"}],"version-history":[{"count":2,"href":"https:\/\/agora.xtec.cat\/escolamossencinto\/wp-json\/wp\/v2\/posts\/14394\/revisions"}],"predecessor-version":[{"id":14399,"href":"https:\/\/agora.xtec.cat\/escolamossencinto\/wp-json\/wp\/v2\/posts\/14394\/revisions\/14399"}],"wp:attachment":[{"href":"https:\/\/agora.xtec.cat\/escolamossencinto\/wp-json\/wp\/v2\/media?parent=14394"}],"wp:term":[{"taxonomy":"category","embeddable":true,"href":"https:\/\/agora.xtec.cat\/escolamossencinto\/wp-json\/wp\/v2\/categories?post=14394"},{"taxonomy":"post_tag","embeddable":true,"href":"https:\/\/agora.xtec.cat\/escolamossencinto\/wp-json\/wp\/v2\/tags?post=14394"}],"curies":[{"name":"wp","href":"https:\/\/api.w.org\/{rel}","templated":true}]}}