{"id":14336,"date":"2021-11-18T08:55:25","date_gmt":"2021-11-18T07:55:25","guid":{"rendered":"https:\/\/agora.xtec.cat\/escolamossencinto\/?p=14336"},"modified":"2021-11-18T21:06:13","modified_gmt":"2021-11-18T20:06:13","slug":"com-ens-sentim-i-com-actuem-les-aligues-i-els-mussols","status":"publish","type":"post","link":"https:\/\/agora.xtec.cat\/escolamossencinto\/primaria\/1r\/com-ens-sentim-i-com-actuem-les-aligues-i-els-mussols\/","title":{"rendered":"Com ens sentim i com actuem les \u00e0ligues i els mussols?"},"content":{"rendered":"<p><span style=\"font-weight: 400\">A l\u2019escola treballem la vessant emocional, afectiva i social aprofitant les situacions que es generen en el dia a dia. Per\u00f2 tamb\u00e9 eduquem en valors a trav\u00e9s de curts, jocs, converses&#8230; Els nens i nenes tenen a les aules la tortugueta per l\u2019autocontrol de les emocions i a casa cadasc\u00fa te la seva.<\/span><\/p>\n<p><span style=\"font-weight: 400\">Aqu\u00ed veureu algunes activitats realitzades per les nenes i nens de primer!<\/span><\/p>\n<p><a href=\"https:\/\/agora.xtec.cat\/escolamossencinto\/fotos\/fotos-de-1r\/\">https:\/\/agora.xtec.cat\/escolamossencinto\/fotos\/fotos-de-1r\/<\/a><\/p>\n<p><a href=\"https:\/\/agora.xtec.cat\/escolamossencinto\/fotos\/fotos-de-1r\/\"><img loading=\"lazy\" decoding=\"async\" class=\"aligncenter wp-image-14337 size-medium\" src=\"https:\/\/agora.xtec.cat\/escolamossencinto\/wp-content\/uploads\/usu829\/2021\/11\/IMG_20210917_094623-1-300x225.jpg\" alt=\"\" width=\"300\" height=\"225\" srcset=\"https:\/\/agora.xtec.cat\/escolamossencinto\/wp-content\/uploads\/usu829\/2021\/11\/IMG_20210917_094623-1-300x225.jpg 300w, https:\/\/agora.xtec.cat\/escolamossencinto\/wp-content\/uploads\/usu829\/2021\/11\/IMG_20210917_094623-1-1024x768.jpg 1024w, https:\/\/agora.xtec.cat\/escolamossencinto\/wp-content\/uploads\/usu829\/2021\/11\/IMG_20210917_094623-1-768x576.jpg 768w, https:\/\/agora.xtec.cat\/escolamossencinto\/wp-content\/uploads\/usu829\/2021\/11\/IMG_20210917_094623-1-1536x1152.jpg 1536w, https:\/\/agora.xtec.cat\/escolamossencinto\/wp-content\/uploads\/usu829\/2021\/11\/IMG_20210917_094623-1-2048x1536.jpg 2048w, https:\/\/agora.xtec.cat\/escolamossencinto\/wp-content\/uploads\/usu829\/2021\/11\/IMG_20210917_094623-1-200x150.jpg 200w\" sizes=\"auto, (max-width: 300px) 100vw, 300px\" \/><\/a><\/p>\n<p>&nbsp;<\/p>\n","protected":false},"excerpt":{"rendered":"<p>A l\u2019escola treballem la vessant emocional, afectiva i social aprofitant les situacions que es generen en el dia a dia. Per\u00f2 tamb\u00e9 eduquem en valors a trav\u00e9s de curts, jocs, converses&#8230; Els nens i nenes tenen a les aules la tortugueta per l\u2019autocontrol de les emocions i a casa cadasc\u00fa te la seva. Aqu\u00ed veureu [&hellip;]<\/p>\n","protected":false},"author":5,"featured_media":9328,"comment_status":"closed","ping_status":"closed","sticky":false,"template":"","format":"standard","meta":{"_bbp_topic_count":0,"_bbp_reply_count":0,"_bbp_total_topic_count":0,"_bbp_total_reply_count":0,"_bbp_voice_count":0,"_bbp_anonymous_reply_count":0,"_bbp_topic_count_hidden":0,"_bbp_reply_count_hidden":0,"_bbp_forum_subforum_count":0,"site-sidebar-layout":"default","site-content-layout":"","ast-site-content-layout":"","site-content-style":"default","site-sidebar-style":"default","ast-global-header-display":"","ast-banner-title-visibility":"","ast-main-header-display":"","ast-hfb-above-header-display":"","ast-hfb-below-header-display":"","ast-hfb-mobile-header-display":"","site-post-title":"","ast-breadcrumbs-content":"","ast-featured-img":"","footer-sml-layout":"","theme-transparent-header-meta":"","adv-header-id-meta":"","stick-header-meta":"","header-above-stick-meta":"","header-main-stick-meta":"","header-below-stick-meta":"","astra-migrate-meta-layouts":"default","ast-page-background-enabled":"default","ast-page-background-meta":{"desktop":{"background-color":"var(--ast-global-color-4)","background-image":"","background-repeat":"repeat","background-position":"center center","background-size":"auto","background-attachment":"scroll","background-type":"","background-media":"","overlay-type":"","overlay-color":"","overlay-opacity":"","overlay-gradient":""},"tablet":{"background-color":"","background-image":"","background-repeat":"repeat","background-position":"center center","background-size":"auto","background-attachment":"scroll","background-type":"","background-media":"","overlay-type":"","overlay-color":"","overlay-opacity":"","overlay-gradient":""},"mobile":{"background-color":"","background-image":"","background-repeat":"repeat","background-position":"center center","background-size":"auto","background-attachment":"scroll","background-type":"","background-media":"","overlay-type":"","overlay-color":"","overlay-opacity":"","overlay-gradient":""}},"ast-content-background-meta":{"desktop":{"background-color":"var(--ast-global-color-5)","background-image":"","background-repeat":"repeat","background-position":"center center","background-size":"auto","background-attachment":"scroll","background-type":"","background-media":"","overlay-type":"","overlay-color":"","overlay-opacity":"","overlay-gradient":""},"tablet":{"background-color":"var(--ast-global-color-5)","background-image":"","background-repeat":"repeat","background-position":"center center","background-size":"auto","background-attachment":"scroll","background-type":"","background-media":"","overlay-type":"","overlay-color":"","overlay-opacity":"","overlay-gradient":""},"mobile":{"background-color":"var(--ast-global-color-5)","background-image":"","background-repeat":"repeat","background-position":"center center","background-size":"auto","background-attachment":"scroll","background-type":"","background-media":"","overlay-type":"","overlay-color":"","overlay-opacity":"","overlay-gradient":""}},"footnotes":""},"categories":[10],"tags":[],"class_list":["post-14336","post","type-post","status-publish","format-standard","has-post-thumbnail","hentry","category-1r"],"post_mailing_queue_ids":[],"_links":{"self":[{"href":"https:\/\/agora.xtec.cat\/escolamossencinto\/wp-json\/wp\/v2\/posts\/14336","targetHints":{"allow":["GET"]}}],"collection":[{"href":"https:\/\/agora.xtec.cat\/escolamossencinto\/wp-json\/wp\/v2\/posts"}],"about":[{"href":"https:\/\/agora.xtec.cat\/escolamossencinto\/wp-json\/wp\/v2\/types\/post"}],"author":[{"embeddable":true,"href":"https:\/\/agora.xtec.cat\/escolamossencinto\/wp-json\/wp\/v2\/users\/5"}],"replies":[{"embeddable":true,"href":"https:\/\/agora.xtec.cat\/escolamossencinto\/wp-json\/wp\/v2\/comments?post=14336"}],"version-history":[{"count":2,"href":"https:\/\/agora.xtec.cat\/escolamossencinto\/wp-json\/wp\/v2\/posts\/14336\/revisions"}],"predecessor-version":[{"id":14369,"href":"https:\/\/agora.xtec.cat\/escolamossencinto\/wp-json\/wp\/v2\/posts\/14336\/revisions\/14369"}],"wp:featuredmedia":[{"embeddable":true,"href":"https:\/\/agora.xtec.cat\/escolamossencinto\/wp-json\/wp\/v2\/media\/9328"}],"wp:attachment":[{"href":"https:\/\/agora.xtec.cat\/escolamossencinto\/wp-json\/wp\/v2\/media?parent=14336"}],"wp:term":[{"taxonomy":"category","embeddable":true,"href":"https:\/\/agora.xtec.cat\/escolamossencinto\/wp-json\/wp\/v2\/categories?post=14336"},{"taxonomy":"post_tag","embeddable":true,"href":"https:\/\/agora.xtec.cat\/escolamossencinto\/wp-json\/wp\/v2\/tags?post=14336"}],"curies":[{"name":"wp","href":"https:\/\/api.w.org\/{rel}","templated":true}]}}