{"id":14276,"date":"2021-11-05T12:26:44","date_gmt":"2021-11-05T11:26:44","guid":{"rendered":"https:\/\/agora.xtec.cat\/escolamossencinto\/?p=14276"},"modified":"2021-11-05T12:26:44","modified_gmt":"2021-11-05T11:26:44","slug":"innovamat-sessions-informatives-per-a-les-families","status":"publish","type":"post","link":"https:\/\/agora.xtec.cat\/escolamossencinto\/portada\/innovamat-sessions-informatives-per-a-les-families\/","title":{"rendered":"Innovamat: Sessions informatives per a les fam\u00edlies"},"content":{"rendered":"<p><i><span style=\"font-weight: 400;\">Benvolgudes fam\u00edlies,<\/span><\/i><\/p>\n<p><i><span style=\"font-weight: 400;\">Com ja deveu saber, Innovamat \u00e9s la proposta que acompanya els vostres infants en l\u2019aprenentatge de les matem\u00e0tiques a l\u2019escola.<\/span><\/i><\/p>\n<p><i><span style=\"font-weight: 400;\">Perqu\u00e8 conegueu millor la proposta, han organitzat unes trobades amb les fam\u00edlies i ens han demanat que us fem arribar aquest missatge:<\/span><\/i><\/p>\n<p><span style=\"font-weight: 400;\">\u00ab<\/span><span style=\"font-weight: 400;\">Avui ens dirigim a vosaltres perqu\u00e8 us volem convidar a les primeres trobades virtuals <\/span><b>\u201cFam\u00edlies, aix\u00f2 \u00e9s Innovamat!\u201d<\/b><span style=\"font-weight: 400;\">, on us explicarem el projecte i com entenem l\u2019aprenentatge de les matem\u00e0tiques, posarem en pr\u00e0ctica alguns exemples (on us animarem a participar) i hi haur\u00e0 un espai al xat per resoldre dubtes.<\/span><\/p>\n<p><span style=\"font-weight: 400;\">Les trobades seran els dies seg\u00fcents:<\/span><\/p>\n<ul>\n<li style=\"font-weight: 400;\" aria-level=\"1\"><b>Sessi\u00f3 amb les fam\u00edlies de l\u2019etapa d\u2019Infantil:<\/b><span style=\"font-weight: 400;\"> dimarts 9 de <\/span> <span style=\"font-weight: 400;\">novembre, de 18:30h a 19:30 h. Per accedir-hi, feu clic<\/span><a href=\"https:\/\/youtu.be\/j7a88DWjmhU\"> <i><span style=\"font-weight: 400;\">aqu\u00ed<\/span><\/i><\/a><i><span style=\"font-weight: 400;\">,<\/span><\/i><span style=\"font-weight: 400;\"> o copieu i enganxeu el seg\u00fcent enlla\u00e7 al navegador: <\/span><a href=\"https:\/\/youtu.be\/j7a88DWjmhU\"><span style=\"font-weight: 400;\">https:\/\/youtu.be\/j7a88DWjmhU<\/span><span style=\"font-weight: 400;\">\n<p><\/span><\/a><\/li>\n<li style=\"font-weight: 400;\" aria-level=\"1\"><b>Sessi\u00f3 amb les fam\u00edlies de l\u2019etapa de Prim\u00e0ria:<\/b><span style=\"font-weight: 400;\"> dijous 11 de novembre, de 18:30h a 19:30 h. Per accedir-hi, feu clic<\/span><a href=\"https:\/\/youtu.be\/LHgl8J_-O1I\"> <i><span style=\"font-weight: 400;\">aqu\u00ed<\/span><\/i><\/a><i><span style=\"font-weight: 400;\">,<\/span><\/i><span style=\"font-weight: 400;\"> o copieu i enganxeu el seg\u00fcent enlla\u00e7 al navegador: <\/span><a href=\"https:\/\/youtu.be\/LHgl8J_-O1I\"><span style=\"font-weight: 400;\">https:\/\/youtu.be\/LHgl8J_-O1I<\/span><\/a><\/li>\n<\/ul>\n<p><span style=\"font-weight: 400;\">No fa falta que us hi inscriviu: per assistir-hi nom\u00e9s caldr\u00e0 que, el dia indicat, utilitzeu els enlla\u00e7os que us hem facilitat. En el cas que experimenteu alguna dificultat per accedir-hi, sempre ho podreu fer directament<\/span><a href=\"https:\/\/www.youtube.com\/c\/Innovamatencatal%C3%A0\"> <span style=\"font-weight: 400;\">des del nostre canal a Youtube<\/span><\/a><span style=\"font-weight: 400;\">, en el seg\u00fcent enlla\u00e7:<\/span><\/p>\n<p><a href=\"https:\/\/www.youtube.com\/c\/Innovamatencatal%C3%A0\"><span style=\"font-weight: 400;\">https:\/\/www.youtube.com\/c\/Innovamatencatal\u00e0<\/span><\/a><\/p>\n<p><span style=\"font-weight: 400;\">Moltes gr\u00e0cies per sumar-vos a aquesta aventura meravellosa!<\/span><\/p>\n<p><span style=\"font-weight: 400;\">L\u2019equip d\u2019Innovamat<\/span><span style=\"font-weight: 400;\">\u00bb<\/span><\/p>\n<p><i><span style=\"font-weight: 400;\">Des de l\u2019escola us animem a assistir-hi, ja que aquestes trobades seran una bona oportunitat per escoltar de primera m\u00e0 com els vostres fills i filles aprenen les matem\u00e0tiques a l\u2019escola. A m\u00e9s, podreu transmetre\u2019ls les vostres inquietuds i els dubtes que tingueu o que us puguin anar sorgint.<\/span><\/i><\/p>\n<p><i><span style=\"font-weight: 400;\">Salutacions,<\/span><\/i><\/p>\n<p><i><span style=\"font-weight: 400;\">Innovamat i Mn Cinto<\/span><\/i><\/p>\n","protected":false},"excerpt":{"rendered":"<p>Benvolgudes fam\u00edlies, Com ja deveu saber, Innovamat \u00e9s la proposta que acompanya els vostres infants en l\u2019aprenentatge de les matem\u00e0tiques a l\u2019escola. Perqu\u00e8 conegueu millor la proposta, han organitzat unes trobades amb les fam\u00edlies i ens han demanat que us fem arribar aquest missatge: \u00abAvui ens dirigim a vosaltres perqu\u00e8 us volem convidar a les [&hellip;]<\/p>\n","protected":false},"author":1,"featured_media":14277,"comment_status":"closed","ping_status":"closed","sticky":false,"template":"","format":"standard","meta":{"_bbp_topic_count":0,"_bbp_reply_count":0,"_bbp_total_topic_count":0,"_bbp_total_reply_count":0,"_bbp_voice_count":0,"_bbp_anonymous_reply_count":0,"_bbp_topic_count_hidden":0,"_bbp_reply_count_hidden":0,"_bbp_forum_subforum_count":0,"site-sidebar-layout":"default","site-content-layout":"","ast-site-content-layout":"","site-content-style":"default","site-sidebar-style":"default","ast-global-header-display":"","ast-banner-title-visibility":"","ast-main-header-display":"","ast-hfb-above-header-display":"","ast-hfb-below-header-display":"","ast-hfb-mobile-header-display":"","site-post-title":"","ast-breadcrumbs-content":"","ast-featured-img":"","footer-sml-layout":"","theme-transparent-header-meta":"","adv-header-id-meta":"","stick-header-meta":"","header-above-stick-meta":"","header-main-stick-meta":"","header-below-stick-meta":"","astra-migrate-meta-layouts":"default","ast-page-background-enabled":"default","ast-page-background-meta":{"desktop":{"background-color":"var(--ast-global-color-4)","background-image":"","background-repeat":"repeat","background-position":"center center","background-size":"auto","background-attachment":"scroll","background-type":"","background-media":"","overlay-type":"","overlay-color":"","overlay-opacity":"","overlay-gradient":""},"tablet":{"background-color":"","background-image":"","background-repeat":"repeat","background-position":"center center","background-size":"auto","background-attachment":"scroll","background-type":"","background-media":"","overlay-type":"","overlay-color":"","overlay-opacity":"","overlay-gradient":""},"mobile":{"background-color":"","background-image":"","background-repeat":"repeat","background-position":"center center","background-size":"auto","background-attachment":"scroll","background-type":"","background-media":"","overlay-type":"","overlay-color":"","overlay-opacity":"","overlay-gradient":""}},"ast-content-background-meta":{"desktop":{"background-color":"var(--ast-global-color-5)","background-image":"","background-repeat":"repeat","background-position":"center center","background-size":"auto","background-attachment":"scroll","background-type":"","background-media":"","overlay-type":"","overlay-color":"","overlay-opacity":"","overlay-gradient":""},"tablet":{"background-color":"var(--ast-global-color-5)","background-image":"","background-repeat":"repeat","background-position":"center center","background-size":"auto","background-attachment":"scroll","background-type":"","background-media":"","overlay-type":"","overlay-color":"","overlay-opacity":"","overlay-gradient":""},"mobile":{"background-color":"var(--ast-global-color-5)","background-image":"","background-repeat":"repeat","background-position":"center center","background-size":"auto","background-attachment":"scroll","background-type":"","background-media":"","overlay-type":"","overlay-color":"","overlay-opacity":"","overlay-gradient":""}},"footnotes":""},"categories":[4],"tags":[631],"class_list":["post-14276","post","type-post","status-publish","format-standard","has-post-thumbnail","hentry","category-portada","tag-innovamat"],"post_mailing_queue_ids":[],"_links":{"self":[{"href":"https:\/\/agora.xtec.cat\/escolamossencinto\/wp-json\/wp\/v2\/posts\/14276","targetHints":{"allow":["GET"]}}],"collection":[{"href":"https:\/\/agora.xtec.cat\/escolamossencinto\/wp-json\/wp\/v2\/posts"}],"about":[{"href":"https:\/\/agora.xtec.cat\/escolamossencinto\/wp-json\/wp\/v2\/types\/post"}],"author":[{"embeddable":true,"href":"https:\/\/agora.xtec.cat\/escolamossencinto\/wp-json\/wp\/v2\/users\/1"}],"replies":[{"embeddable":true,"href":"https:\/\/agora.xtec.cat\/escolamossencinto\/wp-json\/wp\/v2\/comments?post=14276"}],"version-history":[{"count":1,"href":"https:\/\/agora.xtec.cat\/escolamossencinto\/wp-json\/wp\/v2\/posts\/14276\/revisions"}],"predecessor-version":[{"id":14278,"href":"https:\/\/agora.xtec.cat\/escolamossencinto\/wp-json\/wp\/v2\/posts\/14276\/revisions\/14278"}],"wp:featuredmedia":[{"embeddable":true,"href":"https:\/\/agora.xtec.cat\/escolamossencinto\/wp-json\/wp\/v2\/media\/14277"}],"wp:attachment":[{"href":"https:\/\/agora.xtec.cat\/escolamossencinto\/wp-json\/wp\/v2\/media?parent=14276"}],"wp:term":[{"taxonomy":"category","embeddable":true,"href":"https:\/\/agora.xtec.cat\/escolamossencinto\/wp-json\/wp\/v2\/categories?post=14276"},{"taxonomy":"post_tag","embeddable":true,"href":"https:\/\/agora.xtec.cat\/escolamossencinto\/wp-json\/wp\/v2\/tags?post=14276"}],"curies":[{"name":"wp","href":"https:\/\/api.w.org\/{rel}","templated":true}]}}