{"id":14165,"date":"2021-10-17T21:30:22","date_gmt":"2021-10-17T19:30:22","guid":{"rendered":"https:\/\/agora.xtec.cat\/escolamossencinto\/?p=14165"},"modified":"2021-10-17T21:30:22","modified_gmt":"2021-10-17T19:30:22","slug":"comunicat-2","status":"publish","type":"post","link":"https:\/\/agora.xtec.cat\/escolamossencinto\/primaria\/comunicat-2\/","title":{"rendered":"Comunica&#8217;t (2)"},"content":{"rendered":"<p>Hola a tothom!<\/p>\n<p>Aquesta setmana l&#8217;ambient &#8220;Comunica&#8217;t&#8221; de la comunitat de Grans ha estat protagonitzat per un grup d&#8217;alumnes de 5\u00e8B. Han fet un esfor\u00e7 tit\u00e0nic per treure endavant aquesta edici\u00f3 del programa CintoFM i crec que el resultat ha estat excel.lent.<\/p>\n<p>No ens allarguem m\u00e9s. Us deixem amb el segon programa &#8220;<a href=\"https:\/\/drive.google.com\/file\/d\/1lw4sJWZDP6h9FJdcNJnT-rBj6bH31ZMm\/view?usp=sharing\">CintoFM<\/a>&#8221; i els i les alumnes de 5B; Nada, Ivet, Daniela, Mareeha, Anna, Abrar, Irene, Odalys, Aslam, Izan, Yago, Daniel, Yibran i Wilfredo&#8230; no us ho perdeu que hi ha convidats especials!!<\/p>\n<p><a href=\"https:\/\/drive.google.com\/file\/d\/1lw4sJWZDP6h9FJdcNJnT-rBj6bH31ZMm\/view?usp=sharing\"><img loading=\"lazy\" decoding=\"async\" class=\"size-medium wp-image-14142 aligncenter\" src=\"https:\/\/agora.xtec.cat\/escolamossencinto\/wp-content\/uploads\/usu829\/2021\/10\/Cian-reproductor-de-musica-fondo-virtual-para-Zoom-300x169.png\" alt=\"\" width=\"300\" height=\"169\" srcset=\"https:\/\/agora.xtec.cat\/escolamossencinto\/wp-content\/uploads\/usu829\/2021\/10\/Cian-reproductor-de-musica-fondo-virtual-para-Zoom-300x169.png 300w, https:\/\/agora.xtec.cat\/escolamossencinto\/wp-content\/uploads\/usu829\/2021\/10\/Cian-reproductor-de-musica-fondo-virtual-para-Zoom-1024x576.png 1024w, https:\/\/agora.xtec.cat\/escolamossencinto\/wp-content\/uploads\/usu829\/2021\/10\/Cian-reproductor-de-musica-fondo-virtual-para-Zoom-768x432.png 768w, https:\/\/agora.xtec.cat\/escolamossencinto\/wp-content\/uploads\/usu829\/2021\/10\/Cian-reproductor-de-musica-fondo-virtual-para-Zoom.png 1280w\" sizes=\"auto, (max-width: 300px) 100vw, 300px\" \/><\/a><\/p>\n","protected":false},"excerpt":{"rendered":"<p>Hola a tothom! Aquesta setmana l&#8217;ambient &#8220;Comunica&#8217;t&#8221; de la comunitat de Grans ha estat protagonitzat per un grup d&#8217;alumnes de 5\u00e8B. Han fet un esfor\u00e7 tit\u00e0nic per treure endavant aquesta edici\u00f3 del programa CintoFM i crec que el resultat ha estat excel.lent. No ens allarguem m\u00e9s. Us deixem amb el segon programa &#8220;CintoFM&#8221; i els [&hellip;]<\/p>\n","protected":false},"author":5,"featured_media":14142,"comment_status":"closed","ping_status":"closed","sticky":false,"template":"","format":"standard","meta":{"_bbp_topic_count":0,"_bbp_reply_count":0,"_bbp_total_topic_count":0,"_bbp_total_reply_count":0,"_bbp_voice_count":0,"_bbp_anonymous_reply_count":0,"_bbp_topic_count_hidden":0,"_bbp_reply_count_hidden":0,"_bbp_forum_subforum_count":0,"site-sidebar-layout":"default","site-content-layout":"","ast-site-content-layout":"","site-content-style":"default","site-sidebar-style":"default","ast-global-header-display":"","ast-banner-title-visibility":"","ast-main-header-display":"","ast-hfb-above-header-display":"","ast-hfb-below-header-display":"","ast-hfb-mobile-header-display":"","site-post-title":"","ast-breadcrumbs-content":"","ast-featured-img":"","footer-sml-layout":"","theme-transparent-header-meta":"","adv-header-id-meta":"","stick-header-meta":"","header-above-stick-meta":"","header-main-stick-meta":"","header-below-stick-meta":"","astra-migrate-meta-layouts":"default","ast-page-background-enabled":"default","ast-page-background-meta":{"desktop":{"background-color":"var(--ast-global-color-4)","background-image":"","background-repeat":"repeat","background-position":"center center","background-size":"auto","background-attachment":"scroll","background-type":"","background-media":"","overlay-type":"","overlay-color":"","overlay-opacity":"","overlay-gradient":""},"tablet":{"background-color":"","background-image":"","background-repeat":"repeat","background-position":"center center","background-size":"auto","background-attachment":"scroll","background-type":"","background-media":"","overlay-type":"","overlay-color":"","overlay-opacity":"","overlay-gradient":""},"mobile":{"background-color":"","background-image":"","background-repeat":"repeat","background-position":"center center","background-size":"auto","background-attachment":"scroll","background-type":"","background-media":"","overlay-type":"","overlay-color":"","overlay-opacity":"","overlay-gradient":""}},"ast-content-background-meta":{"desktop":{"background-color":"var(--ast-global-color-5)","background-image":"","background-repeat":"repeat","background-position":"center center","background-size":"auto","background-attachment":"scroll","background-type":"","background-media":"","overlay-type":"","overlay-color":"","overlay-opacity":"","overlay-gradient":""},"tablet":{"background-color":"var(--ast-global-color-5)","background-image":"","background-repeat":"repeat","background-position":"center center","background-size":"auto","background-attachment":"scroll","background-type":"","background-media":"","overlay-type":"","overlay-color":"","overlay-opacity":"","overlay-gradient":""},"mobile":{"background-color":"var(--ast-global-color-5)","background-image":"","background-repeat":"repeat","background-position":"center center","background-size":"auto","background-attachment":"scroll","background-type":"","background-media":"","overlay-type":"","overlay-color":"","overlay-opacity":"","overlay-gradient":""}},"footnotes":""},"categories":[13,14,15,5],"tags":[],"class_list":["post-14165","post","type-post","status-publish","format-standard","has-post-thumbnail","hentry","category-4t","category-5e","category-6e","category-primaria"],"post_mailing_queue_ids":[],"_links":{"self":[{"href":"https:\/\/agora.xtec.cat\/escolamossencinto\/wp-json\/wp\/v2\/posts\/14165","targetHints":{"allow":["GET"]}}],"collection":[{"href":"https:\/\/agora.xtec.cat\/escolamossencinto\/wp-json\/wp\/v2\/posts"}],"about":[{"href":"https:\/\/agora.xtec.cat\/escolamossencinto\/wp-json\/wp\/v2\/types\/post"}],"author":[{"embeddable":true,"href":"https:\/\/agora.xtec.cat\/escolamossencinto\/wp-json\/wp\/v2\/users\/5"}],"replies":[{"embeddable":true,"href":"https:\/\/agora.xtec.cat\/escolamossencinto\/wp-json\/wp\/v2\/comments?post=14165"}],"version-history":[{"count":1,"href":"https:\/\/agora.xtec.cat\/escolamossencinto\/wp-json\/wp\/v2\/posts\/14165\/revisions"}],"predecessor-version":[{"id":14166,"href":"https:\/\/agora.xtec.cat\/escolamossencinto\/wp-json\/wp\/v2\/posts\/14165\/revisions\/14166"}],"wp:featuredmedia":[{"embeddable":true,"href":"https:\/\/agora.xtec.cat\/escolamossencinto\/wp-json\/wp\/v2\/media\/14142"}],"wp:attachment":[{"href":"https:\/\/agora.xtec.cat\/escolamossencinto\/wp-json\/wp\/v2\/media?parent=14165"}],"wp:term":[{"taxonomy":"category","embeddable":true,"href":"https:\/\/agora.xtec.cat\/escolamossencinto\/wp-json\/wp\/v2\/categories?post=14165"},{"taxonomy":"post_tag","embeddable":true,"href":"https:\/\/agora.xtec.cat\/escolamossencinto\/wp-json\/wp\/v2\/tags?post=14165"}],"curies":[{"name":"wp","href":"https:\/\/api.w.org\/{rel}","templated":true}]}}