{"id":13975,"date":"2021-07-14T10:15:20","date_gmt":"2021-07-14T08:15:20","guid":{"rendered":"http:\/\/agora.xtec.cat\/escolamossencinto\/?p=13975"},"modified":"2021-07-14T10:15:20","modified_gmt":"2021-07-14T08:15:20","slug":"dades-de-salut-al-departament-deducacio","status":"publish","type":"post","link":"https:\/\/agora.xtec.cat\/escolamossencinto\/portada\/dades-de-salut-al-departament-deducacio\/","title":{"rendered":"Dades de salut al Departament d&#8217;Educaci\u00f3"},"content":{"rendered":"<p style=\"text-align: justify;\">Benvolgudes fam\u00edlies,<\/p>\n<p style=\"text-align: justify;\">Amb l&#8217;objectiu de seguir treballant pel programa d&#8217;atenci\u00f3 a l&#8217;<b>alumnat amb necessitats especials de salut<\/b> als centres educatius en coordinaci\u00f3 amb el Departament de Salut, el Departament d&#8217;Educaci\u00f3 necessita actualitzar les dades dels centres educatius d&#8217;acord amb l&#8217;actual preinscripci\u00f3, i <b>con\u00e8ixer els i les alumnes amb complexitats de salut que hi ha a les aules<\/b> perqu\u00e8 des de Salut puguin intervenir amb m\u00e9s intensitat a partir del proper curs 21-22.<\/p>\n<p style=\"text-align: justify;\"><u><\/u>Per aquest motiu a les escoles hem d&#8217;omplir un formulari amb les dades de l&#8217;alumnat<b> amb necessitats especials de salut.<\/b><\/p>\n<p style=\"text-align: justify;\"><u><\/u>Aquest formulari ens permetr\u00e0 disposar de les dades i l&#8217;autoritzaci\u00f3 necess\u00e0ria per ajustar la intervenci\u00f3 coordinada amb Salut i s\u2019ha d\u2019omplir un per a cada alumne\/a amb complexitat de salut i nom\u00e9s per a l\u2019alumnat amb complexitat de salut.<u><\/u><u><\/u><\/p>\n<p style=\"text-align: justify;\"><u><\/u>La classificaci\u00f3 de les complexitats de salut \u00e9s la seg\u00fcent:<u><\/u><\/p>\n<ul>\n<li><b>Grup A:<\/b> Situaci\u00f3 de morbimortalitat (malaltia o problema de salut major) amb una afectaci\u00f3 significativa, important o greu i\/o Pacients Cr\u00f2nics Complexes (PCC) o b\u00e9 de Malaltia Cr\u00f2nica Avan\u00e7ada (MACA) segons la definici\u00f3 del protocol de cronicitat corresponent. Per exemple infants amb asma o cardiopaties.<\/li>\n<li><b>Grup B:\u00a0<\/b>Epil\u00e8psia refract\u00e0ria.<\/li>\n<li><b>Grup C:<\/b> Al\u00b7l\u00e8rgia amb possible necessitat de dispensaci\u00f3 d&#8217;epinefrina.<\/li>\n<li><b>Grup D:<\/b> Administraci\u00f3 insulina (incl\u00f2s bomba).<\/li>\n<li><b>Grup E:<\/b> Depend\u00e8ncia tecnol\u00f2gica vital o funcional (la vida del pacient dep\u00e8n del dispositiu). Exemples: sonda vesical, ventilaci\u00f3 no invasiva, infusi\u00f3 cont\u00ednua de f\u00e0rmac amb bomba intratecal, nutrici\u00f3 parenteral domicili\u00e0ria, ostomia o gastrostomia (bot\u00f3 g\u00e0stric). *No es consideren els alumnes amb dispositius que no requereixen atenci\u00f3 sanit\u00e0ria, com per exemple audi\u00f2fons.<\/li>\n<li><strong style=\"font-family: inherit; font-size: 1em; text-align: justify;\">Grup F:<\/strong><span style=\"font-family: inherit; font-size: 1em; text-align: justify;\"> Infant amb traqueostomia.<\/span><\/li>\n<\/ul>\n<p style=\"text-align: justify;\">Us adjuntem, tamb\u00e9, l&#8217;autoritzaci\u00f3 que la fam\u00edlia de l&#8217;alumnat amb necessitats de salut ha d\u2019emplenar. Aquesta autoritzaci\u00f3 confirma que la fam\u00edlia est\u00e0 d&#8217;acord en compartir dades amb el Departament de Salut i l&#8217;escola <b>custodiarem a l&#8217;expedient de l&#8217;alumne\/a.<\/b><u><\/u><\/p>\n<p style=\"text-align: justify;\"><strong>Aquesta autoritzaci\u00f3 l&#8217;haureu de lliurar a la consergeria de l&#8217;escola els dies 15 i 16 de juliol de 2021 de 9:00h a 13:00h. Si no podeu omplir-la i imprimir-la, a consergeria se us facilitar\u00e0 una c\u00f2pia perqu\u00e8 la pugueu omplir <em>in situ<\/em>. Si preferiu omplir-la i enviar-la per correu electr\u00f2nic podeu fer-ho al seg\u00fcent: a8034060@mcvrubi.cat.<\/strong><\/p>\n<p style=\"text-align: justify;\"><a href=\"https:\/\/drive.google.com\/file\/d\/19ahMdYdYZotdwXlIy7g9fKsFtC4gNgib\/view?usp=sharing\"><strong>AUTORITZACI\u00d3<\/strong><\/a><\/p>\n<p style=\"text-align: justify;\"><span style=\"font-family: inherit; font-size: 1em;\">Finalment, i un cop enviat el formulari, la direcci\u00f3 del centre ja ens podrem posar en contacte amb el CAP de refer\u00e8ncia durant aquest mes de juliol per la coordinaci\u00f3 de cada cas.<\/span><\/p>\n<p style=\"text-align: justify;\">\n<p style=\"text-align: justify;\">Ben cordialment,<\/p>\n<p style=\"text-align: justify;\">La direcci\u00f3<\/p>\n","protected":false},"excerpt":{"rendered":"<p>Benvolgudes fam\u00edlies, Amb l&#8217;objectiu de seguir treballant pel programa d&#8217;atenci\u00f3 a l&#8217;alumnat amb necessitats especials de salut als centres educatius en coordinaci\u00f3 amb el Departament de Salut, el Departament d&#8217;Educaci\u00f3 necessita actualitzar les dades dels centres educatius d&#8217;acord amb l&#8217;actual preinscripci\u00f3, i con\u00e8ixer els i les alumnes amb complexitats de salut que hi ha a [&hellip;]<\/p>\n","protected":false},"author":1,"featured_media":0,"comment_status":"closed","ping_status":"closed","sticky":false,"template":"","format":"standard","meta":{"_bbp_topic_count":0,"_bbp_reply_count":0,"_bbp_total_topic_count":0,"_bbp_total_reply_count":0,"_bbp_voice_count":0,"_bbp_anonymous_reply_count":0,"_bbp_topic_count_hidden":0,"_bbp_reply_count_hidden":0,"_bbp_forum_subforum_count":0,"site-sidebar-layout":"default","site-content-layout":"","ast-site-content-layout":"","site-content-style":"default","site-sidebar-style":"default","ast-global-header-display":"","ast-banner-title-visibility":"","ast-main-header-display":"","ast-hfb-above-header-display":"","ast-hfb-below-header-display":"","ast-hfb-mobile-header-display":"","site-post-title":"","ast-breadcrumbs-content":"","ast-featured-img":"","footer-sml-layout":"","theme-transparent-header-meta":"","adv-header-id-meta":"","stick-header-meta":"","header-above-stick-meta":"","header-main-stick-meta":"","header-below-stick-meta":"","astra-migrate-meta-layouts":"default","ast-page-background-enabled":"default","ast-page-background-meta":{"desktop":{"background-color":"var(--ast-global-color-4)","background-image":"","background-repeat":"repeat","background-position":"center center","background-size":"auto","background-attachment":"scroll","background-type":"","background-media":"","overlay-type":"","overlay-color":"","overlay-opacity":"","overlay-gradient":""},"tablet":{"background-color":"","background-image":"","background-repeat":"repeat","background-position":"center center","background-size":"auto","background-attachment":"scroll","background-type":"","background-media":"","overlay-type":"","overlay-color":"","overlay-opacity":"","overlay-gradient":""},"mobile":{"background-color":"","background-image":"","background-repeat":"repeat","background-position":"center center","background-size":"auto","background-attachment":"scroll","background-type":"","background-media":"","overlay-type":"","overlay-color":"","overlay-opacity":"","overlay-gradient":""}},"ast-content-background-meta":{"desktop":{"background-color":"var(--ast-global-color-5)","background-image":"","background-repeat":"repeat","background-position":"center center","background-size":"auto","background-attachment":"scroll","background-type":"","background-media":"","overlay-type":"","overlay-color":"","overlay-opacity":"","overlay-gradient":""},"tablet":{"background-color":"var(--ast-global-color-5)","background-image":"","background-repeat":"repeat","background-position":"center center","background-size":"auto","background-attachment":"scroll","background-type":"","background-media":"","overlay-type":"","overlay-color":"","overlay-opacity":"","overlay-gradient":""},"mobile":{"background-color":"var(--ast-global-color-5)","background-image":"","background-repeat":"repeat","background-position":"center center","background-size":"auto","background-attachment":"scroll","background-type":"","background-media":"","overlay-type":"","overlay-color":"","overlay-opacity":"","overlay-gradient":""}},"footnotes":""},"categories":[4],"tags":[557,556],"class_list":["post-13975","post","type-post","status-publish","format-standard","hentry","category-portada","tag-formulari","tag-salut"],"post_mailing_queue_ids":[],"_links":{"self":[{"href":"https:\/\/agora.xtec.cat\/escolamossencinto\/wp-json\/wp\/v2\/posts\/13975","targetHints":{"allow":["GET"]}}],"collection":[{"href":"https:\/\/agora.xtec.cat\/escolamossencinto\/wp-json\/wp\/v2\/posts"}],"about":[{"href":"https:\/\/agora.xtec.cat\/escolamossencinto\/wp-json\/wp\/v2\/types\/post"}],"author":[{"embeddable":true,"href":"https:\/\/agora.xtec.cat\/escolamossencinto\/wp-json\/wp\/v2\/users\/1"}],"replies":[{"embeddable":true,"href":"https:\/\/agora.xtec.cat\/escolamossencinto\/wp-json\/wp\/v2\/comments?post=13975"}],"version-history":[{"count":1,"href":"https:\/\/agora.xtec.cat\/escolamossencinto\/wp-json\/wp\/v2\/posts\/13975\/revisions"}],"predecessor-version":[{"id":13977,"href":"https:\/\/agora.xtec.cat\/escolamossencinto\/wp-json\/wp\/v2\/posts\/13975\/revisions\/13977"}],"wp:attachment":[{"href":"https:\/\/agora.xtec.cat\/escolamossencinto\/wp-json\/wp\/v2\/media?parent=13975"}],"wp:term":[{"taxonomy":"category","embeddable":true,"href":"https:\/\/agora.xtec.cat\/escolamossencinto\/wp-json\/wp\/v2\/categories?post=13975"},{"taxonomy":"post_tag","embeddable":true,"href":"https:\/\/agora.xtec.cat\/escolamossencinto\/wp-json\/wp\/v2\/tags?post=13975"}],"curies":[{"name":"wp","href":"https:\/\/api.w.org\/{rel}","templated":true}]}}