{"id":13723,"date":"2021-04-20T09:22:37","date_gmt":"2021-04-20T07:22:37","guid":{"rendered":"http:\/\/agora.xtec.cat\/escolamossencinto\/?p=13723"},"modified":"2021-04-20T10:19:03","modified_gmt":"2021-04-20T08:19:03","slug":"gestio-de-possibles-casos-covid19","status":"publish","type":"post","link":"https:\/\/agora.xtec.cat\/escolamossencinto\/portada\/gestio-de-possibles-casos-covid19\/","title":{"rendered":"Gesti\u00f3 de possibles casos Covid19"},"content":{"rendered":"<p><strong><span style=\"color: #666666;\"><span style=\"font-family: Arial, sans-serif;\"><span style=\"font-size: small;\"><b>Si els s\u00edmptomes apareixen dins del centre educatiu<\/b><\/span><\/span><\/span><\/strong><\/p>\n<p><span style=\"color: #666666;\"><span style=\"font-family: Arial, sans-serif;\"><span style=\"font-size: small;\">Des del centre, si \u00e9s el vostre fill\/a, se us trucar\u00e0 perqu\u00e8 el\/la vingueu a buscar i us hi poseu en contacte, al m\u00e9s aviat possible, amb el vostre CAP. Si els s\u00edmptomes s\u00f3n greus, des del centre trucaran al 061 i us avisaran.<\/span><\/span><\/span><\/p>\n<p><strong><span style=\"color: #666666;\"><span style=\"font-family: Arial, sans-serif;\"><span style=\"font-size: small;\"><b>Si els s\u00edmptomes apareixen fora del centre educatiu<\/b><\/span><\/span><\/span><\/strong><\/p>\n<p><span style=\"color: #666666;\"><span style=\"font-family: Arial, sans-serif;\"><span style=\"font-size: small;\">Heu de contactar amb el CAP de refer\u00e8ncia -o CUAP si \u00e9s fora de l\u2019horari d\u2019aquest-. Si visiteu un servei m\u00e8dic privat la recollida de contactes no es pot fer en el moment de la sospita cl\u00ednica. \u00c9s el professional sanitari qui haur\u00e0 d\u2019alertar el servei de vigil\u00e0ncia epidemiol\u00f2gica territorial de refer\u00e8ncia quan es constati el resultat positiu. En qualsevol cas, si hi ha sospita de COVID-19 a l\u2019alumne\/a o docent se li fa una prova PCR al m\u00e9s aviat possible.<\/span><\/span><\/span><\/p>\n<p><strong><span style=\"color: #666666;\"><span style=\"font-family: Arial, sans-serif;\"><span style=\"font-size: small;\"><b>Qu\u00e8 cal fer mentre s&#8217;esperen els resultats de la prova?<\/b><\/span><\/span><\/span><\/strong><\/p>\n<p><span style=\"color: #666666;\"><span style=\"font-family: Arial, sans-serif;\"><span style=\"font-size: small;\">Fins que s\u2019obtinguin els resultats de la prova, l\u2019alumne\/a o docent ha de fer l\u2019a\u00efllament domiciliari. Tamb\u00e9 han de quedar-se a casa els germans escolars o convivents que treballin en un centre educatiu. (Si ja hi ha una resoluci\u00f3 del SVE cal seguir les seves indicacions).<\/span><\/span><\/span><\/p>\n<p><span style=\"color: #666666;\"><span style=\"font-family: Arial, sans-serif;\"><span style=\"font-size: small;\">La resta de convivents que no treballin o estudi\u00efn en un centre escolar, no han de fer un a\u00efllament preventiu i poden anar a treballar prenent les mesures adequades.\u00a0<\/span><\/span><\/span><\/p>\n<p><span style=\"color: #666666;\"><span style=\"font-family: Arial, sans-serif;\"><span style=\"font-size: small;\">El grup de conviv\u00e8ncia estable no ha de fer a\u00efllament preventiu mentre s\u2019estigui a l\u2019espera del resultat de la prova. Tampoc els familiars amb qui convisquin els membres del grup (inclosos els germans).<\/span><\/span><\/span><\/p>\n<p><b>Recordeu:<\/b><\/p>\n<ul>\n<li><b>Si es tenen s\u00edmptomes NO porteu l\u2019alumnat ni vingueu al centre escolar!<\/b><\/li>\n<li><b>El vostre tel\u00e8fon sempre ha d\u2019estar operatiu perqu\u00e8 hi ha dades que l\u2019escola i el Servei de Vigil\u00e0ncia Epidemiol\u00f2gica necessiten saber de primera m\u00e0!<\/b><\/li>\n<li><b>Penseu en la vostra salut i en la dels altres!!!<\/b><\/li>\n<\/ul>\n<p>&nbsp;<\/p>\n<p>La direcci\u00f3<\/p>\n<p>*https:\/\/canalsalut.gencat.cat\/ca\/salut-a-z\/c\/coronavirus-2019-ncov\/ciutadania\/salut-escola\/informacio-per-a-families\/<\/p>\n","protected":false},"excerpt":{"rendered":"<p>Si els s\u00edmptomes apareixen dins del centre educatiu Des del centre, si \u00e9s el vostre fill\/a, se us trucar\u00e0 perqu\u00e8 el\/la vingueu a buscar i us hi poseu en contacte, al m\u00e9s aviat possible, amb el vostre CAP. Si els s\u00edmptomes s\u00f3n greus, des del centre trucaran al 061 i us avisaran. Si els s\u00edmptomes [&hellip;]<\/p>\n","protected":false},"author":1,"featured_media":0,"comment_status":"closed","ping_status":"closed","sticky":false,"template":"","format":"standard","meta":{"_bbp_topic_count":0,"_bbp_reply_count":0,"_bbp_total_topic_count":0,"_bbp_total_reply_count":0,"_bbp_voice_count":0,"_bbp_anonymous_reply_count":0,"_bbp_topic_count_hidden":0,"_bbp_reply_count_hidden":0,"_bbp_forum_subforum_count":0,"site-sidebar-layout":"default","site-content-layout":"","ast-site-content-layout":"","site-content-style":"default","site-sidebar-style":"default","ast-global-header-display":"","ast-banner-title-visibility":"","ast-main-header-display":"","ast-hfb-above-header-display":"","ast-hfb-below-header-display":"","ast-hfb-mobile-header-display":"","site-post-title":"","ast-breadcrumbs-content":"","ast-featured-img":"","footer-sml-layout":"","theme-transparent-header-meta":"","adv-header-id-meta":"","stick-header-meta":"","header-above-stick-meta":"","header-main-stick-meta":"","header-below-stick-meta":"","astra-migrate-meta-layouts":"default","ast-page-background-enabled":"default","ast-page-background-meta":{"desktop":{"background-color":"var(--ast-global-color-4)","background-image":"","background-repeat":"repeat","background-position":"center center","background-size":"auto","background-attachment":"scroll","background-type":"","background-media":"","overlay-type":"","overlay-color":"","overlay-opacity":"","overlay-gradient":""},"tablet":{"background-color":"","background-image":"","background-repeat":"repeat","background-position":"center center","background-size":"auto","background-attachment":"scroll","background-type":"","background-media":"","overlay-type":"","overlay-color":"","overlay-opacity":"","overlay-gradient":""},"mobile":{"background-color":"","background-image":"","background-repeat":"repeat","background-position":"center center","background-size":"auto","background-attachment":"scroll","background-type":"","background-media":"","overlay-type":"","overlay-color":"","overlay-opacity":"","overlay-gradient":""}},"ast-content-background-meta":{"desktop":{"background-color":"var(--ast-global-color-5)","background-image":"","background-repeat":"repeat","background-position":"center center","background-size":"auto","background-attachment":"scroll","background-type":"","background-media":"","overlay-type":"","overlay-color":"","overlay-opacity":"","overlay-gradient":""},"tablet":{"background-color":"var(--ast-global-color-5)","background-image":"","background-repeat":"repeat","background-position":"center center","background-size":"auto","background-attachment":"scroll","background-type":"","background-media":"","overlay-type":"","overlay-color":"","overlay-opacity":"","overlay-gradient":""},"mobile":{"background-color":"var(--ast-global-color-5)","background-image":"","background-repeat":"repeat","background-position":"center center","background-size":"auto","background-attachment":"scroll","background-type":"","background-media":"","overlay-type":"","overlay-color":"","overlay-opacity":"","overlay-gradient":""}},"footnotes":""},"categories":[4],"tags":[521],"class_list":["post-13723","post","type-post","status-publish","format-standard","hentry","category-portada","tag-recordatori-covid19"],"post_mailing_queue_ids":[],"_links":{"self":[{"href":"https:\/\/agora.xtec.cat\/escolamossencinto\/wp-json\/wp\/v2\/posts\/13723","targetHints":{"allow":["GET"]}}],"collection":[{"href":"https:\/\/agora.xtec.cat\/escolamossencinto\/wp-json\/wp\/v2\/posts"}],"about":[{"href":"https:\/\/agora.xtec.cat\/escolamossencinto\/wp-json\/wp\/v2\/types\/post"}],"author":[{"embeddable":true,"href":"https:\/\/agora.xtec.cat\/escolamossencinto\/wp-json\/wp\/v2\/users\/1"}],"replies":[{"embeddable":true,"href":"https:\/\/agora.xtec.cat\/escolamossencinto\/wp-json\/wp\/v2\/comments?post=13723"}],"version-history":[{"count":2,"href":"https:\/\/agora.xtec.cat\/escolamossencinto\/wp-json\/wp\/v2\/posts\/13723\/revisions"}],"predecessor-version":[{"id":13725,"href":"https:\/\/agora.xtec.cat\/escolamossencinto\/wp-json\/wp\/v2\/posts\/13723\/revisions\/13725"}],"wp:attachment":[{"href":"https:\/\/agora.xtec.cat\/escolamossencinto\/wp-json\/wp\/v2\/media?parent=13723"}],"wp:term":[{"taxonomy":"category","embeddable":true,"href":"https:\/\/agora.xtec.cat\/escolamossencinto\/wp-json\/wp\/v2\/categories?post=13723"},{"taxonomy":"post_tag","embeddable":true,"href":"https:\/\/agora.xtec.cat\/escolamossencinto\/wp-json\/wp\/v2\/tags?post=13723"}],"curies":[{"name":"wp","href":"https:\/\/api.w.org\/{rel}","templated":true}]}}