{"id":13585,"date":"2021-03-19T18:18:08","date_gmt":"2021-03-19T17:18:08","guid":{"rendered":"http:\/\/agora.xtec.cat\/escolamossencinto\/?p=13585"},"modified":"2021-11-19T10:08:40","modified_gmt":"2021-11-19T09:08:40","slug":"dictat-solidari-radio-rubi","status":"publish","type":"post","link":"https:\/\/agora.xtec.cat\/escolamossencinto\/primaria\/5e\/dictat-solidari-radio-rubi\/","title":{"rendered":"Dictat Solidari Radio Rub\u00ed"},"content":{"rendered":"<p>Els nens i nenes de 5C hem participat en l&#8217;edici\u00f3 d&#8217;aquest any del Dictat Solidari, organitzat per Radio Rub\u00ed per conmemorar el dia de la dona el passat 9 de mar\u00e7.<\/p>\n<p>Aquest any hem omplert un extracte del conte &#8220;Quan les nenes volen alt&#8221; de la Raquel D\u00edaz Reguera. \u00c9s un conte que ten\u00edem al cole i que la nostra tutora ens havia comen\u00e7at a explicar, despr\u00e9s de l&#8217;activitat hem acabat de llegir el compte, ens ha agradat molt i ho hem fet s\u00faper b\u00e9. A m\u00e9s&#8230; hem pogut trucar a la r\u00e0dio per participar en un sorteig! No hem resultat guanyadors per\u00f2 ens ho hem passat genial i ha estat molt emocionant esperar per parlar, escoltar els companys i la mestra parlant per la r\u00e0dio i gaudir tots plegats d&#8217;una activitat diferent. Ho heu escoltat ja? No? Doncs us deixem un enlla\u00e7 a la pista d&#8217;audio del programa i alguna foto del moment del dictat.<\/p>\n<p><a href=\"http:\/\/bit.ly\/3voRgrf\">Escoltar<\/a> programa dictat solidari a Radio Rub\u00ed (minuts 25.50 i 37.05h)<\/p>\n<p><a href=\"https:\/\/agora.xtec.cat\/escolamossencinto\/wp-content\/uploads\/usu829\/2021\/03\/IMG_20210309_10284.jpg\"><img loading=\"lazy\" decoding=\"async\" class=\"aligncenter size-full wp-image-13601\" src=\"https:\/\/agora.xtec.cat\/escolamossencinto\/wp-content\/uploads\/usu829\/2021\/03\/IMG_20210309_10284.jpg\" alt=\"\" width=\"3000\" height=\"3000\" srcset=\"https:\/\/agora.xtec.cat\/escolamossencinto\/wp-content\/uploads\/usu829\/2021\/03\/IMG_20210309_10284.jpg 3000w, https:\/\/agora.xtec.cat\/escolamossencinto\/wp-content\/uploads\/usu829\/2021\/03\/IMG_20210309_10284-150x150.jpg 150w, https:\/\/agora.xtec.cat\/escolamossencinto\/wp-content\/uploads\/usu829\/2021\/03\/IMG_20210309_10284-300x300.jpg 300w, https:\/\/agora.xtec.cat\/escolamossencinto\/wp-content\/uploads\/usu829\/2021\/03\/IMG_20210309_10284-768x768.jpg 768w, https:\/\/agora.xtec.cat\/escolamossencinto\/wp-content\/uploads\/usu829\/2021\/03\/IMG_20210309_10284-1024x1024.jpg 1024w\" sizes=\"auto, (max-width: 3000px) 100vw, 3000px\" \/><\/a><\/p>\n<p><a href=\"https:\/\/drive.google.com\/file\/d\/1SOEQAJkkUX5BYj0Q0yGpScdvNCkdNVSa\/view?usp=sharing\">VEURE<\/a> V\u00cdDEO<\/p>\n<p>&nbsp;<\/p>\n","protected":false},"excerpt":{"rendered":"<p>Els nens i nenes de 5C hem participat en l&#8217;edici\u00f3 d&#8217;aquest any del Dictat Solidari, organitzat per Radio Rub\u00ed per conmemorar el dia de la dona el passat 9 de mar\u00e7. Aquest any hem omplert un extracte del conte &#8220;Quan les nenes volen alt&#8221; de la Raquel D\u00edaz Reguera. \u00c9s un conte que ten\u00edem al [&hellip;]<\/p>\n","protected":false},"author":5,"featured_media":13601,"comment_status":"closed","ping_status":"closed","sticky":false,"template":"","format":"standard","meta":{"_bbp_topic_count":0,"_bbp_reply_count":0,"_bbp_total_topic_count":0,"_bbp_total_reply_count":0,"_bbp_voice_count":0,"_bbp_anonymous_reply_count":0,"_bbp_topic_count_hidden":0,"_bbp_reply_count_hidden":0,"_bbp_forum_subforum_count":0,"site-sidebar-layout":"default","site-content-layout":"","ast-site-content-layout":"","site-content-style":"default","site-sidebar-style":"default","ast-global-header-display":"","ast-banner-title-visibility":"","ast-main-header-display":"","ast-hfb-above-header-display":"","ast-hfb-below-header-display":"","ast-hfb-mobile-header-display":"","site-post-title":"","ast-breadcrumbs-content":"","ast-featured-img":"","footer-sml-layout":"","theme-transparent-header-meta":"","adv-header-id-meta":"","stick-header-meta":"","header-above-stick-meta":"","header-main-stick-meta":"","header-below-stick-meta":"","astra-migrate-meta-layouts":"default","ast-page-background-enabled":"default","ast-page-background-meta":{"desktop":{"background-color":"var(--ast-global-color-4)","background-image":"","background-repeat":"repeat","background-position":"center center","background-size":"auto","background-attachment":"scroll","background-type":"","background-media":"","overlay-type":"","overlay-color":"","overlay-opacity":"","overlay-gradient":""},"tablet":{"background-color":"","background-image":"","background-repeat":"repeat","background-position":"center center","background-size":"auto","background-attachment":"scroll","background-type":"","background-media":"","overlay-type":"","overlay-color":"","overlay-opacity":"","overlay-gradient":""},"mobile":{"background-color":"","background-image":"","background-repeat":"repeat","background-position":"center center","background-size":"auto","background-attachment":"scroll","background-type":"","background-media":"","overlay-type":"","overlay-color":"","overlay-opacity":"","overlay-gradient":""}},"ast-content-background-meta":{"desktop":{"background-color":"var(--ast-global-color-5)","background-image":"","background-repeat":"repeat","background-position":"center center","background-size":"auto","background-attachment":"scroll","background-type":"","background-media":"","overlay-type":"","overlay-color":"","overlay-opacity":"","overlay-gradient":""},"tablet":{"background-color":"var(--ast-global-color-5)","background-image":"","background-repeat":"repeat","background-position":"center center","background-size":"auto","background-attachment":"scroll","background-type":"","background-media":"","overlay-type":"","overlay-color":"","overlay-opacity":"","overlay-gradient":""},"mobile":{"background-color":"var(--ast-global-color-5)","background-image":"","background-repeat":"repeat","background-position":"center center","background-size":"auto","background-attachment":"scroll","background-type":"","background-media":"","overlay-type":"","overlay-color":"","overlay-opacity":"","overlay-gradient":""}},"footnotes":""},"categories":[14],"tags":[92,94,507,506,504,350,505],"class_list":["post-13585","post","type-post","status-publish","format-standard","has-post-thumbnail","hentry","category-5e","tag-5e","tag-cinque","tag-concurs","tag-dictat","tag-dictatsolidari","tag-escola","tag-radiorubi"],"post_mailing_queue_ids":[],"_links":{"self":[{"href":"https:\/\/agora.xtec.cat\/escolamossencinto\/wp-json\/wp\/v2\/posts\/13585","targetHints":{"allow":["GET"]}}],"collection":[{"href":"https:\/\/agora.xtec.cat\/escolamossencinto\/wp-json\/wp\/v2\/posts"}],"about":[{"href":"https:\/\/agora.xtec.cat\/escolamossencinto\/wp-json\/wp\/v2\/types\/post"}],"author":[{"embeddable":true,"href":"https:\/\/agora.xtec.cat\/escolamossencinto\/wp-json\/wp\/v2\/users\/5"}],"replies":[{"embeddable":true,"href":"https:\/\/agora.xtec.cat\/escolamossencinto\/wp-json\/wp\/v2\/comments?post=13585"}],"version-history":[{"count":3,"href":"https:\/\/agora.xtec.cat\/escolamossencinto\/wp-json\/wp\/v2\/posts\/13585\/revisions"}],"predecessor-version":[{"id":13603,"href":"https:\/\/agora.xtec.cat\/escolamossencinto\/wp-json\/wp\/v2\/posts\/13585\/revisions\/13603"}],"wp:featuredmedia":[{"embeddable":true,"href":"https:\/\/agora.xtec.cat\/escolamossencinto\/wp-json\/wp\/v2\/media\/13601"}],"wp:attachment":[{"href":"https:\/\/agora.xtec.cat\/escolamossencinto\/wp-json\/wp\/v2\/media?parent=13585"}],"wp:term":[{"taxonomy":"category","embeddable":true,"href":"https:\/\/agora.xtec.cat\/escolamossencinto\/wp-json\/wp\/v2\/categories?post=13585"},{"taxonomy":"post_tag","embeddable":true,"href":"https:\/\/agora.xtec.cat\/escolamossencinto\/wp-json\/wp\/v2\/tags?post=13585"}],"curies":[{"name":"wp","href":"https:\/\/api.w.org\/{rel}","templated":true}]}}