{"id":13515,"date":"2021-03-10T08:00:18","date_gmt":"2021-03-10T07:00:18","guid":{"rendered":"http:\/\/agora.xtec.cat\/escolamossencinto\/?p=13515"},"modified":"2021-03-10T00:27:53","modified_gmt":"2021-03-09T23:27:53","slug":"full-colors-rubi","status":"publish","type":"post","link":"https:\/\/agora.xtec.cat\/escolamossencinto\/primaria\/5e\/full-colors-rubi\/","title":{"rendered":"Full Colors Rub\u00ed"},"content":{"rendered":"<p>Bona tarda!!<\/p>\n<p>Aquests \u00faltims dies els alumnes de 5\u00e8 de la nostra escola estan participant en el Full Colors de Rub\u00ed.<\/p>\n<p>Aquesta \u00e9s una iniciativa de l&#8217;ajuntament per donar color als carrers de la nostra ciutat. Us deixem el link a la p\u00e0gina on podeu veure resums de les edicions anteriors.<\/p>\n<p>https:\/\/www.rubi.cat\/ca\/color\/accions\/full-colors<\/p>\n<p>Aquest any 2021, com a novetat i innovaci\u00f3, s&#8217;ha proposat als i les alumnes dels centres escolars de Rub\u00ed que posin la seva empremta, no ens ho hem pensat gaire i ens hem llen\u00e7at a la piscina! Hem preparat uns dibuixos que l&#8217;escola d&#8217;art i disseny (EdRa) s&#8217;encarregar\u00e0 d&#8217;incloure&#8217;ls en un dels murals.<\/p>\n<p>Podeu trobar fotos del proc\u00e9s a les carpetes corresponents de cada grup. Quan sapiguem on estaran us avisarem a tots i totes!<\/p>\n<p><a href=\"https:\/\/agora.xtec.cat\/escolamossencinto\/wp-content\/uploads\/usu829\/2021\/03\/IMG_20210225_111439.jpg\"><img loading=\"lazy\" decoding=\"async\" class=\"aligncenter  wp-image-13575\" src=\"https:\/\/agora.xtec.cat\/escolamossencinto\/wp-content\/uploads\/usu829\/2021\/03\/IMG_20210225_111439.jpg\" alt=\"\" width=\"455\" height=\"205\" srcset=\"https:\/\/agora.xtec.cat\/escolamossencinto\/wp-content\/uploads\/usu829\/2021\/03\/IMG_20210225_111439.jpg 3822w, https:\/\/agora.xtec.cat\/escolamossencinto\/wp-content\/uploads\/usu829\/2021\/03\/IMG_20210225_111439-300x135.jpg 300w, https:\/\/agora.xtec.cat\/escolamossencinto\/wp-content\/uploads\/usu829\/2021\/03\/IMG_20210225_111439-768x346.jpg 768w, https:\/\/agora.xtec.cat\/escolamossencinto\/wp-content\/uploads\/usu829\/2021\/03\/IMG_20210225_111439-1024x461.jpg 1024w\" sizes=\"auto, (max-width: 455px) 100vw, 455px\" \/><\/a><a href=\"https:\/\/agora.xtec.cat\/escolamossencinto\/wp-content\/uploads\/usu829\/2021\/03\/IMG_4127.jpg\"><img loading=\"lazy\" decoding=\"async\" class=\"aligncenter  wp-image-13576\" src=\"https:\/\/agora.xtec.cat\/escolamossencinto\/wp-content\/uploads\/usu829\/2021\/03\/IMG_4127.jpg\" alt=\"\" width=\"457\" height=\"249\" srcset=\"https:\/\/agora.xtec.cat\/escolamossencinto\/wp-content\/uploads\/usu829\/2021\/03\/IMG_4127.jpg 3000w, https:\/\/agora.xtec.cat\/escolamossencinto\/wp-content\/uploads\/usu829\/2021\/03\/IMG_4127-300x164.jpg 300w, https:\/\/agora.xtec.cat\/escolamossencinto\/wp-content\/uploads\/usu829\/2021\/03\/IMG_4127-768x419.jpg 768w, https:\/\/agora.xtec.cat\/escolamossencinto\/wp-content\/uploads\/usu829\/2021\/03\/IMG_4127-1024x559.jpg 1024w\" sizes=\"auto, (max-width: 457px) 100vw, 457px\" \/><\/a><\/p>\n","protected":false},"excerpt":{"rendered":"<p>Bona tarda!! Aquests \u00faltims dies els alumnes de 5\u00e8 de la nostra escola estan participant en el Full Colors de Rub\u00ed. Aquesta \u00e9s una iniciativa de l&#8217;ajuntament per donar color als carrers de la nostra ciutat. Us deixem el link a la p\u00e0gina on podeu veure resums de les edicions anteriors. https:\/\/www.rubi.cat\/ca\/color\/accions\/full-colors Aquest any 2021, [&hellip;]<\/p>\n","protected":false},"author":5,"featured_media":13575,"comment_status":"closed","ping_status":"closed","sticky":false,"template":"","format":"standard","meta":{"_bbp_topic_count":0,"_bbp_reply_count":0,"_bbp_total_topic_count":0,"_bbp_total_reply_count":0,"_bbp_voice_count":0,"_bbp_anonymous_reply_count":0,"_bbp_topic_count_hidden":0,"_bbp_reply_count_hidden":0,"_bbp_forum_subforum_count":0,"site-sidebar-layout":"default","site-content-layout":"","ast-site-content-layout":"","site-content-style":"default","site-sidebar-style":"default","ast-global-header-display":"","ast-banner-title-visibility":"","ast-main-header-display":"","ast-hfb-above-header-display":"","ast-hfb-below-header-display":"","ast-hfb-mobile-header-display":"","site-post-title":"","ast-breadcrumbs-content":"","ast-featured-img":"","footer-sml-layout":"","theme-transparent-header-meta":"","adv-header-id-meta":"","stick-header-meta":"","header-above-stick-meta":"","header-main-stick-meta":"","header-below-stick-meta":"","astra-migrate-meta-layouts":"default","ast-page-background-enabled":"default","ast-page-background-meta":{"desktop":{"background-color":"var(--ast-global-color-4)","background-image":"","background-repeat":"repeat","background-position":"center center","background-size":"auto","background-attachment":"scroll","background-type":"","background-media":"","overlay-type":"","overlay-color":"","overlay-opacity":"","overlay-gradient":""},"tablet":{"background-color":"","background-image":"","background-repeat":"repeat","background-position":"center center","background-size":"auto","background-attachment":"scroll","background-type":"","background-media":"","overlay-type":"","overlay-color":"","overlay-opacity":"","overlay-gradient":""},"mobile":{"background-color":"","background-image":"","background-repeat":"repeat","background-position":"center center","background-size":"auto","background-attachment":"scroll","background-type":"","background-media":"","overlay-type":"","overlay-color":"","overlay-opacity":"","overlay-gradient":""}},"ast-content-background-meta":{"desktop":{"background-color":"var(--ast-global-color-5)","background-image":"","background-repeat":"repeat","background-position":"center center","background-size":"auto","background-attachment":"scroll","background-type":"","background-media":"","overlay-type":"","overlay-color":"","overlay-opacity":"","overlay-gradient":""},"tablet":{"background-color":"var(--ast-global-color-5)","background-image":"","background-repeat":"repeat","background-position":"center center","background-size":"auto","background-attachment":"scroll","background-type":"","background-media":"","overlay-type":"","overlay-color":"","overlay-opacity":"","overlay-gradient":""},"mobile":{"background-color":"var(--ast-global-color-5)","background-image":"","background-repeat":"repeat","background-position":"center center","background-size":"auto","background-attachment":"scroll","background-type":"","background-media":"","overlay-type":"","overlay-color":"","overlay-opacity":"","overlay-gradient":""}},"footnotes":""},"categories":[14],"tags":[426,92,391,94,498,499],"class_list":["post-13515","post","type-post","status-publish","format-standard","has-post-thumbnail","hentry","category-5e","tag-ciclesuperior","tag-5e","tag-art","tag-cinque","tag-dibuix","tag-grafiti"],"post_mailing_queue_ids":[],"_links":{"self":[{"href":"https:\/\/agora.xtec.cat\/escolamossencinto\/wp-json\/wp\/v2\/posts\/13515","targetHints":{"allow":["GET"]}}],"collection":[{"href":"https:\/\/agora.xtec.cat\/escolamossencinto\/wp-json\/wp\/v2\/posts"}],"about":[{"href":"https:\/\/agora.xtec.cat\/escolamossencinto\/wp-json\/wp\/v2\/types\/post"}],"author":[{"embeddable":true,"href":"https:\/\/agora.xtec.cat\/escolamossencinto\/wp-json\/wp\/v2\/users\/5"}],"replies":[{"embeddable":true,"href":"https:\/\/agora.xtec.cat\/escolamossencinto\/wp-json\/wp\/v2\/comments?post=13515"}],"version-history":[{"count":2,"href":"https:\/\/agora.xtec.cat\/escolamossencinto\/wp-json\/wp\/v2\/posts\/13515\/revisions"}],"predecessor-version":[{"id":13577,"href":"https:\/\/agora.xtec.cat\/escolamossencinto\/wp-json\/wp\/v2\/posts\/13515\/revisions\/13577"}],"wp:featuredmedia":[{"embeddable":true,"href":"https:\/\/agora.xtec.cat\/escolamossencinto\/wp-json\/wp\/v2\/media\/13575"}],"wp:attachment":[{"href":"https:\/\/agora.xtec.cat\/escolamossencinto\/wp-json\/wp\/v2\/media?parent=13515"}],"wp:term":[{"taxonomy":"category","embeddable":true,"href":"https:\/\/agora.xtec.cat\/escolamossencinto\/wp-json\/wp\/v2\/categories?post=13515"},{"taxonomy":"post_tag","embeddable":true,"href":"https:\/\/agora.xtec.cat\/escolamossencinto\/wp-json\/wp\/v2\/tags?post=13515"}],"curies":[{"name":"wp","href":"https:\/\/api.w.org\/{rel}","templated":true}]}}