{"id":13194,"date":"2021-01-22T10:27:42","date_gmt":"2021-01-22T09:27:42","guid":{"rendered":"http:\/\/agora.xtec.cat\/escolamossencinto\/?p=13194"},"modified":"2021-01-22T10:27:42","modified_gmt":"2021-01-22T09:27:42","slug":"ets-fantastic-empatia","status":"publish","type":"post","link":"https:\/\/agora.xtec.cat\/escolamossencinto\/altres-blocs\/coeducacio-igualtat-genere\/ets-fantastic-empatia\/","title":{"rendered":"Ets fant\u00e0stic &#8211; Empatia"},"content":{"rendered":"<h4 style=\"text-align: center\"><span style=\"color: #ff0000\"><strong><a style=\"color: #ff0000\" href=\"https:\/\/www.youtube.com\/watch?v=bzE9lOEuu8M&amp;feature=emb_title\">https:\/\/www.youtube.com\/watch?v=bzE9lOEuu8M&amp;feature=emb_title<\/a><\/strong><\/span><\/h4>\n<p>El v\u00eddeo que us mostrem, ens ensenya que en determinats moments, unes paraules amables escrites en un paper poden fer que les persones se sentin millor. \ud83d\ude00<\/p>\n<p>Us proposem mirar aquest v\u00eddeo en fam\u00edlia i realitzar les preguntes seg\u00fcents:<img loading=\"lazy\" decoding=\"async\" class=\" wp-image-13208 alignright\" src=\"https:\/\/agora.xtec.cat\/escolamossencinto\/wp-content\/uploads\/usu829\/2021\/01\/IMG_20210119_131114_2.jpg\" alt=\"\" width=\"588\" height=\"421\" srcset=\"https:\/\/agora.xtec.cat\/escolamossencinto\/wp-content\/uploads\/usu829\/2021\/01\/IMG_20210119_131114_2.jpg 4000w, https:\/\/agora.xtec.cat\/escolamossencinto\/wp-content\/uploads\/usu829\/2021\/01\/IMG_20210119_131114_2-300x215.jpg 300w, https:\/\/agora.xtec.cat\/escolamossencinto\/wp-content\/uploads\/usu829\/2021\/01\/IMG_20210119_131114_2-768x550.jpg 768w, https:\/\/agora.xtec.cat\/escolamossencinto\/wp-content\/uploads\/usu829\/2021\/01\/IMG_20210119_131114_2-1024x733.jpg 1024w\" sizes=\"auto, (max-width: 588px) 100vw, 588px\" \/><\/p>\n<p><em>-Qu\u00e8 us ha transm\u00e8s\u00a0aquest v\u00eddeo?<\/em><\/p>\n<p><em>-Quines emocions us ha generat? <\/em><\/p>\n<p><em>-Qu\u00e8 tenen en com\u00fa les persones que reben el paper? <\/em><\/p>\n<p><em>-Qu\u00e8 penseu que senten les persones que reben el paper? I les que els hi deixen? Per qu\u00e8 ho fan? <\/em><\/p>\n<p><em>-Com us sentir\u00edeu vosaltres si reb\u00e9ssiu\u00a0aquest paper?\u00a0 <\/em><\/p>\n<p><em>-Penseu que podr\u00edeu fer una cosa similar a la classe o a casa?\u00a0<\/em><\/p>\n<p style=\"text-align: left\"><strong>Despr\u00e9s de <\/strong><strong>respondre aquestes preguntes us proposem que repetiu aquest experiment a casa, a l&#8217;escola, o en qualsevol espai<\/strong>.<\/p>\n<p style=\"text-align: left\">Escriviu en un <em>post-it o en un paper<\/em>\u00a0una paraula, frase curta o b\u00e9 dibuix a qualsevol persona que vulgueu o que creieu que ho pot necessitar. L&#8217;enganxeu de sorpresa, aix\u00ed la persona que li feu el trobar\u00e0 per sorpresa en algun moment i fareu que es senti molt millor.<\/p>\n<p>Un cop feta l&#8217;activitat, us proposem algunes preguntes per compartir la vostre experi\u00e8ncia:<\/p>\n<p><em>-Com us heu sentit fent l\u2019activitat? <\/em><\/p>\n<p><em>-Heu pogut identificar quina emoci\u00f3 estava m\u00e9s present? <\/em><\/p>\n<p><em>-Heu pogut sentir quin tipus de pensaments ten\u00edeu\u00a0m\u00e9s presents? Ha estat dif\u00edcil? Per qu\u00e8? <\/em><\/p>\n<p><em>-Com us heu sentit al veure la reacci\u00f3 de la persona destinat\u00e0ria dels vostr es missatges? <\/em><\/p>\n<p><em>-Com han reaccionat? Com us ha fet sentir la seva reacci\u00f3?<\/em><\/p>\n<p>&nbsp;<\/p>\n<p>Esperem que us hagi agradat aquesta activitat. <strong>Moltes gr\u00e0cies per la vostre col\u00b7laboraci\u00f3<\/strong>, esperem que estigueu molt b\u00e9.\ud83e\udd17\ud83d\ude1a<\/p>\n","protected":false},"excerpt":{"rendered":"<p>https:\/\/www.youtube.com\/watch?v=bzE9lOEuu8M&amp;feature=emb_title El v\u00eddeo que us mostrem, ens ensenya que en determinats moments, unes paraules amables escrites en un paper poden fer que les persones se sentin millor. \ud83d\ude00 Us proposem mirar aquest v\u00eddeo en fam\u00edlia i realitzar les preguntes seg\u00fcents: -Qu\u00e8 us ha transm\u00e8s\u00a0aquest v\u00eddeo? -Quines emocions us ha generat? -Qu\u00e8 tenen en com\u00fa les [&hellip;]<\/p>\n","protected":false},"author":5,"featured_media":13211,"comment_status":"closed","ping_status":"closed","sticky":false,"template":"","format":"standard","meta":{"_bbp_topic_count":0,"_bbp_reply_count":0,"_bbp_total_topic_count":0,"_bbp_total_reply_count":0,"_bbp_voice_count":0,"_bbp_anonymous_reply_count":0,"_bbp_topic_count_hidden":0,"_bbp_reply_count_hidden":0,"_bbp_forum_subforum_count":0,"site-sidebar-layout":"default","site-content-layout":"","ast-site-content-layout":"","site-content-style":"default","site-sidebar-style":"default","ast-global-header-display":"","ast-banner-title-visibility":"","ast-main-header-display":"","ast-hfb-above-header-display":"","ast-hfb-below-header-display":"","ast-hfb-mobile-header-display":"","site-post-title":"","ast-breadcrumbs-content":"","ast-featured-img":"","footer-sml-layout":"","theme-transparent-header-meta":"","adv-header-id-meta":"","stick-header-meta":"","header-above-stick-meta":"","header-main-stick-meta":"","header-below-stick-meta":"","astra-migrate-meta-layouts":"default","ast-page-background-enabled":"default","ast-page-background-meta":{"desktop":{"background-color":"var(--ast-global-color-4)","background-image":"","background-repeat":"repeat","background-position":"center center","background-size":"auto","background-attachment":"scroll","background-type":"","background-media":"","overlay-type":"","overlay-color":"","overlay-opacity":"","overlay-gradient":""},"tablet":{"background-color":"","background-image":"","background-repeat":"repeat","background-position":"center center","background-size":"auto","background-attachment":"scroll","background-type":"","background-media":"","overlay-type":"","overlay-color":"","overlay-opacity":"","overlay-gradient":""},"mobile":{"background-color":"","background-image":"","background-repeat":"repeat","background-position":"center center","background-size":"auto","background-attachment":"scroll","background-type":"","background-media":"","overlay-type":"","overlay-color":"","overlay-opacity":"","overlay-gradient":""}},"ast-content-background-meta":{"desktop":{"background-color":"var(--ast-global-color-5)","background-image":"","background-repeat":"repeat","background-position":"center center","background-size":"auto","background-attachment":"scroll","background-type":"","background-media":"","overlay-type":"","overlay-color":"","overlay-opacity":"","overlay-gradient":""},"tablet":{"background-color":"var(--ast-global-color-5)","background-image":"","background-repeat":"repeat","background-position":"center center","background-size":"auto","background-attachment":"scroll","background-type":"","background-media":"","overlay-type":"","overlay-color":"","overlay-opacity":"","overlay-gradient":""},"mobile":{"background-color":"var(--ast-global-color-5)","background-image":"","background-repeat":"repeat","background-position":"center center","background-size":"auto","background-attachment":"scroll","background-type":"","background-media":"","overlay-type":"","overlay-color":"","overlay-opacity":"","overlay-gradient":""}},"footnotes":""},"categories":[36],"tags":[],"class_list":["post-13194","post","type-post","status-publish","format-standard","has-post-thumbnail","hentry","category-coeducacio-igualtat-genere"],"post_mailing_queue_ids":[],"_links":{"self":[{"href":"https:\/\/agora.xtec.cat\/escolamossencinto\/wp-json\/wp\/v2\/posts\/13194","targetHints":{"allow":["GET"]}}],"collection":[{"href":"https:\/\/agora.xtec.cat\/escolamossencinto\/wp-json\/wp\/v2\/posts"}],"about":[{"href":"https:\/\/agora.xtec.cat\/escolamossencinto\/wp-json\/wp\/v2\/types\/post"}],"author":[{"embeddable":true,"href":"https:\/\/agora.xtec.cat\/escolamossencinto\/wp-json\/wp\/v2\/users\/5"}],"replies":[{"embeddable":true,"href":"https:\/\/agora.xtec.cat\/escolamossencinto\/wp-json\/wp\/v2\/comments?post=13194"}],"version-history":[{"count":3,"href":"https:\/\/agora.xtec.cat\/escolamossencinto\/wp-json\/wp\/v2\/posts\/13194\/revisions"}],"predecessor-version":[{"id":13209,"href":"https:\/\/agora.xtec.cat\/escolamossencinto\/wp-json\/wp\/v2\/posts\/13194\/revisions\/13209"}],"wp:featuredmedia":[{"embeddable":true,"href":"https:\/\/agora.xtec.cat\/escolamossencinto\/wp-json\/wp\/v2\/media\/13211"}],"wp:attachment":[{"href":"https:\/\/agora.xtec.cat\/escolamossencinto\/wp-json\/wp\/v2\/media?parent=13194"}],"wp:term":[{"taxonomy":"category","embeddable":true,"href":"https:\/\/agora.xtec.cat\/escolamossencinto\/wp-json\/wp\/v2\/categories?post=13194"},{"taxonomy":"post_tag","embeddable":true,"href":"https:\/\/agora.xtec.cat\/escolamossencinto\/wp-json\/wp\/v2\/tags?post=13194"}],"curies":[{"name":"wp","href":"https:\/\/api.w.org\/{rel}","templated":true}]}}