{"id":12909,"date":"2020-12-18T16:11:32","date_gmt":"2020-12-18T15:11:32","guid":{"rendered":"http:\/\/agora.xtec.cat\/escolamossencinto\/?p=12909"},"modified":"2020-12-21T08:16:18","modified_gmt":"2020-12-21T07:16:18","slug":"tot-anira-be-versio-tiktok-6eb","status":"publish","type":"post","link":"https:\/\/agora.xtec.cat\/escolamossencinto\/primaria\/6e\/tot-anira-be-versio-tiktok-6eb\/","title":{"rendered":"&#8220;TOT ANIR\u00c0 B\u00c9&#8221; versi\u00f3 TikTok &#8211; 6\u00e8B"},"content":{"rendered":"<p><span style=\"color: #ff0000\"><strong>Bona <span style=\"color: #ff6600\">tarda<\/span> <span style=\"color: #33cccc\">fam\u00edlies!\u00a0<\/span><\/strong><\/span><\/p>\n<p>Volem acabar el trimestre, mostrant aquest petit v\u00eddeo fet amb l&#8217;aplicaci\u00f3 de <strong>&#8220;Tiktok&#8221;<\/strong> que els hi agrada tan als alumnes de la classe sis\u00e8 B.<\/p>\n<p>Aix\u00ed doncs, despr\u00e9s de moltes setmanes, la nostra classe ha volgut transmetre un missatge positiu per aquesta situaci\u00f3 tan complicada que estem vivint. A trav\u00e9s dels colors del arc de Sant Mart\u00ed, han volgut mostrar que tot anir\u00e0 b\u00e9 i que sortirem m\u00e9s forts d&#8217;aquesta pand\u00e8mia.<\/p>\n<p>Una vegada m\u00e9s, han demostrat que s\u00f3n UN EQUIP i que, amb respecte, ganes i il\u00b7lusi\u00f3, es poden fer activitats meravelloses.<\/p>\n<p>Esperem que us agradi tant com a ells fer-ho!<\/p>\n<p>Sis\u00e8 B.<\/p>\n<div style=\"width: 600px;\" class=\"wp-video\"><!--[if lt IE 9]><script>document.createElement('video');<\/script><![endif]-->\n<video class=\"wp-video-shortcode\" id=\"video-12909-1\" width=\"600\" height=\"324\" preload=\"metadata\" controls=\"controls\"><source type=\"video\/mp4\" src=\"https:\/\/agora.xtec.cat\/escolamossencinto\/wp-content\/uploads\/usu829\/2020\/12\/totanirabe_Rrz85KS7.mp4?_=1\" \/><a href=\"https:\/\/agora.xtec.cat\/escolamossencinto\/wp-content\/uploads\/usu829\/2020\/12\/totanirabe_Rrz85KS7.mp4\">https:\/\/agora.xtec.cat\/escolamossencinto\/wp-content\/uploads\/usu829\/2020\/12\/totanirabe_Rrz85KS7.mp4<\/a><\/video><\/div>\n","protected":false},"excerpt":{"rendered":"<p>Bona tarda fam\u00edlies!\u00a0 Volem acabar el trimestre, mostrant aquest petit v\u00eddeo fet amb l&#8217;aplicaci\u00f3 de &#8220;Tiktok&#8221; que els hi agrada tan als alumnes de la classe sis\u00e8 B. Aix\u00ed doncs, despr\u00e9s de moltes setmanes, la nostra classe ha volgut transmetre un missatge positiu per aquesta situaci\u00f3 tan complicada que estem vivint. A trav\u00e9s dels colors [&hellip;]<\/p>\n","protected":false},"author":5,"featured_media":0,"comment_status":"open","ping_status":"closed","sticky":false,"template":"","format":"standard","meta":{"_bbp_topic_count":0,"_bbp_reply_count":0,"_bbp_total_topic_count":0,"_bbp_total_reply_count":0,"_bbp_voice_count":0,"_bbp_anonymous_reply_count":0,"_bbp_topic_count_hidden":0,"_bbp_reply_count_hidden":0,"_bbp_forum_subforum_count":0,"site-sidebar-layout":"default","site-content-layout":"","ast-site-content-layout":"","site-content-style":"default","site-sidebar-style":"default","ast-global-header-display":"","ast-banner-title-visibility":"","ast-main-header-display":"","ast-hfb-above-header-display":"","ast-hfb-below-header-display":"","ast-hfb-mobile-header-display":"","site-post-title":"","ast-breadcrumbs-content":"","ast-featured-img":"","footer-sml-layout":"","theme-transparent-header-meta":"","adv-header-id-meta":"","stick-header-meta":"","header-above-stick-meta":"","header-main-stick-meta":"","header-below-stick-meta":"","astra-migrate-meta-layouts":"default","ast-page-background-enabled":"default","ast-page-background-meta":{"desktop":{"background-color":"var(--ast-global-color-4)","background-image":"","background-repeat":"repeat","background-position":"center center","background-size":"auto","background-attachment":"scroll","background-type":"","background-media":"","overlay-type":"","overlay-color":"","overlay-opacity":"","overlay-gradient":""},"tablet":{"background-color":"","background-image":"","background-repeat":"repeat","background-position":"center center","background-size":"auto","background-attachment":"scroll","background-type":"","background-media":"","overlay-type":"","overlay-color":"","overlay-opacity":"","overlay-gradient":""},"mobile":{"background-color":"","background-image":"","background-repeat":"repeat","background-position":"center center","background-size":"auto","background-attachment":"scroll","background-type":"","background-media":"","overlay-type":"","overlay-color":"","overlay-opacity":"","overlay-gradient":""}},"ast-content-background-meta":{"desktop":{"background-color":"var(--ast-global-color-5)","background-image":"","background-repeat":"repeat","background-position":"center center","background-size":"auto","background-attachment":"scroll","background-type":"","background-media":"","overlay-type":"","overlay-color":"","overlay-opacity":"","overlay-gradient":""},"tablet":{"background-color":"var(--ast-global-color-5)","background-image":"","background-repeat":"repeat","background-position":"center center","background-size":"auto","background-attachment":"scroll","background-type":"","background-media":"","overlay-type":"","overlay-color":"","overlay-opacity":"","overlay-gradient":""},"mobile":{"background-color":"var(--ast-global-color-5)","background-image":"","background-repeat":"repeat","background-position":"center center","background-size":"auto","background-attachment":"scroll","background-type":"","background-media":"","overlay-type":"","overlay-color":"","overlay-opacity":"","overlay-gradient":""}},"footnotes":""},"categories":[15],"tags":[93,466,467,465],"class_list":["post-12909","post","type-post","status-publish","format-standard","hentry","category-6e","tag-6e","tag-companys","tag-tiktok","tag-treball-en-equip"],"post_mailing_queue_ids":[],"_links":{"self":[{"href":"https:\/\/agora.xtec.cat\/escolamossencinto\/wp-json\/wp\/v2\/posts\/12909","targetHints":{"allow":["GET"]}}],"collection":[{"href":"https:\/\/agora.xtec.cat\/escolamossencinto\/wp-json\/wp\/v2\/posts"}],"about":[{"href":"https:\/\/agora.xtec.cat\/escolamossencinto\/wp-json\/wp\/v2\/types\/post"}],"author":[{"embeddable":true,"href":"https:\/\/agora.xtec.cat\/escolamossencinto\/wp-json\/wp\/v2\/users\/5"}],"replies":[{"embeddable":true,"href":"https:\/\/agora.xtec.cat\/escolamossencinto\/wp-json\/wp\/v2\/comments?post=12909"}],"version-history":[{"count":2,"href":"https:\/\/agora.xtec.cat\/escolamossencinto\/wp-json\/wp\/v2\/posts\/12909\/revisions"}],"predecessor-version":[{"id":12965,"href":"https:\/\/agora.xtec.cat\/escolamossencinto\/wp-json\/wp\/v2\/posts\/12909\/revisions\/12965"}],"wp:attachment":[{"href":"https:\/\/agora.xtec.cat\/escolamossencinto\/wp-json\/wp\/v2\/media?parent=12909"}],"wp:term":[{"taxonomy":"category","embeddable":true,"href":"https:\/\/agora.xtec.cat\/escolamossencinto\/wp-json\/wp\/v2\/categories?post=12909"},{"taxonomy":"post_tag","embeddable":true,"href":"https:\/\/agora.xtec.cat\/escolamossencinto\/wp-json\/wp\/v2\/tags?post=12909"}],"curies":[{"name":"wp","href":"https:\/\/api.w.org\/{rel}","templated":true}]}}