{"id":12830,"date":"2020-12-17T12:53:32","date_gmt":"2020-12-17T11:53:32","guid":{"rendered":"http:\/\/agora.xtec.cat\/escolamossencinto\/?p=12830"},"modified":"2020-12-17T12:53:32","modified_gmt":"2020-12-17T11:53:32","slug":"domino-emocions","status":"publish","type":"post","link":"https:\/\/agora.xtec.cat\/escolamossencinto\/altres-blocs\/coeducacio-igualtat-genere\/domino-emocions\/","title":{"rendered":"DOMIN\u00d3 EMOCIONS"},"content":{"rendered":"<p>Hola a tothom!\ud83d\ude01<\/p>\n<p>Avui us portem un joc per a jugar en fam\u00edlia que trobem molt interessant. En comptes de ser el cl\u00e0ssic domin\u00f3, les fitxes reflecteixen diferents emocions.<\/p>\n<ol>\n<li><strong>Material: <\/strong>Domin\u00f3 emocions, pot ser la plantilla que us adjuntem<a href=\"https:\/\/www.orientacionandujar.es\/wp-content\/uploads\/2015\/07\/Educacion-emocional-el-domino-de-las-emociones.pdf\"> clicar aqu\u00ed per obtenir domin\u00f3\u00a0\u00a0<\/a>tamb\u00e9 podeu dibuixar-lo vosaltres mateixos (en aquest cas necessitareu fulls, llapis de colors, retoladors&#8230;).<\/li>\n<\/ol>\n<p><strong>2. Preparaci\u00f3:\u00a0<\/strong>Retallem el domin\u00f3 de les emocions tots junts, seguidament recordem les emocions i sentiments que hi s\u00f3n presents.<\/p>\n<p><strong>3. Realitzaci\u00f3:<\/strong> Repartim les fitxes a cada jugador\/a. Per torns anem tirant la fitxa corresponent a la que ja han posat <em>(Exemple: Si ens surt la cara d&#8217;alegria, l&#8217;altre jugador\/a tamb\u00e9 haur\u00e0 de tirar la mateixa cara).<\/em><\/p>\n<p>Al final de l&#8217;activitat podem parlar sobre les emocions que sentim i quines reconeixem. (Alegria, tristesa, enfado, sorpresa, por, vergonya, dubte&#8230;)<\/p>\n<p>&nbsp;<\/p>\n<p>Esperem que gaudiu molt\u00edssim fent-lo, que passeu molt bones vacances! \ud83d\ude0d\ud83d\ude0d<\/p>\n<p>&nbsp;<\/p>\n","protected":false},"excerpt":{"rendered":"<p>Hola a tothom!\ud83d\ude01 Avui us portem un joc per a jugar en fam\u00edlia que trobem molt interessant. En comptes de ser el cl\u00e0ssic domin\u00f3, les fitxes reflecteixen diferents emocions. Material: Domin\u00f3 emocions, pot ser la plantilla que us adjuntem clicar aqu\u00ed per obtenir domin\u00f3\u00a0\u00a0tamb\u00e9 podeu dibuixar-lo vosaltres mateixos (en aquest cas necessitareu fulls, llapis de [&hellip;]<\/p>\n","protected":false},"author":5,"featured_media":0,"comment_status":"closed","ping_status":"closed","sticky":false,"template":"","format":"standard","meta":{"_bbp_topic_count":0,"_bbp_reply_count":0,"_bbp_total_topic_count":0,"_bbp_total_reply_count":0,"_bbp_voice_count":0,"_bbp_anonymous_reply_count":0,"_bbp_topic_count_hidden":0,"_bbp_reply_count_hidden":0,"_bbp_forum_subforum_count":0,"site-sidebar-layout":"default","site-content-layout":"","ast-site-content-layout":"","site-content-style":"default","site-sidebar-style":"default","ast-global-header-display":"","ast-banner-title-visibility":"","ast-main-header-display":"","ast-hfb-above-header-display":"","ast-hfb-below-header-display":"","ast-hfb-mobile-header-display":"","site-post-title":"","ast-breadcrumbs-content":"","ast-featured-img":"","footer-sml-layout":"","theme-transparent-header-meta":"","adv-header-id-meta":"","stick-header-meta":"","header-above-stick-meta":"","header-main-stick-meta":"","header-below-stick-meta":"","astra-migrate-meta-layouts":"default","ast-page-background-enabled":"default","ast-page-background-meta":{"desktop":{"background-color":"var(--ast-global-color-4)","background-image":"","background-repeat":"repeat","background-position":"center center","background-size":"auto","background-attachment":"scroll","background-type":"","background-media":"","overlay-type":"","overlay-color":"","overlay-opacity":"","overlay-gradient":""},"tablet":{"background-color":"","background-image":"","background-repeat":"repeat","background-position":"center center","background-size":"auto","background-attachment":"scroll","background-type":"","background-media":"","overlay-type":"","overlay-color":"","overlay-opacity":"","overlay-gradient":""},"mobile":{"background-color":"","background-image":"","background-repeat":"repeat","background-position":"center center","background-size":"auto","background-attachment":"scroll","background-type":"","background-media":"","overlay-type":"","overlay-color":"","overlay-opacity":"","overlay-gradient":""}},"ast-content-background-meta":{"desktop":{"background-color":"var(--ast-global-color-5)","background-image":"","background-repeat":"repeat","background-position":"center center","background-size":"auto","background-attachment":"scroll","background-type":"","background-media":"","overlay-type":"","overlay-color":"","overlay-opacity":"","overlay-gradient":""},"tablet":{"background-color":"var(--ast-global-color-5)","background-image":"","background-repeat":"repeat","background-position":"center center","background-size":"auto","background-attachment":"scroll","background-type":"","background-media":"","overlay-type":"","overlay-color":"","overlay-opacity":"","overlay-gradient":""},"mobile":{"background-color":"var(--ast-global-color-5)","background-image":"","background-repeat":"repeat","background-position":"center center","background-size":"auto","background-attachment":"scroll","background-type":"","background-media":"","overlay-type":"","overlay-color":"","overlay-opacity":"","overlay-gradient":""}},"footnotes":""},"categories":[36],"tags":[],"class_list":["post-12830","post","type-post","status-publish","format-standard","hentry","category-coeducacio-igualtat-genere"],"post_mailing_queue_ids":[],"_links":{"self":[{"href":"https:\/\/agora.xtec.cat\/escolamossencinto\/wp-json\/wp\/v2\/posts\/12830","targetHints":{"allow":["GET"]}}],"collection":[{"href":"https:\/\/agora.xtec.cat\/escolamossencinto\/wp-json\/wp\/v2\/posts"}],"about":[{"href":"https:\/\/agora.xtec.cat\/escolamossencinto\/wp-json\/wp\/v2\/types\/post"}],"author":[{"embeddable":true,"href":"https:\/\/agora.xtec.cat\/escolamossencinto\/wp-json\/wp\/v2\/users\/5"}],"replies":[{"embeddable":true,"href":"https:\/\/agora.xtec.cat\/escolamossencinto\/wp-json\/wp\/v2\/comments?post=12830"}],"version-history":[{"count":2,"href":"https:\/\/agora.xtec.cat\/escolamossencinto\/wp-json\/wp\/v2\/posts\/12830\/revisions"}],"predecessor-version":[{"id":12849,"href":"https:\/\/agora.xtec.cat\/escolamossencinto\/wp-json\/wp\/v2\/posts\/12830\/revisions\/12849"}],"wp:attachment":[{"href":"https:\/\/agora.xtec.cat\/escolamossencinto\/wp-json\/wp\/v2\/media?parent=12830"}],"wp:term":[{"taxonomy":"category","embeddable":true,"href":"https:\/\/agora.xtec.cat\/escolamossencinto\/wp-json\/wp\/v2\/categories?post=12830"},{"taxonomy":"post_tag","embeddable":true,"href":"https:\/\/agora.xtec.cat\/escolamossencinto\/wp-json\/wp\/v2\/tags?post=12830"}],"curies":[{"name":"wp","href":"https:\/\/api.w.org\/{rel}","templated":true}]}}