{"id":12383,"date":"2020-11-18T09:46:54","date_gmt":"2020-11-18T08:46:54","guid":{"rendered":"http:\/\/agora.xtec.cat\/escolamossencinto\/?p=12383"},"modified":"2020-11-18T09:46:54","modified_gmt":"2020-11-18T08:46:54","slug":"22-11-activitats-de-santa-cecilia","status":"publish","type":"post","link":"https:\/\/agora.xtec.cat\/escolamossencinto\/portada\/22-11-activitats-de-santa-cecilia\/","title":{"rendered":"22\/11 Activitats de Santa Cec\u00edlia"},"content":{"rendered":"<p>Benvolguts, Benvolgudes,<\/p>\n<p>Diumenge 22\/11 vinent ser\u00e0 la diada de Santa Cec\u00edlia. Malgrat no poder fer cap activitat presencial, hem volgut acostar-vos la m\u00fasica d\u2019alguna manera i us hem preparat un concert en streaming que esperem que us agradi.<\/p>\n<p>El concert anir\u00e0 a c\u00e0rrec del professorat de l\u2019Escola de M\u00fasica de Rub\u00ed i ser\u00e0 em\u00e8s en directe divendres 20 a les 18:30 h a trav\u00e9s del canal de YouTube de l\u2019Ajuntament de Rub\u00ed.<\/p>\n<p><a href=\"https:\/\/www.youtube.com\/user\/AjuntamentDeRubi\"><img loading=\"lazy\" decoding=\"async\" class=\"alignnone size-full wp-image-12384\" src=\"https:\/\/agora.xtec.cat\/escolamossencinto\/wp-content\/uploads\/usu829\/2020\/11\/image001.jpg\" alt=\"\" width=\"567\" height=\"219\" srcset=\"https:\/\/agora.xtec.cat\/escolamossencinto\/wp-content\/uploads\/usu829\/2020\/11\/image001.jpg 567w, https:\/\/agora.xtec.cat\/escolamossencinto\/wp-content\/uploads\/usu829\/2020\/11\/image001-300x116.jpg 300w\" sizes=\"auto, (max-width: 567px) 100vw, 567px\" \/><\/a><\/p>\n<p>Paral\u00b7lelament, el mateix dia 20 al mat\u00ed, hem preparat un espectable titulat \u201cContes de la Mediterr\u00e0nia\u201d que ser\u00e0 em\u00e8s a totes les escoles de prim\u00e0ria de la nostra ciutat.<\/p>\n<p>Esperem trobar-vos a tots i a totes!<\/p>\n<p>Escola de M\u00fasica de Rub\u00ed<\/p>\n","protected":false},"excerpt":{"rendered":"<p>Benvolguts, Benvolgudes, Diumenge 22\/11 vinent ser\u00e0 la diada de Santa Cec\u00edlia. Malgrat no poder fer cap activitat presencial, hem volgut acostar-vos la m\u00fasica d\u2019alguna manera i us hem preparat un concert en streaming que esperem que us agradi. El concert anir\u00e0 a c\u00e0rrec del professorat de l\u2019Escola de M\u00fasica de Rub\u00ed i ser\u00e0 em\u00e8s en [&hellip;]<\/p>\n","protected":false},"author":1,"featured_media":0,"comment_status":"closed","ping_status":"closed","sticky":false,"template":"","format":"standard","meta":{"_bbp_topic_count":0,"_bbp_reply_count":0,"_bbp_total_topic_count":0,"_bbp_total_reply_count":0,"_bbp_voice_count":0,"_bbp_anonymous_reply_count":0,"_bbp_topic_count_hidden":0,"_bbp_reply_count_hidden":0,"_bbp_forum_subforum_count":0,"site-sidebar-layout":"default","site-content-layout":"","ast-site-content-layout":"","site-content-style":"default","site-sidebar-style":"default","ast-global-header-display":"","ast-banner-title-visibility":"","ast-main-header-display":"","ast-hfb-above-header-display":"","ast-hfb-below-header-display":"","ast-hfb-mobile-header-display":"","site-post-title":"","ast-breadcrumbs-content":"","ast-featured-img":"","footer-sml-layout":"","theme-transparent-header-meta":"","adv-header-id-meta":"","stick-header-meta":"","header-above-stick-meta":"","header-main-stick-meta":"","header-below-stick-meta":"","astra-migrate-meta-layouts":"default","ast-page-background-enabled":"default","ast-page-background-meta":{"desktop":{"background-color":"var(--ast-global-color-4)","background-image":"","background-repeat":"repeat","background-position":"center center","background-size":"auto","background-attachment":"scroll","background-type":"","background-media":"","overlay-type":"","overlay-color":"","overlay-opacity":"","overlay-gradient":""},"tablet":{"background-color":"","background-image":"","background-repeat":"repeat","background-position":"center center","background-size":"auto","background-attachment":"scroll","background-type":"","background-media":"","overlay-type":"","overlay-color":"","overlay-opacity":"","overlay-gradient":""},"mobile":{"background-color":"","background-image":"","background-repeat":"repeat","background-position":"center center","background-size":"auto","background-attachment":"scroll","background-type":"","background-media":"","overlay-type":"","overlay-color":"","overlay-opacity":"","overlay-gradient":""}},"ast-content-background-meta":{"desktop":{"background-color":"var(--ast-global-color-5)","background-image":"","background-repeat":"repeat","background-position":"center center","background-size":"auto","background-attachment":"scroll","background-type":"","background-media":"","overlay-type":"","overlay-color":"","overlay-opacity":"","overlay-gradient":""},"tablet":{"background-color":"var(--ast-global-color-5)","background-image":"","background-repeat":"repeat","background-position":"center center","background-size":"auto","background-attachment":"scroll","background-type":"","background-media":"","overlay-type":"","overlay-color":"","overlay-opacity":"","overlay-gradient":""},"mobile":{"background-color":"var(--ast-global-color-5)","background-image":"","background-repeat":"repeat","background-position":"center center","background-size":"auto","background-attachment":"scroll","background-type":"","background-media":"","overlay-type":"","overlay-color":"","overlay-opacity":"","overlay-gradient":""}},"footnotes":""},"categories":[4],"tags":[406],"class_list":["post-12383","post","type-post","status-publish","format-standard","hentry","category-portada","tag-escola-de-musica-pere-bures"],"post_mailing_queue_ids":[],"_links":{"self":[{"href":"https:\/\/agora.xtec.cat\/escolamossencinto\/wp-json\/wp\/v2\/posts\/12383","targetHints":{"allow":["GET"]}}],"collection":[{"href":"https:\/\/agora.xtec.cat\/escolamossencinto\/wp-json\/wp\/v2\/posts"}],"about":[{"href":"https:\/\/agora.xtec.cat\/escolamossencinto\/wp-json\/wp\/v2\/types\/post"}],"author":[{"embeddable":true,"href":"https:\/\/agora.xtec.cat\/escolamossencinto\/wp-json\/wp\/v2\/users\/1"}],"replies":[{"embeddable":true,"href":"https:\/\/agora.xtec.cat\/escolamossencinto\/wp-json\/wp\/v2\/comments?post=12383"}],"version-history":[{"count":1,"href":"https:\/\/agora.xtec.cat\/escolamossencinto\/wp-json\/wp\/v2\/posts\/12383\/revisions"}],"predecessor-version":[{"id":12385,"href":"https:\/\/agora.xtec.cat\/escolamossencinto\/wp-json\/wp\/v2\/posts\/12383\/revisions\/12385"}],"wp:attachment":[{"href":"https:\/\/agora.xtec.cat\/escolamossencinto\/wp-json\/wp\/v2\/media?parent=12383"}],"wp:term":[{"taxonomy":"category","embeddable":true,"href":"https:\/\/agora.xtec.cat\/escolamossencinto\/wp-json\/wp\/v2\/categories?post=12383"},{"taxonomy":"post_tag","embeddable":true,"href":"https:\/\/agora.xtec.cat\/escolamossencinto\/wp-json\/wp\/v2\/tags?post=12383"}],"curies":[{"name":"wp","href":"https:\/\/api.w.org\/{rel}","templated":true}]}}