{"id":12000,"date":"2020-09-27T18:15:58","date_gmt":"2020-09-27T16:15:58","guid":{"rendered":"http:\/\/agora.xtec.cat\/escolamossencinto\/?p=12000"},"modified":"2020-10-15T14:48:18","modified_gmt":"2020-10-15T12:48:18","slug":"nous-horaris-i-espais-dentrades-i-sortides","status":"publish","type":"post","link":"https:\/\/agora.xtec.cat\/escolamossencinto\/portada\/nous-horaris-i-espais-dentrades-i-sortides\/","title":{"rendered":"Nous horaris i espais d&#8217;entrades i sortides a partir de DIMARTS 29 de setembre!!!"},"content":{"rendered":"<h3><span style=\"font-weight: 400;\">Noves entrades i sortides<\/span><\/h3>\n<p><span style=\"font-weight: 400;\">L\u2019escola habilitar\u00e0 d\u2019un total de 5 accessos que s\u00f3n:<\/span><\/p>\n<table>\n<tbody>\n<tr>\n<td><span style=\"font-weight: 400;\">Acc\u00e9s 1<\/span><\/td>\n<td><span style=\"font-weight: 400;\">Carrer de Num\u00e0ncia. Tanca d\u2019educaci\u00f3 infantil<\/span><\/td>\n<td><span style=\"font-weight: 400;\">EI 3, EI 4 i EI 5<\/span><\/td>\n<\/tr>\n<tr>\n<td><span style=\"font-weight: 400;\">Acc\u00e9s 2<\/span><\/td>\n<td><span style=\"font-weight: 400;\">Carrer de Num\u00e0ncia. Entrada principal<\/span><\/td>\n<td><span style=\"font-weight: 400;\">1r i 2n<\/span><\/td>\n<\/tr>\n<tr>\n<td><span style=\"font-weight: 400;\">Acc\u00e9s 3<\/span><\/td>\n<td><span style=\"font-weight: 400;\">Carrer de Num\u00e0ncia. Entrada secund\u00e0ria (biblioteca, menjador)<\/span><\/td>\n<td><span style=\"font-weight: 400;\">3r i 4t<\/span><\/td>\n<\/tr>\n<tr>\n<td><span style=\"font-weight: 400;\">Acc\u00e9s 4<\/span><\/td>\n<td><span style=\"font-weight: 400;\">Carrer de Bail\u00e8n. Reixa d\u2019acc\u00e9s a les pistes.<\/span><\/td>\n<td><span style=\"font-weight: 400;\">6\u00e8<\/span><\/td>\n<\/tr>\n<tr>\n<td><span style=\"font-weight: 400;\">Acc\u00e9s 5<\/span><\/td>\n<td><span style=\"font-weight: 400;\">Carrer de Bail\u00e8n. Reixa d\u2019acc\u00e9s a les grades<\/span><\/td>\n<td><span style=\"font-weight: 400;\">5\u00e8<\/span><\/td>\n<\/tr>\n<\/tbody>\n<\/table>\n<p><span style=\"font-weight: 400;\">El centre identificar\u00e0 tots els accessos: \u201cEntrada d\u2019EI 3, EI 4 i EI 5\u201d, \u201cEntrada de 1r i 2n\u201d \u201cEntrada de 3r i 4t\u201d i \u201cEntrada de 6\u00e8\u201d i \u201cEntrada de 5\u00e8\u201d.<\/span><\/p>\n<h4><span style=\"font-weight: 400;\">Horaris d\u2019entrada i sortida:<\/span><\/h4>\n<table style=\"height: 294px;\" width=\"719\">\n<tbody>\n<tr style=\"height: 33px;\">\n<td style=\"height: 33px; width: 147.778px;\"><span style=\"font-weight: 400;\">Curs i grup<\/span><\/td>\n<td style=\"height: 33px; width: 141.111px;\"><span style=\"font-weight: 400;\">Mat\u00ed entrada<\/span><\/td>\n<td style=\"height: 33px; width: 134.444px;\"><span style=\"font-weight: 400;\">Mat\u00ed sortida<\/span><\/td>\n<td style=\"height: 33px; width: 148.889px;\"><span style=\"font-weight: 400;\">Tarda entrada<\/span><\/td>\n<td style=\"height: 33px; width: 137.778px;\"><span style=\"font-weight: 400;\">Tarda sortida<\/span><\/td>\n<\/tr>\n<tr style=\"height: 123px;\">\n<td style=\"height: 123px; width: 147.778px;\"><span style=\"font-weight: 400;\">Educaci\u00f3 Infantil<\/span><\/p>\n<p><span style=\"font-weight: 400;\">P3, P4 i P5<\/span><\/td>\n<td style=\"height: 123px; width: 141.111px;\"><span style=\"font-weight: 400;\">8:55 <\/span><span style=\"font-weight: 400;\">obrim la reixa<\/span><\/p>\n<p><span style=\"font-weight: 400;\">De 9:00 a 9:15<\/span><\/p>\n<p><span style=\"font-weight: 400;\">entrada flexible<\/span><\/td>\n<td style=\"height: 123px; width: 134.444px;\"><span style=\"font-weight: 400;\">12:25 obrim reixa<\/span><\/p>\n<p><span style=\"font-weight: 400;\">12:30<\/span><\/td>\n<td style=\"height: 123px; width: 148.889px;\"><span style=\"font-weight: 400;\">14:55 <\/span><span style=\"font-weight: 400;\">obrim la reixa<\/span><\/p>\n<p><span style=\"font-weight: 400;\">De 15:00 a 15:15<\/span><\/p>\n<p><span style=\"font-weight: 400;\">entrada flexible<\/span><\/td>\n<td style=\"height: 123px; width: 137.778px;\"><span style=\"font-weight: 400;\">16:25 obrim reixa<\/span><\/p>\n<p><span style=\"font-weight: 400;\">16:30<\/span><\/td>\n<\/tr>\n<tr style=\"height: 82px;\">\n<td style=\"height: 82px; width: 147.778px;\"><span style=\"font-weight: 400;\">Educaci\u00f3 Prim\u00e0ria<\/span><\/p>\n<p><span style=\"font-weight: 400;\">1r, 2n, 3r, 4t, 5\u00e8 i 6\u00e8<\/span><\/td>\n<td style=\"height: 82px; width: 141.111px;\"><span style=\"font-weight: 400;\">De 9:00 a 9:15<\/span><\/p>\n<p><span style=\"font-weight: 400;\">entrada flexible<\/span><\/td>\n<td style=\"height: 82px; width: 134.444px;\"><span style=\"font-weight: 400;\">12:30<\/span><\/td>\n<td style=\"height: 82px; width: 148.889px;\"><span style=\"font-weight: 400;\">De 15:00 a 15:15<\/span><\/p>\n<p><span style=\"font-weight: 400;\">entrada flexible<\/span><\/td>\n<td style=\"height: 82px; width: 137.778px;\"><span style=\"font-weight: 400;\">16:30<\/span><\/td>\n<\/tr>\n<\/tbody>\n<\/table>\n<p><span style=\"font-weight: 400;\">Les entrades s\u00f3n flexibles, aix\u00f2 vol dir que l\u2019alumnat pot entrar a les aules progressivament segons arribin a l\u2019escola calmadament. A Prim\u00e0ria entraran a les aules i faran la lectura:<\/span><\/p>\n<p><span style=\"font-weight: 400;\">De 9:00 a 9:15 (entrada flexible) i de 15:00 a 15:15 (entrada flexible).<\/span><\/p>\n<p><span style=\"font-weight: 400;\">Hi haur\u00e0 mestres vigilant a les aules i a les entrades.<\/span><\/p>\n<p><span style=\"font-weight: 400;\">A migdia i a la tarda, a les 12:30h i a les 16:30h farem les sortides ordin\u00e0riament, pel mateix acc\u00e9s de l\u2019entrada.<\/span><\/p>\n<p><span style=\"font-weight: 400;\">Hi ha petjades i fletxes de colors enganxades al terra i cartells arreu de l\u2019escola per fer els recorreguts r\u00e0pidament i flu\u00efda.<\/span><\/p>\n<p><span style=\"font-weight: 400;\">Els nens i nenes d\u2019educaci\u00f3 infantil P3, P4 i P5 NOM\u00c9S poden anar acompanyats d\u2019un adult.<\/span><\/p>\n<p><span style=\"font-weight: 400;\">Sempre amb mascareta a les entrades i sortides.<\/span><\/p>\n<p><span style=\"font-weight: 400;\">Marxeu de seguida, no espereu al carrer, si us plau!<\/span><\/p>\n<p>Aquests nous horaris d&#8217;entrades i sortides han estat aprovats per majoria al Consell Escolar celebrat el passat divendres 25 de setembre de 2020 i aix\u00ed resta modificat al nostre Pla de reobertura.<\/p>\n<p><span style=\"font-weight: 400;\">Moltes gr\u00e0cies per la vostra col\u00b7laboraci\u00f3!<\/span><\/p>\n","protected":false},"excerpt":{"rendered":"<p>Noves entrades i sortides L\u2019escola habilitar\u00e0 d\u2019un total de 5 accessos que s\u00f3n: Acc\u00e9s 1 Carrer de Num\u00e0ncia. Tanca d\u2019educaci\u00f3 infantil EI 3, EI 4 i EI 5 Acc\u00e9s 2 Carrer de Num\u00e0ncia. Entrada principal 1r i 2n Acc\u00e9s 3 Carrer de Num\u00e0ncia. Entrada secund\u00e0ria (biblioteca, menjador) 3r i 4t Acc\u00e9s 4 Carrer de Bail\u00e8n. [&hellip;]<\/p>\n","protected":false},"author":1,"featured_media":0,"comment_status":"closed","ping_status":"closed","sticky":false,"template":"","format":"standard","meta":{"_bbp_topic_count":0,"_bbp_reply_count":0,"_bbp_total_topic_count":0,"_bbp_total_reply_count":0,"_bbp_voice_count":0,"_bbp_anonymous_reply_count":0,"_bbp_topic_count_hidden":0,"_bbp_reply_count_hidden":0,"_bbp_forum_subforum_count":0,"site-sidebar-layout":"default","site-content-layout":"","ast-site-content-layout":"","site-content-style":"default","site-sidebar-style":"default","ast-global-header-display":"","ast-banner-title-visibility":"","ast-main-header-display":"","ast-hfb-above-header-display":"","ast-hfb-below-header-display":"","ast-hfb-mobile-header-display":"","site-post-title":"","ast-breadcrumbs-content":"","ast-featured-img":"","footer-sml-layout":"","theme-transparent-header-meta":"","adv-header-id-meta":"","stick-header-meta":"","header-above-stick-meta":"","header-main-stick-meta":"","header-below-stick-meta":"","astra-migrate-meta-layouts":"default","ast-page-background-enabled":"default","ast-page-background-meta":{"desktop":{"background-color":"var(--ast-global-color-4)","background-image":"","background-repeat":"repeat","background-position":"center center","background-size":"auto","background-attachment":"scroll","background-type":"","background-media":"","overlay-type":"","overlay-color":"","overlay-opacity":"","overlay-gradient":""},"tablet":{"background-color":"","background-image":"","background-repeat":"repeat","background-position":"center center","background-size":"auto","background-attachment":"scroll","background-type":"","background-media":"","overlay-type":"","overlay-color":"","overlay-opacity":"","overlay-gradient":""},"mobile":{"background-color":"","background-image":"","background-repeat":"repeat","background-position":"center center","background-size":"auto","background-attachment":"scroll","background-type":"","background-media":"","overlay-type":"","overlay-color":"","overlay-opacity":"","overlay-gradient":""}},"ast-content-background-meta":{"desktop":{"background-color":"var(--ast-global-color-5)","background-image":"","background-repeat":"repeat","background-position":"center center","background-size":"auto","background-attachment":"scroll","background-type":"","background-media":"","overlay-type":"","overlay-color":"","overlay-opacity":"","overlay-gradient":""},"tablet":{"background-color":"var(--ast-global-color-5)","background-image":"","background-repeat":"repeat","background-position":"center center","background-size":"auto","background-attachment":"scroll","background-type":"","background-media":"","overlay-type":"","overlay-color":"","overlay-opacity":"","overlay-gradient":""},"mobile":{"background-color":"var(--ast-global-color-5)","background-image":"","background-repeat":"repeat","background-position":"center center","background-size":"auto","background-attachment":"scroll","background-type":"","background-media":"","overlay-type":"","overlay-color":"","overlay-opacity":"","overlay-gradient":""}},"footnotes":""},"categories":[4],"tags":[424],"class_list":["post-12000","post","type-post","status-publish","format-standard","hentry","category-portada","tag-entrades-i-sortides"],"post_mailing_queue_ids":[],"_links":{"self":[{"href":"https:\/\/agora.xtec.cat\/escolamossencinto\/wp-json\/wp\/v2\/posts\/12000","targetHints":{"allow":["GET"]}}],"collection":[{"href":"https:\/\/agora.xtec.cat\/escolamossencinto\/wp-json\/wp\/v2\/posts"}],"about":[{"href":"https:\/\/agora.xtec.cat\/escolamossencinto\/wp-json\/wp\/v2\/types\/post"}],"author":[{"embeddable":true,"href":"https:\/\/agora.xtec.cat\/escolamossencinto\/wp-json\/wp\/v2\/users\/1"}],"replies":[{"embeddable":true,"href":"https:\/\/agora.xtec.cat\/escolamossencinto\/wp-json\/wp\/v2\/comments?post=12000"}],"version-history":[{"count":3,"href":"https:\/\/agora.xtec.cat\/escolamossencinto\/wp-json\/wp\/v2\/posts\/12000\/revisions"}],"predecessor-version":[{"id":12059,"href":"https:\/\/agora.xtec.cat\/escolamossencinto\/wp-json\/wp\/v2\/posts\/12000\/revisions\/12059"}],"wp:attachment":[{"href":"https:\/\/agora.xtec.cat\/escolamossencinto\/wp-json\/wp\/v2\/media?parent=12000"}],"wp:term":[{"taxonomy":"category","embeddable":true,"href":"https:\/\/agora.xtec.cat\/escolamossencinto\/wp-json\/wp\/v2\/categories?post=12000"},{"taxonomy":"post_tag","embeddable":true,"href":"https:\/\/agora.xtec.cat\/escolamossencinto\/wp-json\/wp\/v2\/tags?post=12000"}],"curies":[{"name":"wp","href":"https:\/\/api.w.org\/{rel}","templated":true}]}}