{"id":11935,"date":"2020-09-16T08:56:36","date_gmt":"2020-09-16T06:56:36","guid":{"rendered":"http:\/\/agora.xtec.cat\/escolamossencinto\/?p=11935"},"modified":"2020-09-27T18:16:16","modified_gmt":"2020-09-27T16:16:16","slug":"ajuts-per-a-alumnes-amb-necessitat-especifica-de-suport-educatiu","status":"publish","type":"post","link":"https:\/\/agora.xtec.cat\/escolamossencinto\/portada\/ajuts-per-a-alumnes-amb-necessitat-especifica-de-suport-educatiu\/","title":{"rendered":"Ajuts per a alumnes amb necessitat espec\u00edfica de suport educatiu"},"content":{"rendered":"<p>Benvolgudes fam\u00edlies,<\/p>\n<p>Ja podeu presentar la sol\u00b7licitud d&#8217;ajuts per a alumnes amb necessitat espec\u00edfica de suport educatiu:<\/p>\n<p><a href=\"http:\/\/ensenyament.gencat.cat\/ca\/tramits\/tramits-temes\/Ajuts-per-a-alumnes-amb-necessitat-especifica-de-suport-educatiu\">SOL\u00b7LICITUD<\/a><\/p>\n<p>Termini per presentar les sol\u00b7licituds: del 9 d&#8217;agost al 30 de setembre de 2020<\/p>\n<p>NOTA INFORMATIVA NOVA!: En relaci\u00f3 amb la convocat\u00f2ria de beques 2020-2021 per a alumnat amb necessitat espec\u00edfica de suport educatiu, i d\u2019acord amb les instruccions que hem rebut del Ministeri d\u2019Educaci\u00f3, \u00a0cal que el correu electr\u00f2nic que ha de figurar a la sol\u00b7licitud (dada \u00a0obligat\u00f2ria) sigui\u00a0<strong>sempre el del sol\u00b7licitant o b\u00e9 el del pare, mare o tutor, cas que no sigui major d\u2019edat.\u00a0<\/strong>Cas contrari ,no podr\u00e0 tramitar-se la sol\u00b7licitud.<\/p>\n<p style=\"font-weight: 400;\">Aix\u00ed mateix, l\u2019alumne haur\u00e0 de ser titular o cotitular del compte corrent ,llevat que s\u2019hagi autoritzat el centre a percebre l\u2019ajut.<\/p>\n<p>La direcci\u00f3.<\/p>\n","protected":false},"excerpt":{"rendered":"<p>Benvolgudes fam\u00edlies, Ja podeu presentar la sol\u00b7licitud d&#8217;ajuts per a alumnes amb necessitat espec\u00edfica de suport educatiu: SOL\u00b7LICITUD Termini per presentar les sol\u00b7licituds: del 9 d&#8217;agost al 30 de setembre de 2020 NOTA INFORMATIVA NOVA!: En relaci\u00f3 amb la convocat\u00f2ria de beques 2020-2021 per a alumnat amb necessitat espec\u00edfica de suport educatiu, i d\u2019acord amb [&hellip;]<\/p>\n","protected":false},"author":1,"featured_media":0,"comment_status":"closed","ping_status":"closed","sticky":false,"template":"","format":"standard","meta":{"_bbp_topic_count":0,"_bbp_reply_count":0,"_bbp_total_topic_count":0,"_bbp_total_reply_count":0,"_bbp_voice_count":0,"_bbp_anonymous_reply_count":0,"_bbp_topic_count_hidden":0,"_bbp_reply_count_hidden":0,"_bbp_forum_subforum_count":0,"site-sidebar-layout":"default","site-content-layout":"","ast-site-content-layout":"","site-content-style":"default","site-sidebar-style":"default","ast-global-header-display":"","ast-banner-title-visibility":"","ast-main-header-display":"","ast-hfb-above-header-display":"","ast-hfb-below-header-display":"","ast-hfb-mobile-header-display":"","site-post-title":"","ast-breadcrumbs-content":"","ast-featured-img":"","footer-sml-layout":"","theme-transparent-header-meta":"","adv-header-id-meta":"","stick-header-meta":"","header-above-stick-meta":"","header-main-stick-meta":"","header-below-stick-meta":"","astra-migrate-meta-layouts":"default","ast-page-background-enabled":"default","ast-page-background-meta":{"desktop":{"background-color":"var(--ast-global-color-4)","background-image":"","background-repeat":"repeat","background-position":"center center","background-size":"auto","background-attachment":"scroll","background-type":"","background-media":"","overlay-type":"","overlay-color":"","overlay-opacity":"","overlay-gradient":""},"tablet":{"background-color":"","background-image":"","background-repeat":"repeat","background-position":"center center","background-size":"auto","background-attachment":"scroll","background-type":"","background-media":"","overlay-type":"","overlay-color":"","overlay-opacity":"","overlay-gradient":""},"mobile":{"background-color":"","background-image":"","background-repeat":"repeat","background-position":"center center","background-size":"auto","background-attachment":"scroll","background-type":"","background-media":"","overlay-type":"","overlay-color":"","overlay-opacity":"","overlay-gradient":""}},"ast-content-background-meta":{"desktop":{"background-color":"var(--ast-global-color-5)","background-image":"","background-repeat":"repeat","background-position":"center center","background-size":"auto","background-attachment":"scroll","background-type":"","background-media":"","overlay-type":"","overlay-color":"","overlay-opacity":"","overlay-gradient":""},"tablet":{"background-color":"var(--ast-global-color-5)","background-image":"","background-repeat":"repeat","background-position":"center center","background-size":"auto","background-attachment":"scroll","background-type":"","background-media":"","overlay-type":"","overlay-color":"","overlay-opacity":"","overlay-gradient":""},"mobile":{"background-color":"var(--ast-global-color-5)","background-image":"","background-repeat":"repeat","background-position":"center center","background-size":"auto","background-attachment":"scroll","background-type":"","background-media":"","overlay-type":"","overlay-color":"","overlay-opacity":"","overlay-gradient":""}},"footnotes":""},"categories":[4],"tags":[430,170],"class_list":["post-11935","post","type-post","status-publish","format-standard","hentry","category-portada","tag-ajuts-nese","tag-setembre"],"post_mailing_queue_ids":[],"_links":{"self":[{"href":"https:\/\/agora.xtec.cat\/escolamossencinto\/wp-json\/wp\/v2\/posts\/11935","targetHints":{"allow":["GET"]}}],"collection":[{"href":"https:\/\/agora.xtec.cat\/escolamossencinto\/wp-json\/wp\/v2\/posts"}],"about":[{"href":"https:\/\/agora.xtec.cat\/escolamossencinto\/wp-json\/wp\/v2\/types\/post"}],"author":[{"embeddable":true,"href":"https:\/\/agora.xtec.cat\/escolamossencinto\/wp-json\/wp\/v2\/users\/1"}],"replies":[{"embeddable":true,"href":"https:\/\/agora.xtec.cat\/escolamossencinto\/wp-json\/wp\/v2\/comments?post=11935"}],"version-history":[{"count":3,"href":"https:\/\/agora.xtec.cat\/escolamossencinto\/wp-json\/wp\/v2\/posts\/11935\/revisions"}],"predecessor-version":[{"id":11952,"href":"https:\/\/agora.xtec.cat\/escolamossencinto\/wp-json\/wp\/v2\/posts\/11935\/revisions\/11952"}],"wp:attachment":[{"href":"https:\/\/agora.xtec.cat\/escolamossencinto\/wp-json\/wp\/v2\/media?parent=11935"}],"wp:term":[{"taxonomy":"category","embeddable":true,"href":"https:\/\/agora.xtec.cat\/escolamossencinto\/wp-json\/wp\/v2\/categories?post=11935"},{"taxonomy":"post_tag","embeddable":true,"href":"https:\/\/agora.xtec.cat\/escolamossencinto\/wp-json\/wp\/v2\/tags?post=11935"}],"curies":[{"name":"wp","href":"https:\/\/api.w.org\/{rel}","templated":true}]}}