{"id":11880,"date":"2020-09-09T19:42:57","date_gmt":"2020-09-09T17:42:57","guid":{"rendered":"http:\/\/agora.xtec.cat\/escolamossencinto\/?p=11880"},"modified":"2020-09-23T14:32:16","modified_gmt":"2020-09-23T12:32:16","slug":"entrades-i-sortides-horaris-esglaonats","status":"publish","type":"post","link":"https:\/\/agora.xtec.cat\/escolamossencinto\/portada\/entrades-i-sortides-horaris-esglaonats\/","title":{"rendered":"Entrades i sortides, horaris esglaonats!"},"content":{"rendered":"<h3><span style=\"font-weight: 400;\">Entrades i sortides<\/span><\/h3>\n<p><span style=\"font-weight: 400;\">L\u2019escola habilitar\u00e0 d\u2019un total de 4 accessos que s\u00f3n:<\/span><\/p>\n<table>\n<tbody>\n<tr>\n<td><span style=\"font-weight: 400;\">Acc\u00e9s 1<\/span><\/td>\n<td><span style=\"font-weight: 400;\">Carrer de Num\u00e0ncia. Tanca d\u2019educaci\u00f3 infantil amb acc\u00e9s directe a les aules pels patis.<\/span><\/td>\n<td><span style=\"font-weight: 400;\">EI 3, EI 4 i EI 5<\/span><\/td>\n<\/tr>\n<tr>\n<td><span style=\"font-weight: 400;\">Acc\u00e9s 2<\/span><\/td>\n<td><span style=\"font-weight: 400;\">Carrer de Num\u00e0ncia. Entrada principal amb acc\u00e9s al 1r pis, porxo, consergeria&#8230;<\/span><\/td>\n<td><span style=\"font-weight: 400;\">1r i 2n<\/span><\/td>\n<\/tr>\n<tr>\n<td><span style=\"font-weight: 400;\">Acc\u00e9s 3<\/span><\/td>\n<td><span style=\"font-weight: 400;\">Carrer de Num\u00e0ncia. Entrada secund\u00e0ria amb acc\u00e9s directe al pati de sorra de prim\u00e0ria, al primer pis i al menjador i biblioteca.<\/span><\/td>\n<td><span style=\"font-weight: 400;\">3r i 4t<\/span><\/td>\n<\/tr>\n<tr>\n<td><span style=\"font-weight: 400;\">Acc\u00e9s 4<\/span><\/td>\n<td><span style=\"font-weight: 400;\">Carrer de Bail\u00e8n. Reixa d\u2019acc\u00e9s directe a les pistes.<\/span><\/td>\n<td><span style=\"font-weight: 400;\">5\u00e8 i 6\u00e8<\/span><\/td>\n<\/tr>\n<\/tbody>\n<\/table>\n<p><span style=\"font-weight: 400;\">El centre identificar\u00e0 tots els accessos: \u201cEntrada d\u2019EI 3, EI 4 i EI 5\u201d, \u201cEntrada de 1r i 2n\u201d \u201cEntrada de 3r i 4t\u201d i \u201cEntrada de 5\u00e8 i 6\u00e8\u201d.<\/span><\/p>\n<h4><span style=\"font-weight: 400;\">Horari d\u2019entrada i sortida: Recordeu que els 3 primers dies EI 3 o P3 tenen un horari adaptat! (Vegeu bloc de l\u2019escola).<\/span><\/h4>\n<table>\n<tbody>\n<tr>\n<td><span style=\"font-weight: 400;\">Curs i grup<\/span><\/td>\n<td><span style=\"font-weight: 400;\">Mat\u00ed entrada<\/span><\/td>\n<td><span style=\"font-weight: 400;\">Mat\u00ed sortida<\/span><\/td>\n<td><span style=\"font-weight: 400;\">Tarda entrada<\/span><\/td>\n<td><span style=\"font-weight: 400;\">Tarda sortida<\/span><\/td>\n<\/tr>\n<tr>\n<td><span style=\"font-weight: 400;\">Els cursos amb la lletra\u00a0 <\/span><span style=\"font-weight: 400;\">A<\/span><\/td>\n<td><span style=\"font-weight: 400;\">9:00<\/span><\/td>\n<td><span style=\"font-weight: 400;\">12:30<\/span><\/td>\n<td><span style=\"font-weight: 400;\">15:00<\/span><\/td>\n<td><span style=\"font-weight: 400;\">16:10<\/span><\/td>\n<\/tr>\n<tr>\n<td><span style=\"font-weight: 400;\">Els cursos amb la lletra\u00a0 <\/span><span style=\"font-weight: 400;\">B<\/span><\/td>\n<td><span style=\"font-weight: 400;\">9:10<\/span><\/td>\n<td><span style=\"font-weight: 400;\">12:30<\/span><\/td>\n<td><span style=\"font-weight: 400;\">15:10<\/span><\/td>\n<td><span style=\"font-weight: 400;\">16:20<\/span><\/td>\n<\/tr>\n<tr>\n<td><span style=\"font-weight: 400;\">Els cursos amb la lletra\u00a0 <\/span><span style=\"font-weight: 400;\">C<\/span><\/td>\n<td><span style=\"font-weight: 400;\">9:20<\/span><\/td>\n<td><span style=\"font-weight: 400;\">12:30<\/span><\/td>\n<td><span style=\"font-weight: 400;\">15:20<\/span><\/td>\n<td><span style=\"font-weight: 400;\">16:30<\/span><\/td>\n<\/tr>\n<\/tbody>\n<\/table>\n<p><span style=\"font-weight: 400;\">Aquests cursos canviaran l\u2019hora d\u2019entrada i sortida cada trimestre per compensar.<\/span><\/p>\n<p><span style=\"font-weight: 400;\">A migdia, a les 12:30h farem les sortides ordin\u00e0riament, pel mateix acc\u00e9s de l\u2019entrada.<\/span><\/p>\n<p><span style=\"font-weight: 400;\">Hi ha petjades i fletxes de colors enganxades al terra i cartells arreu de l\u2019escola per fer els recorreguts r\u00e0pidament i flu\u00efda.<\/span><\/p>\n<p><span style=\"font-weight: 400;\">Els nens i nenes NOM\u00c9S poden anar acompanyats d\u2019un adult.<\/span><\/p>\n<p><span style=\"font-weight: 400;\">Sempre amb mascareta a les entrades i sortides.<\/span><\/p>\n<p><span style=\"font-weight: 400;\">Sigueu MOLT puntuals i marxeu de seguida, no espereu al carrer, si us plau!<\/span><\/p>\n<p><span style=\"font-weight: 400;\">Moltes gr\u00e0cies per la vostra col\u00b7laboraci\u00f3 i m<\/span><span style=\"font-weight: 400;\">olt bon curs 2020-2021!<\/span><\/p>\n","protected":false},"excerpt":{"rendered":"<p>Entrades i sortides L\u2019escola habilitar\u00e0 d\u2019un total de 4 accessos que s\u00f3n: Acc\u00e9s 1 Carrer de Num\u00e0ncia. Tanca d\u2019educaci\u00f3 infantil amb acc\u00e9s directe a les aules pels patis. EI 3, EI 4 i EI 5 Acc\u00e9s 2 Carrer de Num\u00e0ncia. Entrada principal amb acc\u00e9s al 1r pis, porxo, consergeria&#8230; 1r i 2n Acc\u00e9s 3 Carrer [&hellip;]<\/p>\n","protected":false},"author":1,"featured_media":0,"comment_status":"closed","ping_status":"closed","sticky":false,"template":"","format":"standard","meta":{"_bbp_topic_count":0,"_bbp_reply_count":0,"_bbp_total_topic_count":0,"_bbp_total_reply_count":0,"_bbp_voice_count":0,"_bbp_anonymous_reply_count":0,"_bbp_topic_count_hidden":0,"_bbp_reply_count_hidden":0,"_bbp_forum_subforum_count":0,"site-sidebar-layout":"default","site-content-layout":"","ast-site-content-layout":"","site-content-style":"default","site-sidebar-style":"default","ast-global-header-display":"","ast-banner-title-visibility":"","ast-main-header-display":"","ast-hfb-above-header-display":"","ast-hfb-below-header-display":"","ast-hfb-mobile-header-display":"","site-post-title":"","ast-breadcrumbs-content":"","ast-featured-img":"","footer-sml-layout":"","theme-transparent-header-meta":"","adv-header-id-meta":"","stick-header-meta":"","header-above-stick-meta":"","header-main-stick-meta":"","header-below-stick-meta":"","astra-migrate-meta-layouts":"default","ast-page-background-enabled":"default","ast-page-background-meta":{"desktop":{"background-color":"var(--ast-global-color-4)","background-image":"","background-repeat":"repeat","background-position":"center center","background-size":"auto","background-attachment":"scroll","background-type":"","background-media":"","overlay-type":"","overlay-color":"","overlay-opacity":"","overlay-gradient":""},"tablet":{"background-color":"","background-image":"","background-repeat":"repeat","background-position":"center center","background-size":"auto","background-attachment":"scroll","background-type":"","background-media":"","overlay-type":"","overlay-color":"","overlay-opacity":"","overlay-gradient":""},"mobile":{"background-color":"","background-image":"","background-repeat":"repeat","background-position":"center center","background-size":"auto","background-attachment":"scroll","background-type":"","background-media":"","overlay-type":"","overlay-color":"","overlay-opacity":"","overlay-gradient":""}},"ast-content-background-meta":{"desktop":{"background-color":"var(--ast-global-color-5)","background-image":"","background-repeat":"repeat","background-position":"center center","background-size":"auto","background-attachment":"scroll","background-type":"","background-media":"","overlay-type":"","overlay-color":"","overlay-opacity":"","overlay-gradient":""},"tablet":{"background-color":"var(--ast-global-color-5)","background-image":"","background-repeat":"repeat","background-position":"center center","background-size":"auto","background-attachment":"scroll","background-type":"","background-media":"","overlay-type":"","overlay-color":"","overlay-opacity":"","overlay-gradient":""},"mobile":{"background-color":"var(--ast-global-color-5)","background-image":"","background-repeat":"repeat","background-position":"center center","background-size":"auto","background-attachment":"scroll","background-type":"","background-media":"","overlay-type":"","overlay-color":"","overlay-opacity":"","overlay-gradient":""}},"footnotes":""},"categories":[4],"tags":[424,398,170],"class_list":["post-11880","post","type-post","status-publish","format-standard","hentry","category-portada","tag-entrades-i-sortides","tag-pla-de-reobertura","tag-setembre"],"post_mailing_queue_ids":[],"_links":{"self":[{"href":"https:\/\/agora.xtec.cat\/escolamossencinto\/wp-json\/wp\/v2\/posts\/11880","targetHints":{"allow":["GET"]}}],"collection":[{"href":"https:\/\/agora.xtec.cat\/escolamossencinto\/wp-json\/wp\/v2\/posts"}],"about":[{"href":"https:\/\/agora.xtec.cat\/escolamossencinto\/wp-json\/wp\/v2\/types\/post"}],"author":[{"embeddable":true,"href":"https:\/\/agora.xtec.cat\/escolamossencinto\/wp-json\/wp\/v2\/users\/1"}],"replies":[{"embeddable":true,"href":"https:\/\/agora.xtec.cat\/escolamossencinto\/wp-json\/wp\/v2\/comments?post=11880"}],"version-history":[{"count":1,"href":"https:\/\/agora.xtec.cat\/escolamossencinto\/wp-json\/wp\/v2\/posts\/11880\/revisions"}],"predecessor-version":[{"id":11881,"href":"https:\/\/agora.xtec.cat\/escolamossencinto\/wp-json\/wp\/v2\/posts\/11880\/revisions\/11881"}],"wp:attachment":[{"href":"https:\/\/agora.xtec.cat\/escolamossencinto\/wp-json\/wp\/v2\/media?parent=11880"}],"wp:term":[{"taxonomy":"category","embeddable":true,"href":"https:\/\/agora.xtec.cat\/escolamossencinto\/wp-json\/wp\/v2\/categories?post=11880"},{"taxonomy":"post_tag","embeddable":true,"href":"https:\/\/agora.xtec.cat\/escolamossencinto\/wp-json\/wp\/v2\/tags?post=11880"}],"curies":[{"name":"wp","href":"https:\/\/api.w.org\/{rel}","templated":true}]}}