{"id":11828,"date":"2020-08-28T12:23:41","date_gmt":"2020-08-28T10:23:41","guid":{"rendered":"http:\/\/agora.xtec.cat\/escolamossencinto\/?p=11828"},"modified":"2020-08-28T12:24:02","modified_gmt":"2020-08-28T10:24:02","slug":"nou-curs-escolar-20-21","status":"publish","type":"post","link":"https:\/\/agora.xtec.cat\/escolamossencinto\/portada\/nou-curs-escolar-20-21\/","title":{"rendered":"Nou curs escolar 20-21"},"content":{"rendered":"<p>Benvolguda comunitat educativa del Mn Cinto,<\/p>\n<p>Us recordem ara aqu\u00ed una s\u00e8rie d&#8217;aspectes que us poden ser d&#8217;utilitat.<\/p>\n<ul>\n<li>Recordeu que aquest bloc \u00e9s la millor eina per mantenir-vos al dia de totes les not\u00edcies relacionades amb l&#8217;escola.<\/li>\n<li>L&#8217;inici de curs pel professorat ser\u00e0 el proper 1 de setembre de 2020.<\/li>\n<li>L&#8217;inici PRESENCIAL de tot l&#8217;alumnat ser\u00e0 el 14 de setembre de 2020.<\/li>\n<li>Estem reelaborant el Pla de reobertura de les aules i l&#8217;escola seguint les indicacions del Departament d&#8217;educaci\u00f3, per tant, estigueu tranquil\u00b7les\/ls.<\/li>\n<li>Entre d&#8217;altres mesures es contemplen les entrades i sortides esglaonades i per diferents punts. Abans del dia 14 de setembre en aquest mateix bloc us direm per quina porta heu d&#8217;accedir i sortir i a quines franges hor\u00e0ries!.<\/li>\n<li>Us recordem, per\u00f2, que les indicacions del Departament d&#8217;Educaci\u00f3 poden canviar d&#8217;un dia per l&#8217;altre a causa de la variabilitat de la situaci\u00f3 i que farem el possible per modificar el que calgui i mantenir-vos informades\/ts a trav\u00e9s d&#8217;aquest bloc i, a partir del dia 14, a trav\u00e9s tamb\u00e9 de la delegada\/t de cada aula.<\/li>\n<li>Properament convocarem a una reuni\u00f3 a les noves fam\u00edlies dels nous P3 a trav\u00e9s d&#8217;aquest mateix bloc. Ja us avancem que, com cada curs, els 3 primers dies gaudiran d&#8217;un horari d&#8217;adaptaci\u00f3 m\u00e9s breu de l&#8217;habitual.<\/li>\n<\/ul>\n<p>Esperem que aquest per\u00edode vacacional hagi anat molt b\u00e9 a tothom i hagueu gaudit de molta salut i benestar!<\/p>\n<p>Benvingudes i benvinguts al nou curs escolar 2020-21, amb prevenci\u00f3, h\u00e0bits d&#8217;higiene, salut i molta il\u00b7lusi\u00f3!<\/p>\n<p>La direcci\u00f3 i resta d&#8217;equip docent<\/p>\n<p>&nbsp;<\/p>\n","protected":false},"excerpt":{"rendered":"<p>Benvolguda comunitat educativa del Mn Cinto, Us recordem ara aqu\u00ed una s\u00e8rie d&#8217;aspectes que us poden ser d&#8217;utilitat. Recordeu que aquest bloc \u00e9s la millor eina per mantenir-vos al dia de totes les not\u00edcies relacionades amb l&#8217;escola. L&#8217;inici de curs pel professorat ser\u00e0 el proper 1 de setembre de 2020. L&#8217;inici PRESENCIAL de tot l&#8217;alumnat [&hellip;]<\/p>\n","protected":false},"author":1,"featured_media":0,"comment_status":"closed","ping_status":"closed","sticky":false,"template":"","format":"standard","meta":{"_bbp_topic_count":0,"_bbp_reply_count":0,"_bbp_total_topic_count":0,"_bbp_total_reply_count":0,"_bbp_voice_count":0,"_bbp_anonymous_reply_count":0,"_bbp_topic_count_hidden":0,"_bbp_reply_count_hidden":0,"_bbp_forum_subforum_count":0,"site-sidebar-layout":"default","site-content-layout":"","ast-site-content-layout":"","site-content-style":"default","site-sidebar-style":"default","ast-global-header-display":"","ast-banner-title-visibility":"","ast-main-header-display":"","ast-hfb-above-header-display":"","ast-hfb-below-header-display":"","ast-hfb-mobile-header-display":"","site-post-title":"","ast-breadcrumbs-content":"","ast-featured-img":"","footer-sml-layout":"","theme-transparent-header-meta":"","adv-header-id-meta":"","stick-header-meta":"","header-above-stick-meta":"","header-main-stick-meta":"","header-below-stick-meta":"","astra-migrate-meta-layouts":"default","ast-page-background-enabled":"default","ast-page-background-meta":{"desktop":{"background-color":"var(--ast-global-color-4)","background-image":"","background-repeat":"repeat","background-position":"center center","background-size":"auto","background-attachment":"scroll","background-type":"","background-media":"","overlay-type":"","overlay-color":"","overlay-opacity":"","overlay-gradient":""},"tablet":{"background-color":"","background-image":"","background-repeat":"repeat","background-position":"center center","background-size":"auto","background-attachment":"scroll","background-type":"","background-media":"","overlay-type":"","overlay-color":"","overlay-opacity":"","overlay-gradient":""},"mobile":{"background-color":"","background-image":"","background-repeat":"repeat","background-position":"center center","background-size":"auto","background-attachment":"scroll","background-type":"","background-media":"","overlay-type":"","overlay-color":"","overlay-opacity":"","overlay-gradient":""}},"ast-content-background-meta":{"desktop":{"background-color":"var(--ast-global-color-5)","background-image":"","background-repeat":"repeat","background-position":"center center","background-size":"auto","background-attachment":"scroll","background-type":"","background-media":"","overlay-type":"","overlay-color":"","overlay-opacity":"","overlay-gradient":""},"tablet":{"background-color":"var(--ast-global-color-5)","background-image":"","background-repeat":"repeat","background-position":"center center","background-size":"auto","background-attachment":"scroll","background-type":"","background-media":"","overlay-type":"","overlay-color":"","overlay-opacity":"","overlay-gradient":""},"mobile":{"background-color":"var(--ast-global-color-5)","background-image":"","background-repeat":"repeat","background-position":"center center","background-size":"auto","background-attachment":"scroll","background-type":"","background-media":"","overlay-type":"","overlay-color":"","overlay-opacity":"","overlay-gradient":""}},"footnotes":""},"categories":[4],"tags":[417,161,170],"class_list":["post-11828","post","type-post","status-publish","format-standard","hentry","category-portada","tag-benvinguda","tag-inici","tag-setembre"],"post_mailing_queue_ids":[],"_links":{"self":[{"href":"https:\/\/agora.xtec.cat\/escolamossencinto\/wp-json\/wp\/v2\/posts\/11828","targetHints":{"allow":["GET"]}}],"collection":[{"href":"https:\/\/agora.xtec.cat\/escolamossencinto\/wp-json\/wp\/v2\/posts"}],"about":[{"href":"https:\/\/agora.xtec.cat\/escolamossencinto\/wp-json\/wp\/v2\/types\/post"}],"author":[{"embeddable":true,"href":"https:\/\/agora.xtec.cat\/escolamossencinto\/wp-json\/wp\/v2\/users\/1"}],"replies":[{"embeddable":true,"href":"https:\/\/agora.xtec.cat\/escolamossencinto\/wp-json\/wp\/v2\/comments?post=11828"}],"version-history":[{"count":2,"href":"https:\/\/agora.xtec.cat\/escolamossencinto\/wp-json\/wp\/v2\/posts\/11828\/revisions"}],"predecessor-version":[{"id":11830,"href":"https:\/\/agora.xtec.cat\/escolamossencinto\/wp-json\/wp\/v2\/posts\/11828\/revisions\/11830"}],"wp:attachment":[{"href":"https:\/\/agora.xtec.cat\/escolamossencinto\/wp-json\/wp\/v2\/media?parent=11828"}],"wp:term":[{"taxonomy":"category","embeddable":true,"href":"https:\/\/agora.xtec.cat\/escolamossencinto\/wp-json\/wp\/v2\/categories?post=11828"},{"taxonomy":"post_tag","embeddable":true,"href":"https:\/\/agora.xtec.cat\/escolamossencinto\/wp-json\/wp\/v2\/tags?post=11828"}],"curies":[{"name":"wp","href":"https:\/\/api.w.org\/{rel}","templated":true}]}}