{"id":11782,"date":"2020-07-06T09:22:38","date_gmt":"2020-07-06T07:22:38","guid":{"rendered":"http:\/\/agora.xtec.cat\/escolamossencinto\/?p=11782"},"modified":"2020-07-21T12:49:59","modified_gmt":"2020-07-21T10:49:59","slug":"matriculacio","status":"publish","type":"post","link":"https:\/\/agora.xtec.cat\/escolamossencinto\/portada\/matriculacio\/","title":{"rendered":"Matriculaci\u00f3"},"content":{"rendered":"<p>Benvolgudes\/ts,<\/p>\n<p>Ja podeu demanar cita pr\u00e8via per a matricular els infants d&#8217;Educaci\u00f3 Infantil 3 anys i d&#8217;altres preinscrits. (Recordeu que l&#8217;alumnat que ja estava matriculat al centre el curs 19-20 passa al seg\u00fcent curs de forma autom\u00e0tica i sense cap tr\u00e0mit). \u00c9s imprescindible realitzar el tr\u00e0mit de cita pr\u00e8via que trobareu aqu\u00ed mateix:<\/p>\n<h4><a href=\"https:\/\/aplicacions.gestioeducativa.gencat.cat\/pls\/apex\/f?p=CITA_PREVIA:4::::4:P4_TIPUS_CALENDARI,P4_DOMINI:03_Oblig,08034060\">Cita pr\u00e8via<\/a><\/h4>\n<p>A m\u00e9s de la documentaci\u00f3 aportada amb la sol\u00b7licitud de preinscripci\u00f3, per matricular-se cal presentar:<\/p>\n<ol>\n<li>El\u00a0<strong>carnet de vacunacions<\/strong> on constin les dosis de vacunes rebudes i les dates corresponents. I 4 fotos carnet amb el nom de l&#8217;alumne\/a radere.<br \/>\n&#8211; Si no es t\u00e9 carnet de vacunacions cal presentar un certificat m\u00e8dic oficial o el carnet de salut amb les dosis de vacuna rebudes i les dates corresponents.<br \/>\n&#8211; Si el nen o la nena no han estat vacunats per indicaci\u00f3 m\u00e8dica o per altres circumst\u00e0ncies, cal presentar un certificat m\u00e8dic oficial justificatiu.<\/li>\n<li>Quan el domicili al\u00b7legat a la sol\u00b7licitud de preinscripci\u00f3 no coincideixi amb el domicili del DNI cal presentar\u00a0<strong>el DNI renovat<\/strong>\u00a0amb la nova adre\u00e7a.<\/li>\n<\/ol>\n<p>Si en formalitzar la matr\u00edcula, el o la sol\u00b7licitant no al\u00b7lega el mateix domicili que el de la sol\u00b7licitud de preinscripci\u00f3, amb el qual hauria obtingut una puntuaci\u00f3 inferior, el centre ha d&#8217;informar d&#8217;aquest fet a la comissi\u00f3 de garanties d&#8217;admissi\u00f3 corresponent perqu\u00e8 pugui investigar si hi ha hagut o no frau en el proc\u00e9s de preinscripci\u00f3.<\/p>\n<p>La falsedat o el frau en les dades al\u00b7legades o en la documentaci\u00f3 aportada comporta la invalidaci\u00f3 dels drets de prioritat i fins i tot, si escau, la p\u00e8rdua de la pla\u00e7a assignada. El Departament d&#8217;Educaci\u00f3 comunica a l&#8217;autoritat competent el fet perqu\u00e8 aquesta adopti les mesures oportunes en relaci\u00f3 amb la responsabilitat que correspongui, tant al sol\u00b7licitant com a la persona que hagi em\u00e8s la documentaci\u00f3 acreditativa.<\/p>\n","protected":false},"excerpt":{"rendered":"<p>Benvolgudes\/ts, Ja podeu demanar cita pr\u00e8via per a matricular els infants d&#8217;Educaci\u00f3 Infantil 3 anys i d&#8217;altres preinscrits. (Recordeu que l&#8217;alumnat que ja estava matriculat al centre el curs 19-20 passa al seg\u00fcent curs de forma autom\u00e0tica i sense cap tr\u00e0mit). \u00c9s imprescindible realitzar el tr\u00e0mit de cita pr\u00e8via que trobareu aqu\u00ed mateix: Cita pr\u00e8via [&hellip;]<\/p>\n","protected":false},"author":1,"featured_media":0,"comment_status":"closed","ping_status":"closed","sticky":false,"template":"","format":"standard","meta":{"_bbp_topic_count":0,"_bbp_reply_count":0,"_bbp_total_topic_count":0,"_bbp_total_reply_count":0,"_bbp_voice_count":0,"_bbp_anonymous_reply_count":0,"_bbp_topic_count_hidden":0,"_bbp_reply_count_hidden":0,"_bbp_forum_subforum_count":0,"site-sidebar-layout":"default","site-content-layout":"","ast-site-content-layout":"","site-content-style":"default","site-sidebar-style":"default","ast-global-header-display":"","ast-banner-title-visibility":"","ast-main-header-display":"","ast-hfb-above-header-display":"","ast-hfb-below-header-display":"","ast-hfb-mobile-header-display":"","site-post-title":"","ast-breadcrumbs-content":"","ast-featured-img":"","footer-sml-layout":"","theme-transparent-header-meta":"","adv-header-id-meta":"","stick-header-meta":"","header-above-stick-meta":"","header-main-stick-meta":"","header-below-stick-meta":"","astra-migrate-meta-layouts":"default","ast-page-background-enabled":"default","ast-page-background-meta":{"desktop":{"background-color":"var(--ast-global-color-4)","background-image":"","background-repeat":"repeat","background-position":"center center","background-size":"auto","background-attachment":"scroll","background-type":"","background-media":"","overlay-type":"","overlay-color":"","overlay-opacity":"","overlay-gradient":""},"tablet":{"background-color":"","background-image":"","background-repeat":"repeat","background-position":"center center","background-size":"auto","background-attachment":"scroll","background-type":"","background-media":"","overlay-type":"","overlay-color":"","overlay-opacity":"","overlay-gradient":""},"mobile":{"background-color":"","background-image":"","background-repeat":"repeat","background-position":"center center","background-size":"auto","background-attachment":"scroll","background-type":"","background-media":"","overlay-type":"","overlay-color":"","overlay-opacity":"","overlay-gradient":""}},"ast-content-background-meta":{"desktop":{"background-color":"var(--ast-global-color-5)","background-image":"","background-repeat":"repeat","background-position":"center center","background-size":"auto","background-attachment":"scroll","background-type":"","background-media":"","overlay-type":"","overlay-color":"","overlay-opacity":"","overlay-gradient":""},"tablet":{"background-color":"var(--ast-global-color-5)","background-image":"","background-repeat":"repeat","background-position":"center center","background-size":"auto","background-attachment":"scroll","background-type":"","background-media":"","overlay-type":"","overlay-color":"","overlay-opacity":"","overlay-gradient":""},"mobile":{"background-color":"var(--ast-global-color-5)","background-image":"","background-repeat":"repeat","background-position":"center center","background-size":"auto","background-attachment":"scroll","background-type":"","background-media":"","overlay-type":"","overlay-color":"","overlay-opacity":"","overlay-gradient":""}},"footnotes":""},"categories":[4],"tags":[384],"class_list":["post-11782","post","type-post","status-publish","format-standard","hentry","category-portada","tag-matriculacio"],"post_mailing_queue_ids":[],"_links":{"self":[{"href":"https:\/\/agora.xtec.cat\/escolamossencinto\/wp-json\/wp\/v2\/posts\/11782","targetHints":{"allow":["GET"]}}],"collection":[{"href":"https:\/\/agora.xtec.cat\/escolamossencinto\/wp-json\/wp\/v2\/posts"}],"about":[{"href":"https:\/\/agora.xtec.cat\/escolamossencinto\/wp-json\/wp\/v2\/types\/post"}],"author":[{"embeddable":true,"href":"https:\/\/agora.xtec.cat\/escolamossencinto\/wp-json\/wp\/v2\/users\/1"}],"replies":[{"embeddable":true,"href":"https:\/\/agora.xtec.cat\/escolamossencinto\/wp-json\/wp\/v2\/comments?post=11782"}],"version-history":[{"count":2,"href":"https:\/\/agora.xtec.cat\/escolamossencinto\/wp-json\/wp\/v2\/posts\/11782\/revisions"}],"predecessor-version":[{"id":11803,"href":"https:\/\/agora.xtec.cat\/escolamossencinto\/wp-json\/wp\/v2\/posts\/11782\/revisions\/11803"}],"wp:attachment":[{"href":"https:\/\/agora.xtec.cat\/escolamossencinto\/wp-json\/wp\/v2\/media?parent=11782"}],"wp:term":[{"taxonomy":"category","embeddable":true,"href":"https:\/\/agora.xtec.cat\/escolamossencinto\/wp-json\/wp\/v2\/categories?post=11782"},{"taxonomy":"post_tag","embeddable":true,"href":"https:\/\/agora.xtec.cat\/escolamossencinto\/wp-json\/wp\/v2\/tags?post=11782"}],"curies":[{"name":"wp","href":"https:\/\/api.w.org\/{rel}","templated":true}]}}