{"id":11633,"date":"2020-06-16T17:10:31","date_gmt":"2020-06-16T15:10:31","guid":{"rendered":"http:\/\/agora.xtec.cat\/escolamossencinto\/?p=11633"},"modified":"2020-06-16T17:10:31","modified_gmt":"2020-06-16T15:10:31","slug":"informacio-sobre-lescola-de-musica-pere-bures","status":"publish","type":"post","link":"https:\/\/agora.xtec.cat\/escolamossencinto\/portada\/informacio-sobre-lescola-de-musica-pere-bures\/","title":{"rendered":"Informaci\u00f3 sobre l&#8217;Escola de m\u00fasica Pere Bur\u00e9s"},"content":{"rendered":"<p style=\"font-weight: 400;\"><strong>PREGUNTES I RESPOSTES<\/strong><\/p>\n<ol>\n<li style=\"font-weight: 400;\"><strong> Quin \u00e9s el termini per presentar la preinscripci\u00f3 per al curs 2020-2021?<\/strong><\/li>\n<\/ol>\n<p style=\"font-weight: 400;\">La preinscripci\u00f3 es podr\u00e0 fer\u00a0<u>del dijous 18 al dimarts 23 de juny<\/u>\u00a0i es far\u00e0 per via telem\u00e0tica, a trav\u00e9s d&#8217;un formulari que s&#8217;habilitar\u00e0 dins del per\u00edode fixat.<\/p>\n<p style=\"font-weight: 400;\">Hi podreu accedir a trav\u00e9s de l\u2019apartat tr\u00e0mits de la\u00a0<a href=\"https:\/\/seu.rubi.cat\/catalogoTramites\/show\/294\" data-saferedirecturl=\"https:\/\/www.google.com\/url?q=https:\/\/seu.rubi.cat\/catalogoTramites\/show\/294&amp;source=gmail&amp;ust=1592406234322000&amp;usg=AFQjCNG5MoCSh3-cLG98fb5s8ZaPkN-4bA\">Seu Electr\u00f2nica de l&#8217;Ajuntament<\/a>.<\/p>\n<p style=\"font-weight: 400;\">En aquells casos excepcionals en qu\u00e8 els sol\u00b7licitants no puguin fer la presentaci\u00f3 telem\u00e0tica, ho comunicaran al correu de l\u2019escola\u00a0<a href=\"mailto:escola.musica@ajrubi.cat\">escola.musica@ajrubi.cat<\/a><\/p>\n<p style=\"font-weight: 400;\">i\/o al tel\u00e8fon 93 588 70 00 ext. 4410 i rebran les indicacions oportunes al respecte.<\/p>\n<p style=\"font-weight: 400;\">\n<p style=\"font-weight: 400;\">\n<ol start=\"2\">\n<li style=\"font-weight: 400;\"><strong> Com he d\u2019emplenar el formulari, en l\u00ednia?<\/strong><\/li>\n<\/ol>\n<p style=\"font-weight: 400;\">S\u00ed, s\u2019ha d\u2019emplenar en l\u00ednia. Si teniu algun dubte podeu escriure a l\u2019adre\u00e7a de correu de l\u2019escola\u00a0<a href=\"mailto:escola.musica@ajrubi.cat\">escola.musica@ajrubi.cat<\/a>\u00a0 o trucar al tel\u00e8fon 93 588 70 00 ext. 4410.<\/p>\n<p style=\"font-weight: 400;\">Cal indicar totes les dades que es demanen.<\/p>\n<p style=\"font-weight: 400;\"><strong>\u00a0<\/strong><\/p>\n<ol start=\"3\">\n<li style=\"font-weight: 400;\"><strong> Quina documentaci\u00f3 cal presentar en fer la preinscripci\u00f3?<\/strong><\/li>\n<\/ol>\n<p style=\"font-weight: 400;\"><strong>Majors d\u2019edat<\/strong><\/p>\n<p style=\"font-weight: 400;\">-Formulari de sol\u00b7licitud i fotoc\u00f2pia del NIF de la persona sol\u00b7licitant<\/p>\n<p style=\"font-weight: 400;\">\n<p style=\"font-weight: 400;\"><strong>Menors\u00a0 d\u2019edat<\/strong><\/p>\n<p style=\"font-weight: 400;\">-Formulari de sol\u00b7licitud<\/p>\n<p style=\"font-weight: 400;\">-Fotoc\u00f2pia del NIF del pare, mare o tutor\/a<\/p>\n<p style=\"font-weight: 400;\">-Fotoc\u00f2pia del llibre de fam\u00edlia\u00a0<u>de la p\u00e0gina on \u00e9s inscrit l\u2019alumne\/a<\/u>\u00a0o, si en t\u00e9,\u00a0 fotoc\u00f2pia del seu NIF<\/p>\n<p style=\"font-weight: 400;\">-Fotoc\u00f2pia de l\u2019informe de NEE (Necessitats educatives especials), si \u00e9s el cas.<\/p>\n<p style=\"font-weight: 400;\"><strong>\u00a0<\/strong><\/p>\n<ol start=\"4\">\n<li style=\"font-weight: 400;\"><strong> Quan podr\u00e9 consultar la llista de sol\u00b7licituds?<\/strong><\/li>\n<\/ol>\n<p style=\"font-weight: 400;\">La llista de sol\u00b7licituds es publicar\u00e0 el dimecres 1 de juliol al web municipal, s\u2019hi accedeix a trav\u00e9s\u00a0de l\u2019apartat tr\u00e0mits de la\u00a0<a href=\"https:\/\/seu.rubi.cat\/catalogoTramites\/show\/294\" data-saferedirecturl=\"https:\/\/www.google.com\/url?q=https:\/\/seu.rubi.cat\/catalogoTramites\/show\/294&amp;source=gmail&amp;ust=1592406234322000&amp;usg=AFQjCNG5MoCSh3-cLG98fb5s8ZaPkN-4bA\">Seu Electr\u00f2nica de l&#8217;Ajuntament<\/a>.<\/p>\n<p style=\"font-weight: 400;\"><strong>\u00a0<\/strong><\/p>\n<ol start=\"5\">\n<li style=\"font-weight: 400;\"><strong> Si he de comunicar una incid\u00e8ncia en la llista, com ho he de fer?<\/strong><\/li>\n<\/ol>\n<p style=\"font-weight: 400;\">Les possibles reclamacions es presentaran els dies 1, 2 i 3 de juliol; caldr\u00e0 enviar un correu a\u00a0<a href=\"mailto:escola.musica@ajrubi.cat\">escola.musica@ajrubi.cat<\/a><\/p>\n<p style=\"font-weight: 400;\"><strong>\u00a0<\/strong><\/p>\n<ol start=\"6\">\n<li style=\"font-weight: 400;\"><strong> Quins s\u00f3n els criteris d\u2019admissi\u00f3?<\/strong><\/li>\n<\/ol>\n<p style=\"font-weight: 400;\">S\u2019agruparan en primer lloc les peticions de sol\u00b7licitants amb domicili a Rub\u00ed, i en segon lloc, les de la resta de sol\u00b7licitants.<\/p>\n<p style=\"font-weight: 400;\">Seguidament, s&#8217;adjudicaran les vacants als sol\u00b7licitants que tinguin domicili a Rub\u00ed i, en cas que el nombre d&#8217;aquests sigui superior al de vacants, s&#8217;adjudicaran les places<\/p>\n<p style=\"font-weight: 400;\">per aquest ordre preferent:<\/p>\n<p style=\"font-weight: 400;\">1r als qui tinguin germans o germanes matriculats al centre<\/p>\n<p style=\"font-weight: 400;\">2n a la resta de sol\u00b7licitants, per sorteig<\/p>\n<p style=\"font-weight: 400;\">Si una vegada adjudicades places a tots els sol\u00b7licitants amb domicili a Rub\u00ed encara queden vacants, s\u2019adjudicaran entre els sol\u00b7licitants que tinguin domicili fora de Rub\u00ed<\/p>\n<p style=\"font-weight: 400;\">i per aquest ordre preferent:<\/p>\n<p style=\"font-weight: 400;\">1r als qui tinguin germans o germanes matriculats al centre<\/p>\n<p style=\"font-weight: 400;\">2n a la resta de sol\u00b7licitants, per sorteig<\/p>\n<p style=\"font-weight: 400;\">No s\u2019acceptar\u00e0 cap sol\u00b7licitud que no porti adjunta tota la documentaci\u00f3 requerida.<\/p>\n<p style=\"font-weight: 400;\">Fora del termini fixat, es podr\u00e0 fer la preinscripci\u00f3 per\u00f2 no entrar\u00e0 en sorteig i s\u2019ordenar\u00e0 per ordre d\u2019entrada.<\/p>\n<p style=\"font-weight: 400;\">\n<ol start=\"7\">\n<li style=\"font-weight: 400;\"><strong> Com podr\u00e9 consultar les llistes de sol\u00b7licituds ordenades?<\/strong><\/li>\n<\/ol>\n<p style=\"font-weight: 400;\">Les llistes de sol\u00b7licituds ordenades es publicaran al web municipal el dijous 9 de juliol;\u00a0s\u2019hi accedeix a trav\u00e9s de l\u2019apartat tr\u00e0mits de la\u00a0<a href=\"https:\/\/seu.rubi.cat\/catalogoTramites\/show\/294\" data-saferedirecturl=\"https:\/\/www.google.com\/url?q=https:\/\/seu.rubi.cat\/catalogoTramites\/show\/294&amp;source=gmail&amp;ust=1592406234322000&amp;usg=AFQjCNG5MoCSh3-cLG98fb5s8ZaPkN-4bA\">Seu Electr\u00f2nica de l&#8217;Ajuntament<\/a>.<\/p>\n<p style=\"font-weight: 400;\">\n<ol start=\"8\">\n<li style=\"font-weight: 400;\"><strong> Quan sabr\u00e9 si he estat adm\u00e8s\/a?<\/strong><\/li>\n<\/ol>\n<p style=\"font-weight: 400;\">Un cop finalitzat tot el proc\u00e9s, que inclou la publicaci\u00f3 de llistes de sol\u00b7licituds ordenades, la resoluci\u00f3 de reclamacions i el sorteig, l\u2019Ajuntament fixar\u00e0 un dia per publicar<\/p>\n<p style=\"font-weight: 400;\">les llistes definitives, en les quals s\u2019indicar\u00e0 els n\u00fameros de preinscripci\u00f3 que han estan admesos i els que formen part de les llistes d\u2019espera.<\/p>\n<p style=\"font-weight: 400;\">\n<ol start=\"9\">\n<li style=\"font-weight: 400;\"><strong> Quan i com s\u2019ha de fer la matr\u00edcula?<\/strong><\/li>\n<\/ol>\n<p style=\"font-weight: 400;\">Es fixaran uns dies concrets per fer la matr\u00edcula que ser\u00e0 presencial i amb cita pr\u00e8via.<\/p>\n<p style=\"font-weight: 400;\">\n<p style=\"font-weight: 400;\">\n<p style=\"font-weight: 400;\"><strong>L\u2019Escola Municipal de M\u00fasica de Rub\u00ed Pere Bur\u00e9s<\/strong><\/p>\n<p style=\"font-weight: 400;\">Ajuntament de Rub\u00ed<\/p>\n<p style=\"font-weight: 400;\">Tel. 93 588 70 00<\/p>\n<p style=\"font-weight: 400;\"><a href=\"mailto:escola.musica@ajrubi.cat\">escola.musica@ajrubi.cat<\/a><\/p>\n","protected":false},"excerpt":{"rendered":"<p>PREGUNTES I RESPOSTES Quin \u00e9s el termini per presentar la preinscripci\u00f3 per al curs 2020-2021? La preinscripci\u00f3 es podr\u00e0 fer\u00a0del dijous 18 al dimarts 23 de juny\u00a0i es far\u00e0 per via telem\u00e0tica, a trav\u00e9s d&#8217;un formulari que s&#8217;habilitar\u00e0 dins del per\u00edode fixat. Hi podreu accedir a trav\u00e9s de l\u2019apartat tr\u00e0mits de la\u00a0Seu Electr\u00f2nica de l&#8217;Ajuntament. [&hellip;]<\/p>\n","protected":false},"author":1,"featured_media":0,"comment_status":"closed","ping_status":"closed","sticky":false,"template":"","format":"standard","meta":{"_bbp_topic_count":0,"_bbp_reply_count":0,"_bbp_total_topic_count":0,"_bbp_total_reply_count":0,"_bbp_voice_count":0,"_bbp_anonymous_reply_count":0,"_bbp_topic_count_hidden":0,"_bbp_reply_count_hidden":0,"_bbp_forum_subforum_count":0,"site-sidebar-layout":"default","site-content-layout":"","ast-site-content-layout":"","site-content-style":"default","site-sidebar-style":"default","ast-global-header-display":"","ast-banner-title-visibility":"","ast-main-header-display":"","ast-hfb-above-header-display":"","ast-hfb-below-header-display":"","ast-hfb-mobile-header-display":"","site-post-title":"","ast-breadcrumbs-content":"","ast-featured-img":"","footer-sml-layout":"","theme-transparent-header-meta":"","adv-header-id-meta":"","stick-header-meta":"","header-above-stick-meta":"","header-main-stick-meta":"","header-below-stick-meta":"","astra-migrate-meta-layouts":"default","ast-page-background-enabled":"default","ast-page-background-meta":{"desktop":{"background-color":"var(--ast-global-color-4)","background-image":"","background-repeat":"repeat","background-position":"center center","background-size":"auto","background-attachment":"scroll","background-type":"","background-media":"","overlay-type":"","overlay-color":"","overlay-opacity":"","overlay-gradient":""},"tablet":{"background-color":"","background-image":"","background-repeat":"repeat","background-position":"center center","background-size":"auto","background-attachment":"scroll","background-type":"","background-media":"","overlay-type":"","overlay-color":"","overlay-opacity":"","overlay-gradient":""},"mobile":{"background-color":"","background-image":"","background-repeat":"repeat","background-position":"center center","background-size":"auto","background-attachment":"scroll","background-type":"","background-media":"","overlay-type":"","overlay-color":"","overlay-opacity":"","overlay-gradient":""}},"ast-content-background-meta":{"desktop":{"background-color":"var(--ast-global-color-5)","background-image":"","background-repeat":"repeat","background-position":"center center","background-size":"auto","background-attachment":"scroll","background-type":"","background-media":"","overlay-type":"","overlay-color":"","overlay-opacity":"","overlay-gradient":""},"tablet":{"background-color":"var(--ast-global-color-5)","background-image":"","background-repeat":"repeat","background-position":"center center","background-size":"auto","background-attachment":"scroll","background-type":"","background-media":"","overlay-type":"","overlay-color":"","overlay-opacity":"","overlay-gradient":""},"mobile":{"background-color":"var(--ast-global-color-5)","background-image":"","background-repeat":"repeat","background-position":"center center","background-size":"auto","background-attachment":"scroll","background-type":"","background-media":"","overlay-type":"","overlay-color":"","overlay-opacity":"","overlay-gradient":""}},"footnotes":""},"categories":[4],"tags":[406,148,384],"class_list":["post-11633","post","type-post","status-publish","format-standard","hentry","category-portada","tag-escola-de-musica-pere-bures","tag-juny","tag-matriculacio"],"post_mailing_queue_ids":[],"_links":{"self":[{"href":"https:\/\/agora.xtec.cat\/escolamossencinto\/wp-json\/wp\/v2\/posts\/11633","targetHints":{"allow":["GET"]}}],"collection":[{"href":"https:\/\/agora.xtec.cat\/escolamossencinto\/wp-json\/wp\/v2\/posts"}],"about":[{"href":"https:\/\/agora.xtec.cat\/escolamossencinto\/wp-json\/wp\/v2\/types\/post"}],"author":[{"embeddable":true,"href":"https:\/\/agora.xtec.cat\/escolamossencinto\/wp-json\/wp\/v2\/users\/1"}],"replies":[{"embeddable":true,"href":"https:\/\/agora.xtec.cat\/escolamossencinto\/wp-json\/wp\/v2\/comments?post=11633"}],"version-history":[{"count":1,"href":"https:\/\/agora.xtec.cat\/escolamossencinto\/wp-json\/wp\/v2\/posts\/11633\/revisions"}],"predecessor-version":[{"id":11634,"href":"https:\/\/agora.xtec.cat\/escolamossencinto\/wp-json\/wp\/v2\/posts\/11633\/revisions\/11634"}],"wp:attachment":[{"href":"https:\/\/agora.xtec.cat\/escolamossencinto\/wp-json\/wp\/v2\/media?parent=11633"}],"wp:term":[{"taxonomy":"category","embeddable":true,"href":"https:\/\/agora.xtec.cat\/escolamossencinto\/wp-json\/wp\/v2\/categories?post=11633"},{"taxonomy":"post_tag","embeddable":true,"href":"https:\/\/agora.xtec.cat\/escolamossencinto\/wp-json\/wp\/v2\/tags?post=11633"}],"curies":[{"name":"wp","href":"https:\/\/api.w.org\/{rel}","templated":true}]}}