{"id":11449,"date":"2020-06-15T07:07:39","date_gmt":"2020-06-15T05:07:39","guid":{"rendered":"http:\/\/agora.xtec.cat\/escolamossencinto\/?p=11449"},"modified":"2020-06-14T20:55:37","modified_gmt":"2020-06-14T18:55:37","slug":"anem-de-viatge","status":"publish","type":"post","link":"https:\/\/agora.xtec.cat\/escolamossencinto\/primaria\/anem-de-viatge\/","title":{"rendered":"Anem de viatge!"},"content":{"rendered":"<p><span style=\"font-weight: 400;\">Hola nens i nenes! Esteu preparats per iniciar el vostre gran viatge? Doncs comencem!<\/span><\/p>\n<p><span style=\"font-weight: 400;\">A on voleu anar? Esperem que totes les activitats que us vam proposar la setmana passada us hagin servit per decidir el vostre dest\u00ed.\u00a0<\/span><\/p>\n<h5><span style=\"color: #cc99ff;\"><b>MEDI<\/b><\/span><\/h5>\n<p><span style=\"font-weight: 400;\">Busqueu el pa\u00eds on viatjareu en aquest mapa del m\u00f3n. <\/span><a href=\"https:\/\/drive.google.com\/open?id=1ou7_tw_BdGRKt3-GE8q1HrzmTJE15Nwc\" target=\"_blank\" rel=\"noopener noreferrer\"><span style=\"font-weight: 400;\"><b>MAPA<\/b><\/span><\/a><\/p>\n<p><span style=\"font-weight: 400;\">Abans de fer aquest viatge hem d\u2019investigar sobre molts aspectes d\u2019aquest lloc meravell\u00f3s que heu escollit. Us deixem un document on trobareu moltes preguntes sobre el vostre dest\u00ed que heu de respondre buscant informaci\u00f3. <\/span><a href=\"https:\/\/drive.google.com\/file\/d\/1I388q3N04zWmIYT2kzFrcNxAiID4a8SX\/view?usp=sharing\" target=\"_blank\" rel=\"noopener noreferrer\"><b>Coses per investigar sobre cada pa\u00eds<\/b><\/a><\/p>\n<p><span style=\"font-weight: 400;\">Per a que tots i totes puguem aprendre tot el que heu investigat sobre el vostre pa\u00eds, feu una exposici\u00f3. Podeu fer una cartolina amb fotos i amb tota la informaci\u00f3 que heu trobat, un v\u00eddeo explicant-nos el que heu apr\u00e8s d\u2019aquest dest\u00ed o ensenyant-nos all\u00f2 que heu utilitzat per trobar la informaci\u00f3 , llibres, revistes, algun documental\u2026 Esperem els vostres v\u00eddeos o fotos amb l\u2019exposici\u00f3!<\/span><\/p>\n<h5><span style=\"color: #cc99ff;\"><b>LLENGUA<\/b><\/span><\/h5>\n<p><span style=\"font-weight: 400;\">Abans de marxar necessitem preparar la maleta amb tot all\u00f2 imprescindible pel nostre viatge. Per aix\u00f2 \u00e9s important que sapigueu si far\u00e0 fred o calor, si anireu a la platja, a la muntanya o a una ciutat. Aqu\u00ed us deixem un document per a que el llegiu i feu una llista de tot el que us emportareu.\u00a0 <\/span><a href=\"https:\/\/drive.google.com\/file\/d\/194Ug05cZGgV7ArJuN90hrQA647at5UTO\/view?usp=sharing\" target=\"_blank\" rel=\"noopener noreferrer\"><b>Qu\u00e8 cal portar a la maleta?<\/b><\/a><\/p>\n<h5><span style=\"color: #cc99ff;\"><b>MATES<\/b><\/span><\/h5>\n<h6><span style=\"font-weight: 400;\"><span style=\"color: #000000;\">Ara us demanem que sigueu previsors i us assabenteu de l\u2019hora que ser\u00e0 un cop arribeu al vostre dest\u00ed. Per aix\u00f2 \u00e9s important que treballeu aquestes fitxes sobre<\/span> <strong><a href=\"https:\/\/drive.google.com\/drive\/folders\/1dG86IgSXLG_Nq8TAoGVFtB9eXxPrL-pq?usp=sharing\" target=\"_blank\" rel=\"noopener noreferrer\">el calendari i les hores<\/a><\/strong>.\u00a0<\/span><\/h6>\n<h5><span style=\"color: #cc99ff;\"><b>PL\u00c0STICA<\/b><\/span><\/h5>\n<p><span style=\"font-weight: 400;\">Us enrecordeu que la setmana passada vau fer el vostre passaport per a poder viatjar? Doncs ara que sabeu quin ser\u00e0 el dest\u00ed del vostre viatge , heu de trobar el segell corresponent d\u2019aquell pa\u00eds i enganxar-ho. Si no el trobeu en aquest document que us pengem, el podeu dibuixar vosaltres mateixos!\u00a0 <\/span><a href=\"https:\/\/drive.google.com\/file\/d\/1Z1QMDO3fnarr72c6H0S93v1hjrjFyDIN\/view?usp=sharing\" target=\"_blank\" rel=\"noopener noreferrer\"><b>Segells passaport<\/b><\/a><\/p>\n<p><span style=\"font-weight: 400;\">Ara nom\u00e9s ens queda vestir-nos per marxar amb la nostra maleta de viatge! Us deixem un nino i moltes peces per a que el vestiu amb la roba m\u00e9s adequada en funci\u00f3 del vostre dest\u00ed.\u00a0 <\/span><a href=\"https:\/\/drive.google.com\/drive\/folders\/1c6nI1APRFMWJQTjAPc1VifwO5JZLfWuO?usp=sharing\" target=\"_blank\" rel=\"noopener noreferrer\"><span style=\"font-weight: 400;\"><b>Ninos retallables<\/b><\/span><\/a><\/p>\n<h5><span style=\"color: #cc99ff;\"><strong>ANGL\u00c8S\u00a0<span style=\"color: #00ccff;\"> <a style=\"color: #00ccff;\" href=\"https:\/\/drive.google.com\/file\/d\/1FgED7VkwO8NaSIoqnKiDkWmN5xAJB-VV\/view?usp=sharing\" target=\"_blank\" rel=\"noopener noreferrer\">cliqueu aqu\u00ed<\/a><\/span><\/strong><\/span><\/h5>\n<h5><span style=\"color: #cc99ff;\"><strong>M\u00daSICA\u00a0 \u00a0<a href=\"https:\/\/docs.google.com\/document\/d\/15yYJ0aDYxe5HBlRvckV0syejiGtT7izjVaXfuzJpkhw\/edit?usp=sharing\" target=\"_blank\" rel=\"noopener noreferrer\">cliqueu aqu\u00ed<\/a><\/strong><\/span><\/h5>\n<h5><span style=\"color: #cc99ff;\"><strong>Ed. F\u00cdSICA\u00a0 \u00a0<span style=\"color: #000000;\"><a href=\"https:\/\/drive.google.com\/open?id=1Afe9VI4j_lcu49-dyDo7qE2h8kxicofXzo0gbL_OgMI\" target=\"_blank\" rel=\"noopener noreferrer\">cliqueu aqu\u00ed<\/a><\/span><\/strong><\/span><\/h5>\n<p>&nbsp;<\/p>\n","protected":false},"excerpt":{"rendered":"<p>Hola nens i nenes! Esteu preparats per iniciar el vostre gran viatge? Doncs comencem! A on voleu anar? Esperem que totes les activitats que us vam proposar la setmana passada us hagin servit per decidir el vostre dest\u00ed.\u00a0 MEDI Busqueu el pa\u00eds on viatjareu en aquest mapa del m\u00f3n. MAPA Abans de fer aquest viatge [&hellip;]<\/p>\n","protected":false},"author":1,"featured_media":0,"comment_status":"closed","ping_status":"closed","sticky":false,"template":"","format":"standard","meta":{"_bbp_topic_count":0,"_bbp_reply_count":0,"_bbp_total_topic_count":0,"_bbp_total_reply_count":0,"_bbp_voice_count":0,"_bbp_anonymous_reply_count":0,"_bbp_topic_count_hidden":0,"_bbp_reply_count_hidden":0,"_bbp_forum_subforum_count":0,"site-sidebar-layout":"default","site-content-layout":"","ast-site-content-layout":"","site-content-style":"default","site-sidebar-style":"default","ast-global-header-display":"","ast-banner-title-visibility":"","ast-main-header-display":"","ast-hfb-above-header-display":"","ast-hfb-below-header-display":"","ast-hfb-mobile-header-display":"","site-post-title":"","ast-breadcrumbs-content":"","ast-featured-img":"","footer-sml-layout":"","theme-transparent-header-meta":"","adv-header-id-meta":"","stick-header-meta":"","header-above-stick-meta":"","header-main-stick-meta":"","header-below-stick-meta":"","astra-migrate-meta-layouts":"default","ast-page-background-enabled":"default","ast-page-background-meta":{"desktop":{"background-color":"var(--ast-global-color-4)","background-image":"","background-repeat":"repeat","background-position":"center center","background-size":"auto","background-attachment":"scroll","background-type":"","background-media":"","overlay-type":"","overlay-color":"","overlay-opacity":"","overlay-gradient":""},"tablet":{"background-color":"","background-image":"","background-repeat":"repeat","background-position":"center center","background-size":"auto","background-attachment":"scroll","background-type":"","background-media":"","overlay-type":"","overlay-color":"","overlay-opacity":"","overlay-gradient":""},"mobile":{"background-color":"","background-image":"","background-repeat":"repeat","background-position":"center center","background-size":"auto","background-attachment":"scroll","background-type":"","background-media":"","overlay-type":"","overlay-color":"","overlay-opacity":"","overlay-gradient":""}},"ast-content-background-meta":{"desktop":{"background-color":"var(--ast-global-color-5)","background-image":"","background-repeat":"repeat","background-position":"center center","background-size":"auto","background-attachment":"scroll","background-type":"","background-media":"","overlay-type":"","overlay-color":"","overlay-opacity":"","overlay-gradient":""},"tablet":{"background-color":"var(--ast-global-color-5)","background-image":"","background-repeat":"repeat","background-position":"center center","background-size":"auto","background-attachment":"scroll","background-type":"","background-media":"","overlay-type":"","overlay-color":"","overlay-opacity":"","overlay-gradient":""},"mobile":{"background-color":"var(--ast-global-color-5)","background-image":"","background-repeat":"repeat","background-position":"center center","background-size":"auto","background-attachment":"scroll","background-type":"","background-media":"","overlay-type":"","overlay-color":"","overlay-opacity":"","overlay-gradient":""}},"footnotes":""},"categories":[11,5],"tags":[342],"class_list":["post-11449","post","type-post","status-publish","format-standard","hentry","category-2n","category-primaria","tag-ens-quedem-a-casa"],"post_mailing_queue_ids":[],"_links":{"self":[{"href":"https:\/\/agora.xtec.cat\/escolamossencinto\/wp-json\/wp\/v2\/posts\/11449","targetHints":{"allow":["GET"]}}],"collection":[{"href":"https:\/\/agora.xtec.cat\/escolamossencinto\/wp-json\/wp\/v2\/posts"}],"about":[{"href":"https:\/\/agora.xtec.cat\/escolamossencinto\/wp-json\/wp\/v2\/types\/post"}],"author":[{"embeddable":true,"href":"https:\/\/agora.xtec.cat\/escolamossencinto\/wp-json\/wp\/v2\/users\/1"}],"replies":[{"embeddable":true,"href":"https:\/\/agora.xtec.cat\/escolamossencinto\/wp-json\/wp\/v2\/comments?post=11449"}],"version-history":[{"count":3,"href":"https:\/\/agora.xtec.cat\/escolamossencinto\/wp-json\/wp\/v2\/posts\/11449\/revisions"}],"predecessor-version":[{"id":11583,"href":"https:\/\/agora.xtec.cat\/escolamossencinto\/wp-json\/wp\/v2\/posts\/11449\/revisions\/11583"}],"wp:attachment":[{"href":"https:\/\/agora.xtec.cat\/escolamossencinto\/wp-json\/wp\/v2\/media?parent=11449"}],"wp:term":[{"taxonomy":"category","embeddable":true,"href":"https:\/\/agora.xtec.cat\/escolamossencinto\/wp-json\/wp\/v2\/categories?post=11449"},{"taxonomy":"post_tag","embeddable":true,"href":"https:\/\/agora.xtec.cat\/escolamossencinto\/wp-json\/wp\/v2\/tags?post=11449"}],"curies":[{"name":"wp","href":"https:\/\/api.w.org\/{rel}","templated":true}]}}