{"id":11242,"date":"2020-06-07T13:00:53","date_gmt":"2020-06-07T11:00:53","guid":{"rendered":"http:\/\/agora.xtec.cat\/escolamossencinto\/?p=11242"},"modified":"2020-06-07T15:14:29","modified_gmt":"2020-06-07T13:14:29","slug":"proposta-de-la-setmana-del-8-al-12-de-juny","status":"publish","type":"post","link":"https:\/\/agora.xtec.cat\/escolamossencinto\/infantil\/p3\/proposta-de-la-setmana-del-8-al-12-de-juny\/","title":{"rendered":"Proposta de la setmana del 8 al 12 de juny."},"content":{"rendered":"<p style=\"text-align: justify\">Hola nens i nenes de la classe dels bombers i les bomberes i dels i les policies!<\/p>\n<p style=\"text-align: justify\">Aquesta setmana us proposem el darrer repte de medi, escolteu el conte del &#8220;Peix irisat&#8221; de Marcus Pfister i despr\u00e9s feu un animal o els que volgueu que viuen a la mar! I despr\u00e9s per gaudir feu pompes de sab\u00f3!<\/p>\n<p><img loading=\"lazy\" decoding=\"async\" class=\"alignnone wp-image-11245\" src=\"https:\/\/agora.xtec.cat\/escolamossencinto\/wp-content\/uploads\/usu829\/2020\/06\/51qaPCcvC9L._SR500500_-300x300.jpg\" alt=\"\" width=\"234\" height=\"234\" srcset=\"https:\/\/agora.xtec.cat\/escolamossencinto\/wp-content\/uploads\/usu829\/2020\/06\/51qaPCcvC9L._SR500500_-300x300.jpg 300w, https:\/\/agora.xtec.cat\/escolamossencinto\/wp-content\/uploads\/usu829\/2020\/06\/51qaPCcvC9L._SR500500_-150x150.jpg 150w, https:\/\/agora.xtec.cat\/escolamossencinto\/wp-content\/uploads\/usu829\/2020\/06\/51qaPCcvC9L._SR500500_.jpg 500w\" sizes=\"auto, (max-width: 234px) 100vw, 234px\" \/> <img loading=\"lazy\" decoding=\"async\" class=\"alignnone wp-image-11246\" src=\"https:\/\/agora.xtec.cat\/escolamossencinto\/wp-content\/uploads\/usu829\/2020\/06\/Pompas-de-jabon-300x246.jpg\" alt=\"\" width=\"230\" height=\"189\" srcset=\"https:\/\/agora.xtec.cat\/escolamossencinto\/wp-content\/uploads\/usu829\/2020\/06\/Pompas-de-jabon-300x246.jpg 300w, https:\/\/agora.xtec.cat\/escolamossencinto\/wp-content\/uploads\/usu829\/2020\/06\/Pompas-de-jabon-768x629.jpg 768w, https:\/\/agora.xtec.cat\/escolamossencinto\/wp-content\/uploads\/usu829\/2020\/06\/Pompas-de-jabon.jpg 830w\" sizes=\"auto, (max-width: 230px) 100vw, 230px\" \/><\/p>\n<p style=\"text-align: justify\">Us deixem el link aqu\u00ed\u00a0<span style=\"font-family: inherit;font-size: 1em\">amb el PDF :<\/span><\/p>\n<p style=\"text-align: center\"><a href=\"https:\/\/drive.google.com\/file\/d\/1i6cj56JjrFf_4BcQPy3uqZEgry4w5btm\/view?usp=sharing\">https:\/\/drive.google.com\/file\/d\/1i6cj56JjrFf_4BcQPy3uqZEgry4w5btm\/view?usp=sharing<\/a><\/p>\n<p style=\"text-align: justify\">S\u00f3n propostes molt obertes i pensades per fer amb material que podeu tenir a casa. Els nens i les nenes tenen tota una setmana per acabar-les, no cal c\u00f3rrer!<\/p>\n<p style=\"text-align: justify\">Que gaudeixin del proc\u00e9s de fer-les i del moment que passen amb vosaltres!<\/p>\n<p style=\"text-align: justify\">La Dolors us anima a fer m\u00fasica que sabem que us agrada molt! i tamb\u00e9 us proposem unes activitats d&#8217;experimentaci\u00f3!<\/p>\n<p style=\"text-align: justify\">Recordeu enviar-nos fotos i v\u00eddeos ens agrada molt veure&#8217;ls i sentir-los parlar. Els videos els podeu compartir pel drive sin\u00f3 podeu adjuntar-los al correu electr\u00f2nic.<\/p>\n<p style=\"text-align: justify\">Nosaltres us contestarem de seguida que podem i publicarem les aportacions al bloc. Les podreu visualitzar a <strong>Fotos i v\u00eddeos EI3 anys<\/strong>, clicant a sobre de la foto del nom de la vostra classe.<\/p>\n<p style=\"text-align: justify\">Us recordem la direcci\u00f3 de correu electr\u00f2nic: <strong>promocio19-28@mcvrubi.cat<\/strong><\/p>\n<p style=\"text-align: justify\">Us estimem molt i us trobem a faltar.<\/p>\n<p style=\"text-align: justify\">N\u00faria i Eva.<\/p>\n","protected":false},"excerpt":{"rendered":"<p>Hola nens i nenes de la classe dels bombers i les bomberes i dels i les policies! Aquesta setmana us proposem el darrer repte de medi, escolteu el conte del &#8220;Peix irisat&#8221; de Marcus Pfister i despr\u00e9s feu un animal o els que volgueu que viuen a la mar! I despr\u00e9s per gaudir feu pompes [&hellip;]<\/p>\n","protected":false},"author":5,"featured_media":0,"comment_status":"closed","ping_status":"closed","sticky":false,"template":"","format":"standard","meta":{"_bbp_topic_count":0,"_bbp_reply_count":0,"_bbp_total_topic_count":0,"_bbp_total_reply_count":0,"_bbp_voice_count":0,"_bbp_anonymous_reply_count":0,"_bbp_topic_count_hidden":0,"_bbp_reply_count_hidden":0,"_bbp_forum_subforum_count":0,"site-sidebar-layout":"default","site-content-layout":"","ast-site-content-layout":"","site-content-style":"default","site-sidebar-style":"default","ast-global-header-display":"","ast-banner-title-visibility":"","ast-main-header-display":"","ast-hfb-above-header-display":"","ast-hfb-below-header-display":"","ast-hfb-mobile-header-display":"","site-post-title":"","ast-breadcrumbs-content":"","ast-featured-img":"","footer-sml-layout":"","theme-transparent-header-meta":"","adv-header-id-meta":"","stick-header-meta":"","header-above-stick-meta":"","header-main-stick-meta":"","header-below-stick-meta":"","astra-migrate-meta-layouts":"default","ast-page-background-enabled":"default","ast-page-background-meta":{"desktop":{"background-color":"var(--ast-global-color-4)","background-image":"","background-repeat":"repeat","background-position":"center center","background-size":"auto","background-attachment":"scroll","background-type":"","background-media":"","overlay-type":"","overlay-color":"","overlay-opacity":"","overlay-gradient":""},"tablet":{"background-color":"","background-image":"","background-repeat":"repeat","background-position":"center center","background-size":"auto","background-attachment":"scroll","background-type":"","background-media":"","overlay-type":"","overlay-color":"","overlay-opacity":"","overlay-gradient":""},"mobile":{"background-color":"","background-image":"","background-repeat":"repeat","background-position":"center center","background-size":"auto","background-attachment":"scroll","background-type":"","background-media":"","overlay-type":"","overlay-color":"","overlay-opacity":"","overlay-gradient":""}},"ast-content-background-meta":{"desktop":{"background-color":"var(--ast-global-color-5)","background-image":"","background-repeat":"repeat","background-position":"center center","background-size":"auto","background-attachment":"scroll","background-type":"","background-media":"","overlay-type":"","overlay-color":"","overlay-opacity":"","overlay-gradient":""},"tablet":{"background-color":"var(--ast-global-color-5)","background-image":"","background-repeat":"repeat","background-position":"center center","background-size":"auto","background-attachment":"scroll","background-type":"","background-media":"","overlay-type":"","overlay-color":"","overlay-opacity":"","overlay-gradient":""},"mobile":{"background-color":"var(--ast-global-color-5)","background-image":"","background-repeat":"repeat","background-position":"center center","background-size":"auto","background-attachment":"scroll","background-type":"","background-media":"","overlay-type":"","overlay-color":"","overlay-opacity":"","overlay-gradient":""}},"footnotes":""},"categories":[3],"tags":[],"class_list":["post-11242","post","type-post","status-publish","format-standard","hentry","category-p3"],"post_mailing_queue_ids":[],"_links":{"self":[{"href":"https:\/\/agora.xtec.cat\/escolamossencinto\/wp-json\/wp\/v2\/posts\/11242","targetHints":{"allow":["GET"]}}],"collection":[{"href":"https:\/\/agora.xtec.cat\/escolamossencinto\/wp-json\/wp\/v2\/posts"}],"about":[{"href":"https:\/\/agora.xtec.cat\/escolamossencinto\/wp-json\/wp\/v2\/types\/post"}],"author":[{"embeddable":true,"href":"https:\/\/agora.xtec.cat\/escolamossencinto\/wp-json\/wp\/v2\/users\/5"}],"replies":[{"embeddable":true,"href":"https:\/\/agora.xtec.cat\/escolamossencinto\/wp-json\/wp\/v2\/comments?post=11242"}],"version-history":[{"count":3,"href":"https:\/\/agora.xtec.cat\/escolamossencinto\/wp-json\/wp\/v2\/posts\/11242\/revisions"}],"predecessor-version":[{"id":11322,"href":"https:\/\/agora.xtec.cat\/escolamossencinto\/wp-json\/wp\/v2\/posts\/11242\/revisions\/11322"}],"wp:attachment":[{"href":"https:\/\/agora.xtec.cat\/escolamossencinto\/wp-json\/wp\/v2\/media?parent=11242"}],"wp:term":[{"taxonomy":"category","embeddable":true,"href":"https:\/\/agora.xtec.cat\/escolamossencinto\/wp-json\/wp\/v2\/categories?post=11242"},{"taxonomy":"post_tag","embeddable":true,"href":"https:\/\/agora.xtec.cat\/escolamossencinto\/wp-json\/wp\/v2\/tags?post=11242"}],"curies":[{"name":"wp","href":"https:\/\/api.w.org\/{rel}","templated":true}]}}