{"id":10263,"date":"2020-05-07T12:56:34","date_gmt":"2020-05-07T10:56:34","guid":{"rendered":"http:\/\/agora.xtec.cat\/escolamossencinto\/?p=10263"},"modified":"2020-07-21T12:50:15","modified_gmt":"2020-07-21T10:50:15","slug":"preinscripcio-i-matriculacio-curs-2020-2021","status":"publish","type":"post","link":"https:\/\/agora.xtec.cat\/escolamossencinto\/portada\/preinscripcio-i-matriculacio-curs-2020-2021\/","title":{"rendered":"Preinscripci\u00f3 i matriculaci\u00f3 curs 2020-2021"},"content":{"rendered":"<p>Benvolgudes i benvolguts,<\/p>\n<p>Aqu\u00ed anireu trobant totes les informacions rellevants sobre preinscripci\u00f3 i matriculaci\u00f3 del curs 20-21.<\/p>\n<h4><\/h4>\n<h4><strong>Contacte<\/strong>:<\/h4>\n<p>Podeu contactar-nos (\u00fanicament per temes de preinscripci\u00f3 i\/o matriculaci\u00f3):<\/p>\n<p>a8034060@xtec.cat o al tel\u00e8fon 935671602 a partir de dimecres 13 de maig de 9:00h a 13:30h.<\/p>\n<h4><\/h4>\n<h4><strong>Calendari preinscripci\u00f3:<\/strong><\/h4>\n<h4><strong style=\"font-family: inherit; font-size: 1em;\"><a href=\"http:\/\/queestudiar.gencat.cat\/ca\/preinscripcio\/estudis\/obligatoris\/calendari\/\">cliqueu<\/a><\/strong><a href=\"http:\/\/queestudiar.gencat.cat\/ca\/preinscripcio\/estudis\/obligatoris\/calendari\/\"> aqu\u00ed.<\/a><\/h4>\n<div class=\"FW_sPregunta FW_sImpacte\">\n<div class=\"FW_sArticleFoto\">\n<div class=\"FW_sEditPro\">\n<ul>\n<li>Oferta inicial de places escolars: 8 de maig de 2020<\/li>\n<li>Presentaci\u00f3 de sol\u00b7licituds en suport inform\u00e0tic:\u00a0<strong>del 13 al 22 de maig de 2020<\/strong><\/li>\n<li>\n<div>Presentaci\u00f3 de sol\u00b7licituds presencialment amb cita pr\u00e8via:\u00a0<strong>del 19 al 22 de maig de 2020<\/strong><\/div>\n<\/li>\n<li>Presentaci\u00f3 de documentaci\u00f3: fins al 25 de maig de 2020<\/li>\n<\/ul>\n<\/div>\n<\/div>\n<\/div>\n<p><strong>Av\u00eds: Les dates proposades del mes de juny i posteriors s\u00f3n provisionals i poden variar en funci\u00f3 de l&#8217;evoluci\u00f3 de la pand\u00e8mia.<\/strong><\/p>\n<ul>\n<li>Llista de sol\u00b7licituds amb la puntuaci\u00f3 provisional: 29 de maig de 2020<\/li>\n<li>Presentaci\u00f3 de reclamacions: del 2 al 5 de juny de 2020<\/li>\n<li>Llista de sol\u00b7licituds amb la puntuaci\u00f3 un cop resoltes les reclamacions: 9 de juny de 2020<\/li>\n<li>Sorteig del n\u00famero de desempat: 9 de juny de 2020, a les 11 h<\/li>\n<li>Llista ordenada definitiva: 11 de juny de 2020<\/li>\n<li>Ampliaci\u00f3 de petici\u00f3 de centres per a les sol\u00b7licituds que no han obtingut cap assignaci\u00f3 (assignaci\u00f3 d&#8217;ofici): del del 26 al 29 de juny de 2020<\/li>\n<li>Oferta final de places escolars: 6 de juliol de 2020<\/li>\n<li>Llista d&#8217;alumnes admesos i\u00a0llista d&#8217;espera: 7 de juliol\u00a0de 2020<\/li>\n<\/ul>\n<h4><strong>Oferta:<\/strong><\/h4>\n<div><a href=\"http:\/\/mapaescolar.gencat.cat\/\" target=\"_blank\" rel=\"noopener noreferrer\" data-saferedirecturl=\"https:\/\/www.google.com\/url?q=http:\/\/mapaescolar.gencat.cat\/&amp;source=gmail&amp;ust=1589611580398000&amp;usg=AFQjCNEcgvwjYw9YBfiq-bd0DM1kFSLTfQ\">Mapa escolar de la preinscripci\u00f3 curs 2020-2021<\/a>.<\/div>\n<div><\/div>\n<h4><\/h4>\n<h4><strong>Documentaci\u00f3 preinscripci\u00f3:<\/strong><\/h4>\n<p>Article 28 Llei 39\/2015 (del procediment com\u00fa de les administracions p\u00fabliques): Els interessats es responsabilitzen de la veracitat dels documents que presentin. Adreceu la documentaci\u00f3 en un correu electr\u00f2nic escanejada o ben fotografiada al nostre correu oficial: a8034060@xtec.cat amb el nom i cognoms de l&#8217;alumna\/e per preinscriure.<\/p>\n<h4><a href=\"http:\/\/queestudiar.gencat.cat\/ca\/preinscripcio\/estudis\/obligatoris\/documentacio\/\">cliqueu aqu\u00ed.<\/a><\/h4>\n<h4><\/h4>\n<h4><strong>Sol\u00b7licitud preinscripci\u00f3: (Ja disponible!).<\/strong><\/h4>\n<h4><a href=\"http:\/\/ensenyament.gencat.cat\/ca\/tramits\/tramits-temes\/20483_preinscripcio_escolar?moda=1\">cliqueu aqu\u00ed.<\/a><\/h4>\n<h4><\/h4>\n<h4><strong>Caldr\u00e0 evitar al m\u00e0xim els tr\u00e0mits presencials al centre, si realment \u00e9s necessari fer la sol\u00b7licitud al centre heu de tenir en compte el seg\u00fcent i ser molt curosos en les normes de civisme i, sobretot, demanar cita pr\u00e8via:<\/strong><\/h4>\n<h4><a href=\"https:\/\/aplicacions.gestioeducativa.gencat.cat\/pls\/apex\/f?p=CITA_PREVIA:4::::4:P4_TIPUS_CALENDARI,P4_DOMINI:01_Oblig,08034060\">cliqueu aqu\u00ed.<\/a> (Ja disponible).<\/h4>\n<ul>\n<li>Al centre ha de venir el menor nombre possible de persones a fer les gestions (preferiblement, una sola persona).<\/li>\n<li>Cal recordar que heu de portar la documentaci\u00f3 per a poder-la escanejar o fotocopiar i, si pot ser, la sol\u00b7licitud emplenada des de casa. En el cas que prevegeu que far\u00e0 falta emplenar la sol\u00b7licitud en paper, us recomanem que porteu el vostre propi bol\u00edgraf.<\/li>\n<li>Recordeu la recomanaci\u00f3 de portar mascareta i guants.<\/li>\n<li>No heu de venir al centre les persones de grups d&#8217;especial vulnerabilitat o en per\u00edode de confinament, o que presenteu s\u00edmptomes; en aquest cas, podeu autoritzar per escrit a una altra persona a portar la sol\u00b7licitud i la documentaci\u00f3.<\/li>\n<\/ul>\n<h4><strong>Consulta de resultats: BAREM!<\/strong><\/h4>\n<h4><a href=\"https:\/\/agora.xtec.cat\/escolamossencinto\/wp-content\/uploads\/usu829\/2020\/05\/INFORME_BAREM_RESOLTES_BAREM.pdf\">INFORME_BAREM_RESOLTES_BAREM<\/a><\/h4>\n<h4><\/h4>\n<h4><strong>Consulta llistat definitiu del barem de preinscripci\u00f3:<\/strong><\/h4>\n<h4><a href=\"https:\/\/agora.xtec.cat\/escolamossencinto\/wp-content\/uploads\/usu829\/2020\/05\/INFORME_BAREM_DEFINITIU_BAREM.pdf\">INFORME_BAREM_DEFINITIU_BAREM<\/a><\/h4>\n<h4><\/h4>\n<h4 class=\"FW_sPregunta FW_sImpacte\"><strong>Continu\u00eftats:<\/strong><\/h4>\n<p>L&#8217;alumnat que est\u00e0 matriculat a l&#8217;escola aquest curs 19-20 <strong>NO<\/strong> caldr\u00e0 que faci les confirmacions de matr\u00edcula, per exemple l&#8217;alumnat de EI 5 passa autom\u00e0ticament a 1r, i aix\u00ed en tots els casos. Els nous EI 3 i d&#8217;altres preinscripcions hauran de fer la preinscripci\u00f3 quan ho notifiquem.<\/p>\n<h4><\/h4>\n<h4><strong>Matr\u00edcula:<\/strong><\/h4>\n<div class=\"FW_sArticleFoto\">\n<div class=\"FW_sEditPro\">\n<ul>\n<li>Alumnes preinscrits amb pla\u00e7a assignada a segon cicle d&#8217;educaci\u00f3 infantil, educaci\u00f3 prim\u00e0ria i ESO:\u00a0<strong>del 13 al 17 de juliol de 2020<\/strong><\/li>\n<\/ul>\n<p>Ja podeu demanar cita pr\u00e8via des del 6 de juliol, no est\u00e0 previst atendre ning\u00fa sense cita pr\u00e8via!<\/p>\n<h4><a href=\"https:\/\/aplicacions.gestioeducativa.gencat.cat\/pls\/apex\/f?p=CITA_PREVIA:4::::4:P4_TIPUS_CALENDARI,P4_DOMINI:03_Oblig,08034060\"><strong>Cita pr\u00e8via per matricular-se<\/strong><\/a><\/h4>\n<p>La llista d&#8217;alumnes matriculats al centre procedents del\u00a0proc\u00e9s de preinscripci\u00f3 i admissi\u00f3 es publica el 30 de setembre de 2020.<\/p>\n<\/div>\n<\/div>\n<div>M\u00e9s informaci\u00f3 a la p\u00e0gina web:<\/div>\n<div><\/div>\n<div><\/div>\n<div><a href=\"http:\/\/queestudiar.gencat.cat\/ca\/index.html\"><img loading=\"lazy\" decoding=\"async\" class=\"alignnone wp-image-10270 size-full\" src=\"https:\/\/agora.xtec.cat\/escolamossencinto\/wp-content\/uploads\/usu829\/2020\/05\/Captura.jpg\" alt=\"\" width=\"631\" height=\"127\" srcset=\"https:\/\/agora.xtec.cat\/escolamossencinto\/wp-content\/uploads\/usu829\/2020\/05\/Captura.jpg 631w, https:\/\/agora.xtec.cat\/escolamossencinto\/wp-content\/uploads\/usu829\/2020\/05\/Captura-300x60.jpg 300w\" sizes=\"auto, (max-width: 631px) 100vw, 631px\" \/><\/a><\/div>\n<h4><\/h4>\n<div><\/div>\n<div><\/div>\n<div>Moltes gr\u00e0cies!<\/div>\n<div><\/div>\n<div>Equip directiu.<\/div>\n","protected":false},"excerpt":{"rendered":"<p>Benvolgudes i benvolguts, Aqu\u00ed anireu trobant totes les informacions rellevants sobre preinscripci\u00f3 i matriculaci\u00f3 del curs 20-21. Contacte: Podeu contactar-nos (\u00fanicament per temes de preinscripci\u00f3 i\/o matriculaci\u00f3): a8034060@xtec.cat o al tel\u00e8fon 935671602 a partir de dimecres 13 de maig de 9:00h a 13:30h. Calendari preinscripci\u00f3: cliqueu aqu\u00ed. Oferta inicial de places escolars: 8 de maig [&hellip;]<\/p>\n","protected":false},"author":1,"featured_media":0,"comment_status":"closed","ping_status":"closed","sticky":false,"template":"","format":"standard","meta":{"_bbp_topic_count":0,"_bbp_reply_count":0,"_bbp_total_topic_count":0,"_bbp_total_reply_count":0,"_bbp_voice_count":0,"_bbp_anonymous_reply_count":0,"_bbp_topic_count_hidden":0,"_bbp_reply_count_hidden":0,"_bbp_forum_subforum_count":0,"site-sidebar-layout":"default","site-content-layout":"","ast-site-content-layout":"","site-content-style":"default","site-sidebar-style":"default","ast-global-header-display":"","ast-banner-title-visibility":"","ast-main-header-display":"","ast-hfb-above-header-display":"","ast-hfb-below-header-display":"","ast-hfb-mobile-header-display":"","site-post-title":"","ast-breadcrumbs-content":"","ast-featured-img":"","footer-sml-layout":"","theme-transparent-header-meta":"","adv-header-id-meta":"","stick-header-meta":"","header-above-stick-meta":"","header-main-stick-meta":"","header-below-stick-meta":"","astra-migrate-meta-layouts":"default","ast-page-background-enabled":"default","ast-page-background-meta":{"desktop":{"background-color":"var(--ast-global-color-4)","background-image":"","background-repeat":"repeat","background-position":"center center","background-size":"auto","background-attachment":"scroll","background-type":"","background-media":"","overlay-type":"","overlay-color":"","overlay-opacity":"","overlay-gradient":""},"tablet":{"background-color":"","background-image":"","background-repeat":"repeat","background-position":"center center","background-size":"auto","background-attachment":"scroll","background-type":"","background-media":"","overlay-type":"","overlay-color":"","overlay-opacity":"","overlay-gradient":""},"mobile":{"background-color":"","background-image":"","background-repeat":"repeat","background-position":"center center","background-size":"auto","background-attachment":"scroll","background-type":"","background-media":"","overlay-type":"","overlay-color":"","overlay-opacity":"","overlay-gradient":""}},"ast-content-background-meta":{"desktop":{"background-color":"var(--ast-global-color-5)","background-image":"","background-repeat":"repeat","background-position":"center center","background-size":"auto","background-attachment":"scroll","background-type":"","background-media":"","overlay-type":"","overlay-color":"","overlay-opacity":"","overlay-gradient":""},"tablet":{"background-color":"var(--ast-global-color-5)","background-image":"","background-repeat":"repeat","background-position":"center center","background-size":"auto","background-attachment":"scroll","background-type":"","background-media":"","overlay-type":"","overlay-color":"","overlay-opacity":"","overlay-gradient":""},"mobile":{"background-color":"var(--ast-global-color-5)","background-image":"","background-repeat":"repeat","background-position":"center center","background-size":"auto","background-attachment":"scroll","background-type":"","background-media":"","overlay-type":"","overlay-color":"","overlay-opacity":"","overlay-gradient":""}},"footnotes":""},"categories":[4],"tags":[385,384,386,302],"class_list":["post-10263","post","type-post","status-publish","format-standard","hentry","category-portada","tag-20-21","tag-matriculacio","tag-nous-ei-3","tag-preinscripcio"],"post_mailing_queue_ids":[],"_links":{"self":[{"href":"https:\/\/agora.xtec.cat\/escolamossencinto\/wp-json\/wp\/v2\/posts\/10263","targetHints":{"allow":["GET"]}}],"collection":[{"href":"https:\/\/agora.xtec.cat\/escolamossencinto\/wp-json\/wp\/v2\/posts"}],"about":[{"href":"https:\/\/agora.xtec.cat\/escolamossencinto\/wp-json\/wp\/v2\/types\/post"}],"author":[{"embeddable":true,"href":"https:\/\/agora.xtec.cat\/escolamossencinto\/wp-json\/wp\/v2\/users\/1"}],"replies":[{"embeddable":true,"href":"https:\/\/agora.xtec.cat\/escolamossencinto\/wp-json\/wp\/v2\/comments?post=10263"}],"version-history":[{"count":4,"href":"https:\/\/agora.xtec.cat\/escolamossencinto\/wp-json\/wp\/v2\/posts\/10263\/revisions"}],"predecessor-version":[{"id":11781,"href":"https:\/\/agora.xtec.cat\/escolamossencinto\/wp-json\/wp\/v2\/posts\/10263\/revisions\/11781"}],"wp:attachment":[{"href":"https:\/\/agora.xtec.cat\/escolamossencinto\/wp-json\/wp\/v2\/media?parent=10263"}],"wp:term":[{"taxonomy":"category","embeddable":true,"href":"https:\/\/agora.xtec.cat\/escolamossencinto\/wp-json\/wp\/v2\/categories?post=10263"},{"taxonomy":"post_tag","embeddable":true,"href":"https:\/\/agora.xtec.cat\/escolamossencinto\/wp-json\/wp\/v2\/tags?post=10263"}],"curies":[{"name":"wp","href":"https:\/\/api.w.org\/{rel}","templated":true}]}}