{"id":4673,"date":"2026-03-11T09:51:30","date_gmt":"2026-03-11T08:51:30","guid":{"rendered":"https:\/\/agora.xtec.cat\/escolamontserratsola\/?p=4673"},"modified":"2026-03-20T16:09:32","modified_gmt":"2026-03-20T15:09:32","slug":"la-nostra-escola-als-mitjans-de-comunicacio","status":"publish","type":"post","link":"https:\/\/agora.xtec.cat\/escolamontserratsola\/general\/la-nostra-escola-als-mitjans-de-comunicacio\/","title":{"rendered":"La nostra escola als mitjans de comunicaci\u00f3"},"content":{"rendered":"<p class=\"cvGsUA direction-ltr align-justify para-style-body\"><span style=\"font-size: 16px;\">Entre els mesos de desembre i febrer hem participat en dos programes de r\u00e0dio i en un reportatge televisiu amb els infants de Mitjans i de Grans.<\/span><\/p>\n<p><span class=\"a_GcMg font-feature-liga-off font-feature-clig-off font-feature-calt-off text-decoration-none text-strikethrough-none\">El 16 de desembre, un grup de mestres i d&#8217;infants del cicle de Grans va participar en el <\/span>programa de r\u00e0dio del MEM, Educaci\u00f3 dia a dia<span class=\"a_GcMg font-feature-liga-off font-feature-clig-off font-feature-calt-off text-decoration-none text-strikethrough-none\"> per parlar sobre <a href=\"https:\/\/go.ivoox.com\/rf\/164344841\">l\u2019art contemporani a l\u2019escola<\/a>. Posteriorment, e<\/span><span class=\"a_GcMg font-feature-liga-off font-feature-clig-off font-feature-calt-off text-decoration-none text-strikethrough-none\">l 18 de febrer, el cicle de Mitjans va col\u00b7laborar en el mateix programa radiof\u00f2nic <\/span><span class=\"a_GcMg font-feature-liga-off font-feature-clig-off font-feature-calt-off text-decoration-none text-strikethrough-none\">per tractar el tema del <a href=\"https:\/\/www.ivoox.com\/educacio-dia-a-dia-24-02-2026-audios-mp3_rf_169392567_1.html\">reciclatge<\/a>. Aquestes dues experi\u00e8ncies han perm\u00e8s compartir dues situacions d&#8217;aprenentatge que els infants viuen a l&#8217;escola: la primera vinculada al nostre projecte d&#8217;art i la segona amb l&#8217;educaci\u00f3 per a la sostenibilitat.<\/span><\/p>\n<p><span class=\"a_GcMg font-feature-liga-off font-feature-clig-off font-feature-calt-off text-decoration-none text-strikethrough-none\">D&#8217;altra banda, el dia 26 de febrer, a l\u2019InfoK, es va emetre el reportatge <a class=\"a_GcMg font-feature-liga-off font-feature-clig-off font-feature-calt-off text-decoration-underline text-strikethrough-none\" draggable=\"false\" href=\"https:\/\/www.3cat.cat\/tv3\/sx3\/tresors-a-la-platja\/video\/6389584\/\" target=\"_blank\" rel=\"noopener\">Tresors a la platja<\/a>. E<\/span><span class=\"a_GcMg font-feature-liga-off font-feature-clig-off font-feature-calt-off text-decoration-none text-strikethrough-none\">l periodista Miquel Piris va convidar un grup de nens i nenes de sis\u00e8 de la nostra escola a participar en un rodatge amb el cient\u00edfic Arnau Boada a la platja de Matar\u00f3. El reportatge es va emetre pocs dies abans de la primera edici\u00f3 de la Mineral Expo de Barcelona Sants, que es va celebrar els dies 27, 28 de febrer i 1 de mar\u00e7 a les Cotxeres de Sants.<\/span><\/p>\n<p>Aquestes experi\u00e8ncies han estat una oportunitat molt enriquidora perqu\u00e8 els infants puguin explicar en primera persona all\u00f2 que aprenen a l\u2019escola i, al mateix temps, apropar el nostre projecte educatiu a la comunitat. Participar en espais de comunicaci\u00f3 reals els permet desenvolupar habilitats d\u2019expressi\u00f3, de reflexi\u00f3 i de treball en equip, alhora que dona visibilitat a les iniciatives i projectes que formen part del dia a dia de l\u2019escola.<\/p>\n<p>Us deixem unes imatges del rodatge a la platja:<\/p>\n<p><a href=\"https:\/\/agora.xtec.cat\/escolamontserratsola\/wp-content\/uploads\/usu1322\/2026\/03\/INFO-k-5-COLLAGE.jpg\"><img loading=\"lazy\" decoding=\"async\" class=\"alignnone wp-image-4712 size-full\" src=\"https:\/\/agora.xtec.cat\/escolamontserratsola\/wp-content\/uploads\/usu1322\/2026\/03\/INFO-k-5-COLLAGE.jpg\" alt=\"\" width=\"1215\" height=\"1215\" srcset=\"https:\/\/agora.xtec.cat\/escolamontserratsola\/wp-content\/uploads\/usu1322\/2026\/03\/INFO-k-5-COLLAGE.jpg 1215w, https:\/\/agora.xtec.cat\/escolamontserratsola\/wp-content\/uploads\/usu1322\/2026\/03\/INFO-k-5-COLLAGE-300x300.jpg 300w, https:\/\/agora.xtec.cat\/escolamontserratsola\/wp-content\/uploads\/usu1322\/2026\/03\/INFO-k-5-COLLAGE-1024x1024.jpg 1024w, https:\/\/agora.xtec.cat\/escolamontserratsola\/wp-content\/uploads\/usu1322\/2026\/03\/INFO-k-5-COLLAGE-150x150.jpg 150w, https:\/\/agora.xtec.cat\/escolamontserratsola\/wp-content\/uploads\/usu1322\/2026\/03\/INFO-k-5-COLLAGE-768x768.jpg 768w\" sizes=\"auto, (max-width: 1215px) 100vw, 1215px\" \/><\/a><span style=\"font-size: 16px;\">\u00a0<\/span><\/p>\n","protected":false},"excerpt":{"rendered":"<p>Entre els mesos de desembre i febrer hem participat en dos programes de r\u00e0dio i en un reportatge televisiu amb els infants de Mitjans i de Grans. El 16 de desembre, un grup de mestres i d&#8217;infants del cicle de Grans va participar en el programa de r\u00e0dio del MEM, Educaci\u00f3 dia a dia per [&hellip;]<\/p>\n","protected":false},"author":1,"featured_media":4686,"comment_status":"closed","ping_status":"open","sticky":false,"template":"","format":"standard","meta":{"_bbp_topic_count":0,"_bbp_reply_count":0,"_bbp_total_topic_count":0,"_bbp_total_reply_count":0,"_bbp_voice_count":0,"_bbp_anonymous_reply_count":0,"_bbp_topic_count_hidden":0,"_bbp_reply_count_hidden":0,"_bbp_forum_subforum_count":0,"site-sidebar-layout":"default","site-content-layout":"","ast-site-content-layout":"default","site-content-style":"default","site-sidebar-style":"default","ast-global-header-display":"","ast-banner-title-visibility":"","ast-main-header-display":"","ast-hfb-above-header-display":"","ast-hfb-below-header-display":"","ast-hfb-mobile-header-display":"","site-post-title":"","ast-breadcrumbs-content":"","ast-featured-img":"","footer-sml-layout":"","theme-transparent-header-meta":"default","adv-header-id-meta":"","stick-header-meta":"","header-above-stick-meta":"","header-main-stick-meta":"","header-below-stick-meta":"","astra-migrate-meta-layouts":"set","ast-page-background-enabled":"default","ast-page-background-meta":{"desktop":{"background-color":"var(--ast-global-color-4)","background-image":"","background-repeat":"repeat","background-position":"center center","background-size":"auto","background-attachment":"scroll","background-type":"","background-media":"","overlay-type":"","overlay-color":"","overlay-opacity":"","overlay-gradient":""},"tablet":{"background-color":"","background-image":"","background-repeat":"repeat","background-position":"center center","background-size":"auto","background-attachment":"scroll","background-type":"","background-media":"","overlay-type":"","overlay-color":"","overlay-opacity":"","overlay-gradient":""},"mobile":{"background-color":"","background-image":"","background-repeat":"repeat","background-position":"center center","background-size":"auto","background-attachment":"scroll","background-type":"","background-media":"","overlay-type":"","overlay-color":"","overlay-opacity":"","overlay-gradient":""}},"ast-content-background-meta":{"desktop":{"background-color":"var(--ast-global-color-5)","background-image":"","background-repeat":"repeat","background-position":"center center","background-size":"auto","background-attachment":"scroll","background-type":"","background-media":"","overlay-type":"","overlay-color":"","overlay-opacity":"","overlay-gradient":""},"tablet":{"background-color":"var(--ast-global-color-5)","background-image":"","background-repeat":"repeat","background-position":"center center","background-size":"auto","background-attachment":"scroll","background-type":"","background-media":"","overlay-type":"","overlay-color":"","overlay-opacity":"","overlay-gradient":""},"mobile":{"background-color":"var(--ast-global-color-5)","background-image":"","background-repeat":"repeat","background-position":"center center","background-size":"auto","background-attachment":"scroll","background-type":"","background-media":"","overlay-type":"","overlay-color":"","overlay-opacity":"","overlay-gradient":""}},"footnotes":""},"categories":[1,4],"tags":[],"class_list":["post-4673","post","type-post","status-publish","format-standard","has-post-thumbnail","hentry","category-general","category-portada"],"post_mailing_queue_ids":[],"_links":{"self":[{"href":"https:\/\/agora.xtec.cat\/escolamontserratsola\/wp-json\/wp\/v2\/posts\/4673","targetHints":{"allow":["GET"]}}],"collection":[{"href":"https:\/\/agora.xtec.cat\/escolamontserratsola\/wp-json\/wp\/v2\/posts"}],"about":[{"href":"https:\/\/agora.xtec.cat\/escolamontserratsola\/wp-json\/wp\/v2\/types\/post"}],"author":[{"embeddable":true,"href":"https:\/\/agora.xtec.cat\/escolamontserratsola\/wp-json\/wp\/v2\/users\/1"}],"replies":[{"embeddable":true,"href":"https:\/\/agora.xtec.cat\/escolamontserratsola\/wp-json\/wp\/v2\/comments?post=4673"}],"version-history":[{"count":4,"href":"https:\/\/agora.xtec.cat\/escolamontserratsola\/wp-json\/wp\/v2\/posts\/4673\/revisions"}],"predecessor-version":[{"id":4713,"href":"https:\/\/agora.xtec.cat\/escolamontserratsola\/wp-json\/wp\/v2\/posts\/4673\/revisions\/4713"}],"wp:featuredmedia":[{"embeddable":true,"href":"https:\/\/agora.xtec.cat\/escolamontserratsola\/wp-json\/wp\/v2\/media\/4686"}],"wp:attachment":[{"href":"https:\/\/agora.xtec.cat\/escolamontserratsola\/wp-json\/wp\/v2\/media?parent=4673"}],"wp:term":[{"taxonomy":"category","embeddable":true,"href":"https:\/\/agora.xtec.cat\/escolamontserratsola\/wp-json\/wp\/v2\/categories?post=4673"},{"taxonomy":"post_tag","embeddable":true,"href":"https:\/\/agora.xtec.cat\/escolamontserratsola\/wp-json\/wp\/v2\/tags?post=4673"}],"curies":[{"name":"wp","href":"https:\/\/api.w.org\/{rel}","templated":true}]}}