{"id":4645,"date":"2026-03-05T05:26:44","date_gmt":"2026-03-05T04:26:44","guid":{"rendered":"https:\/\/agora.xtec.cat\/escolamontserratsola\/?p=4645"},"modified":"2026-03-20T16:06:41","modified_gmt":"2026-03-20T15:06:41","slug":"celebrem-el-dia-internacional-de-les-llengues-maternes","status":"publish","type":"post","link":"https:\/\/agora.xtec.cat\/escolamontserratsola\/general\/celebrem-el-dia-internacional-de-les-llengues-maternes\/","title":{"rendered":"Celebrem el Dia Internacional de les Lleng\u00fces maternes"},"content":{"rendered":"<p>La setmana del 16 al 22 de febrer, vam dur a terme diverses activitats per celebrar el Dia Internacional de les Lleng\u00fces Maternes. Ha estat una experi\u00e8ncia enriquidora que ens va permetre posar en valor la riquesa ling\u00fc\u00edstica de la nostra comunitat educativa.<\/p>\n<p>Cada mat\u00ed, a les hores d&#8217;entrada a l\u2019escola, vam escoltar can\u00e7ons en algunes de les lleng\u00fces que parlen els nostres infants. Tamb\u00e9 vam fer una exposici\u00f3 amb un recull de contes de diferents pa\u00efsos i idiomes, ampliant aix\u00ed la nostra mirada al m\u00f3n a trav\u00e9s de la literatura.<\/p>\n<p>A m\u00e9s, vam crear un mural col\u00b7lectiu amb salutacions en diverses lleng\u00fces, que ara omple de colors i paraules el nostre centre. Per acabar la setmana, i durant l&#8217;estona del pati obert dels divendres, vam gaudir d\u2019un tastet de contes narrats en diferents idiomes, amb la valuosa col\u00b7laboraci\u00f3 de cinc fam\u00edlies de l\u2019escola.<\/p>\n<p>Moltes gr\u00e0cies a totes les persones que hi heu participat! Donar visibilitat a les lleng\u00fces que conviuen a l\u2019escola ens ajuda a fomentar el respecte, la conviv\u00e8ncia i la interculturalitat.<\/p>\n<p>Us compartim un petit recull de fotografies que reflecteixen tot el que vam viure i vam compartir.<a href=\"https:\/\/agora.xtec.cat\/escolamontserratsola\/wp-content\/uploads\/usu1322\/2026\/03\/IMG_20260220_163138-COLLAGE.jpg\"><img loading=\"lazy\" decoding=\"async\" class=\"aligncenter wp-image-4646 size-full\" src=\"https:\/\/agora.xtec.cat\/escolamontserratsola\/wp-content\/uploads\/usu1322\/2026\/03\/IMG_20260220_163138-COLLAGE.jpg\" alt=\"\" width=\"2046\" height=\"2046\" srcset=\"https:\/\/agora.xtec.cat\/escolamontserratsola\/wp-content\/uploads\/usu1322\/2026\/03\/IMG_20260220_163138-COLLAGE.jpg 2046w, https:\/\/agora.xtec.cat\/escolamontserratsola\/wp-content\/uploads\/usu1322\/2026\/03\/IMG_20260220_163138-COLLAGE-300x300.jpg 300w, https:\/\/agora.xtec.cat\/escolamontserratsola\/wp-content\/uploads\/usu1322\/2026\/03\/IMG_20260220_163138-COLLAGE-1024x1024.jpg 1024w, https:\/\/agora.xtec.cat\/escolamontserratsola\/wp-content\/uploads\/usu1322\/2026\/03\/IMG_20260220_163138-COLLAGE-150x150.jpg 150w, https:\/\/agora.xtec.cat\/escolamontserratsola\/wp-content\/uploads\/usu1322\/2026\/03\/IMG_20260220_163138-COLLAGE-768x768.jpg 768w, https:\/\/agora.xtec.cat\/escolamontserratsola\/wp-content\/uploads\/usu1322\/2026\/03\/IMG_20260220_163138-COLLAGE-1536x1536.jpg 1536w\" sizes=\"auto, (max-width: 2046px) 100vw, 2046px\" \/><\/a><\/p>\n","protected":false},"excerpt":{"rendered":"<p>La setmana del 16 al 22 de febrer, vam dur a terme diverses activitats per celebrar el Dia Internacional de les Lleng\u00fces Maternes. Ha estat una experi\u00e8ncia enriquidora que ens va permetre posar en valor la riquesa ling\u00fc\u00edstica de la nostra comunitat educativa. Cada mat\u00ed, a les hores d&#8217;entrada a l\u2019escola, vam escoltar can\u00e7ons en [&hellip;]<\/p>\n","protected":false},"author":1,"featured_media":4647,"comment_status":"closed","ping_status":"open","sticky":false,"template":"","format":"standard","meta":{"_bbp_topic_count":0,"_bbp_reply_count":0,"_bbp_total_topic_count":0,"_bbp_total_reply_count":0,"_bbp_voice_count":0,"_bbp_anonymous_reply_count":0,"_bbp_topic_count_hidden":0,"_bbp_reply_count_hidden":0,"_bbp_forum_subforum_count":0,"site-sidebar-layout":"default","site-content-layout":"","ast-site-content-layout":"default","site-content-style":"default","site-sidebar-style":"default","ast-global-header-display":"","ast-banner-title-visibility":"","ast-main-header-display":"","ast-hfb-above-header-display":"","ast-hfb-below-header-display":"","ast-hfb-mobile-header-display":"","site-post-title":"","ast-breadcrumbs-content":"","ast-featured-img":"","footer-sml-layout":"","theme-transparent-header-meta":"default","adv-header-id-meta":"","stick-header-meta":"","header-above-stick-meta":"","header-main-stick-meta":"","header-below-stick-meta":"","astra-migrate-meta-layouts":"set","ast-page-background-enabled":"default","ast-page-background-meta":{"desktop":{"background-color":"var(--ast-global-color-4)","background-image":"","background-repeat":"repeat","background-position":"center center","background-size":"auto","background-attachment":"scroll","background-type":"","background-media":"","overlay-type":"","overlay-color":"","overlay-opacity":"","overlay-gradient":""},"tablet":{"background-color":"","background-image":"","background-repeat":"repeat","background-position":"center center","background-size":"auto","background-attachment":"scroll","background-type":"","background-media":"","overlay-type":"","overlay-color":"","overlay-opacity":"","overlay-gradient":""},"mobile":{"background-color":"","background-image":"","background-repeat":"repeat","background-position":"center center","background-size":"auto","background-attachment":"scroll","background-type":"","background-media":"","overlay-type":"","overlay-color":"","overlay-opacity":"","overlay-gradient":""}},"ast-content-background-meta":{"desktop":{"background-color":"var(--ast-global-color-5)","background-image":"","background-repeat":"repeat","background-position":"center center","background-size":"auto","background-attachment":"scroll","background-type":"","background-media":"","overlay-type":"","overlay-color":"","overlay-opacity":"","overlay-gradient":""},"tablet":{"background-color":"var(--ast-global-color-5)","background-image":"","background-repeat":"repeat","background-position":"center center","background-size":"auto","background-attachment":"scroll","background-type":"","background-media":"","overlay-type":"","overlay-color":"","overlay-opacity":"","overlay-gradient":""},"mobile":{"background-color":"var(--ast-global-color-5)","background-image":"","background-repeat":"repeat","background-position":"center center","background-size":"auto","background-attachment":"scroll","background-type":"","background-media":"","overlay-type":"","overlay-color":"","overlay-opacity":"","overlay-gradient":""}},"footnotes":""},"categories":[1,4],"tags":[],"class_list":["post-4645","post","type-post","status-publish","format-standard","has-post-thumbnail","hentry","category-general","category-portada"],"post_mailing_queue_ids":[],"_links":{"self":[{"href":"https:\/\/agora.xtec.cat\/escolamontserratsola\/wp-json\/wp\/v2\/posts\/4645","targetHints":{"allow":["GET"]}}],"collection":[{"href":"https:\/\/agora.xtec.cat\/escolamontserratsola\/wp-json\/wp\/v2\/posts"}],"about":[{"href":"https:\/\/agora.xtec.cat\/escolamontserratsola\/wp-json\/wp\/v2\/types\/post"}],"author":[{"embeddable":true,"href":"https:\/\/agora.xtec.cat\/escolamontserratsola\/wp-json\/wp\/v2\/users\/1"}],"replies":[{"embeddable":true,"href":"https:\/\/agora.xtec.cat\/escolamontserratsola\/wp-json\/wp\/v2\/comments?post=4645"}],"version-history":[{"count":2,"href":"https:\/\/agora.xtec.cat\/escolamontserratsola\/wp-json\/wp\/v2\/posts\/4645\/revisions"}],"predecessor-version":[{"id":4650,"href":"https:\/\/agora.xtec.cat\/escolamontserratsola\/wp-json\/wp\/v2\/posts\/4645\/revisions\/4650"}],"wp:featuredmedia":[{"embeddable":true,"href":"https:\/\/agora.xtec.cat\/escolamontserratsola\/wp-json\/wp\/v2\/media\/4647"}],"wp:attachment":[{"href":"https:\/\/agora.xtec.cat\/escolamontserratsola\/wp-json\/wp\/v2\/media?parent=4645"}],"wp:term":[{"taxonomy":"category","embeddable":true,"href":"https:\/\/agora.xtec.cat\/escolamontserratsola\/wp-json\/wp\/v2\/categories?post=4645"},{"taxonomy":"post_tag","embeddable":true,"href":"https:\/\/agora.xtec.cat\/escolamontserratsola\/wp-json\/wp\/v2\/tags?post=4645"}],"curies":[{"name":"wp","href":"https:\/\/api.w.org\/{rel}","templated":true}]}}